{"id":44878,"date":"2018-04-13T11:37:59","date_gmt":"2018-04-13T16:37:59","guid":{"rendered":"https:\/\/www.uv.mx\/prensa\/?p=44878"},"modified":"2021-10-22T10:14:18","modified_gmt":"2021-10-22T15:14:18","slug":"pedagogia-establecio-convenio-con-la-cmic","status":"publish","type":"post","link":"https:\/\/www.uv.mx\/prensa\/general\/pedagogia-establecio-convenio-con-la-cmic\/","title":{"rendered":"Pedagog\u00eda estableci\u00f3 convenio con la CMIC"},"content":{"rendered":"<ul>\n<li><em>Es parte de la b\u00fasqueda de nuevos campos laborales para el pedagogo<\/em><\/li>\n<\/ul>\n<div id=\"attachment_44879\" style=\"width: 732px\" class=\"wp-caption aligncenter\"><a href=\"https:\/\/www.uv.mx\/prensa\/files\/2018\/04\/130418-Convenio-Pedagogia-1-100k.jpg\"><img loading=\"lazy\" decoding=\"async\" aria-describedby=\"caption-attachment-44879\" class=\"size-full wp-image-44879\" src=\"https:\/\/www.uv.mx\/prensa\/files\/2018\/04\/130418-Convenio-Pedagogia-1-100k.jpg\" alt=\"\" width=\"722\" height=\"481\" srcset=\"https:\/\/www.uv.mx\/prensa\/files\/2018\/04\/130418-Convenio-Pedagogia-1-100k.jpg 722w, https:\/\/www.uv.mx\/prensa\/files\/2018\/04\/130418-Convenio-Pedagogia-1-100k-300x200.jpg 300w\" sizes=\"auto, (max-width: 722px) 100vw, 722px\" \/><\/a><p id=\"caption-attachment-44879\" class=\"wp-caption-text\">Autoridades universitarias y empresarios celebraron la firma del convenio<\/p><\/div>\n<p>&nbsp;<\/p>\n<p><strong><em>Karina de la Paz Reyes D\u00edaz<\/em><\/strong><\/p>\n<p><strong><em>13\/04\/2018, Xalapa, Ver.-<\/em><\/strong>La <a href=\"https:\/\/www.uv.mx\/pedagogia\/\" target=\"_blank\" rel=\"noopener\">Facultad de Pedagog\u00eda<\/a> de la Universidad Veracruzana (UV) estableci\u00f3 un convenio de colaboraci\u00f3n espec\u00edfico con la C\u00e1mara Mexicana de la Industria de la Construcci\u00f3n (CMIC), delegaci\u00f3n Veracruz-Centro.<\/p>\n<p>La presentaci\u00f3n se realiz\u00f3 el jueves 12 de abril en la entidad educativa, ubicada en el Campus Sur, ante autoridades universitarias, acad\u00e9micos y estudiantes.<\/p>\n<p>Roc\u00edo Liliana Gonz\u00e1lez Guerrero, directora de la Facultad, record\u00f3 que para un convenio de colaboraci\u00f3n espec\u00edfico debe existir previamente uno marco.<\/p>\n<p>Enseguida, destac\u00f3 que desde el inicio de su administraci\u00f3n se dio a la tarea de saber d\u00f3nde desarrollaban los estudiantes sus pr\u00e1cticas profesionales y servicio social, y en su mayor\u00eda estaban en el \u00e1mbito de la educaci\u00f3n formal.<\/p>\n<div id=\"attachment_44881\" style=\"width: 732px\" class=\"wp-caption aligncenter\"><a href=\"https:\/\/www.uv.mx\/prensa\/files\/2018\/04\/130418-Convenio-Pedagogia-2-100k.jpg\"><img loading=\"lazy\" decoding=\"async\" aria-describedby=\"caption-attachment-44881\" class=\"size-full wp-image-44881\" src=\"https:\/\/www.uv.mx\/prensa\/files\/2018\/04\/130418-Convenio-Pedagogia-2-100k.jpg\" alt=\"\" width=\"722\" height=\"481\" srcset=\"https:\/\/www.uv.mx\/prensa\/files\/2018\/04\/130418-Convenio-Pedagogia-2-100k.jpg 722w, https:\/\/www.uv.mx\/prensa\/files\/2018\/04\/130418-Convenio-Pedagogia-2-100k-300x200.jpg 300w\" sizes=\"auto, (max-width: 722px) 100vw, 722px\" \/><\/a><p id=\"caption-attachment-44881\" class=\"wp-caption-text\">Roc\u00edo Liliana Gonz\u00e1lez, directora de Pedagog\u00eda<\/p><\/div>\n<p>&nbsp;<\/p>\n<p>Paralelamente, la Facultad viv\u00eda un proceso de revitalizaci\u00f3n de su Plan de Estudios 2000; en 2016 \u00e9ste se aprob\u00f3 y puso en marcha al a\u00f1o siguiente, con un \u00a0perfil de egreso que plantea la incursi\u00f3n del pedagogo en \u00e1mbitos diferentes al de la educaci\u00f3n formal.<\/p>\n<p>\u201cFue un proceso paralelo: a partir del diagn\u00f3stico observ\u00e9 que no ten\u00edamos una fuerte vinculaci\u00f3n con el sector empresarial, y por otro lado, fue coyuntural la puesta en marcha de Plan de Estudios 2016.\u201d<\/p>\n<p>Subray\u00f3 que \u00e9ste es el primer convenio que se ha firmado con el sector empresarial y a\u00f1adi\u00f3 que la CMIC Delegaci\u00f3n Veracruz-Centro tiene dos espacios de capacitaci\u00f3n.<\/p>\n<p>\u201cSiempre se nos visualiza \u00fanicamente como docentes y nuestra presencia ah\u00ed ir\u00e1 m\u00e1s all\u00e1: haremos diagn\u00f3stico, formaci\u00f3n de formadores a partir de cursos de educaci\u00f3n continua. Ser\u00e1 un trabajo conjunto, mutuo, colaborativo y de beneficio para ambas partes.\u201d<\/p>\n<div id=\"attachment_44882\" style=\"width: 732px\" class=\"wp-caption aligncenter\"><a href=\"https:\/\/www.uv.mx\/prensa\/files\/2018\/04\/130418-Convenio-Pedagogia-3-100k.jpg\"><img loading=\"lazy\" decoding=\"async\" aria-describedby=\"caption-attachment-44882\" class=\"size-full wp-image-44882\" src=\"https:\/\/www.uv.mx\/prensa\/files\/2018\/04\/130418-Convenio-Pedagogia-3-100k.jpg\" alt=\"\" width=\"722\" height=\"481\" srcset=\"https:\/\/www.uv.mx\/prensa\/files\/2018\/04\/130418-Convenio-Pedagogia-3-100k.jpg 722w, https:\/\/www.uv.mx\/prensa\/files\/2018\/04\/130418-Convenio-Pedagogia-3-100k-300x200.jpg 300w\" sizes=\"auto, (max-width: 722px) 100vw, 722px\" \/><\/a><p id=\"caption-attachment-44882\" class=\"wp-caption-text\">Julio Enrique Garc\u00eda, de la CMIC<\/p><\/div>\n<p>&nbsp;<\/p>\n<p>En tanto Julio Enrique Garc\u00eda Mart\u00ednez, presidente de la CMIC Delegaci\u00f3n Veracruz-Centro, mencion\u00f3 que adem\u00e1s de ser el organismo que defiende los intereses de los constructores formales del pa\u00eds, es una instituci\u00f3n educativa que cuenta con el Instituto Tecnol\u00f3gico de la Construcci\u00f3n y el de la Capacitaci\u00f3n de la Industria de la Construcci\u00f3n, de ambos hay sede en Xalapa.<\/p>\n<p>\u201cAh\u00ed es donde los estudiantes de la Facultad de Pedagog\u00eda nos enriquecen y ayudan para que podamos mejorar la estructura de nuestros cursos, difundirlos y aprovechar lo que aprenden en esta gran instituci\u00f3n.\u201d<\/p>\n<p>En tanto, Luis S\u00e1nchez \u00c1vila, presidente de la Confederaci\u00f3n Patronal de la Rep\u00fablica Mexicana (<em>Coparmex<\/em>) en Xalapa, destac\u00f3 la necesidad de establecer comunicaci\u00f3n y trabajo conjunto entre el sector empresarial y la academia.<\/p>\n<p>\u201cEn a\u00f1os pasados, en la iniciativa privada hab\u00eda una falta de comunicaci\u00f3n. A veces lo que necesitamos no se ense\u00f1a y lo que se ense\u00f1a no lo necesitamos; tambi\u00e9n, es necesario conjugar la teor\u00eda con la pr\u00e1ctica\u201d.<\/p>\n<div id=\"attachment_44880\" style=\"width: 732px\" class=\"wp-caption aligncenter\"><a href=\"https:\/\/www.uv.mx\/prensa\/files\/2018\/04\/130418-Convenio-Pedagogia-4-100k.jpg\"><img loading=\"lazy\" decoding=\"async\" aria-describedby=\"caption-attachment-44880\" class=\"size-full wp-image-44880\" src=\"https:\/\/www.uv.mx\/prensa\/files\/2018\/04\/130418-Convenio-Pedagogia-4-100k.jpg\" alt=\"\" width=\"722\" height=\"481\" srcset=\"https:\/\/www.uv.mx\/prensa\/files\/2018\/04\/130418-Convenio-Pedagogia-4-100k.jpg 722w, https:\/\/www.uv.mx\/prensa\/files\/2018\/04\/130418-Convenio-Pedagogia-4-100k-300x200.jpg 300w\" sizes=\"auto, (max-width: 722px) 100vw, 722px\" \/><\/a><p id=\"caption-attachment-44880\" class=\"wp-caption-text\">Luis S\u00e1nchez, de la Coparmex<\/p><\/div>\n","protected":false},"excerpt":{"rendered":"<p>El acuerdo establecido con la C\u00e1mara Mexicana de la Industria de la Construcci\u00f3n es el primero que la Facultad ha firmado con el sector empresarial<\/p>\n","protected":false},"author":1775,"featured_media":44879,"comment_status":"closed","ping_status":"closed","sticky":false,"template":"","format":"standard","meta":{"footnotes":""},"categories":[1],"tags":[3811,4402,3812,4401,670,637,4015,4403],"class_list":["post-44878","post","type-post","status-publish","format-standard","has-post-thumbnail","hentry","category-general","tag-camara-mexicana-de-la-industria-de-la-construccion","tag-campus-sur","tag-cmic","tag-delegacion-veracruz-centro","tag-directora","tag-facultad-de-pedagogia","tag-karina-de-la-paz-reyes-diaz","tag-rocio-liliana-gonzalez-guerrero"],"_links":{"self":[{"href":"https:\/\/www.uv.mx\/prensa\/wp-json\/wp\/v2\/posts\/44878","targetHints":{"allow":["GET"]}}],"collection":[{"href":"https:\/\/www.uv.mx\/prensa\/wp-json\/wp\/v2\/posts"}],"about":[{"href":"https:\/\/www.uv.mx\/prensa\/wp-json\/wp\/v2\/types\/post"}],"author":[{"embeddable":true,"href":"https:\/\/www.uv.mx\/prensa\/wp-json\/wp\/v2\/users\/1775"}],"replies":[{"embeddable":true,"href":"https:\/\/www.uv.mx\/prensa\/wp-json\/wp\/v2\/comments?post=44878"}],"version-history":[{"count":1,"href":"https:\/\/www.uv.mx\/prensa\/wp-json\/wp\/v2\/posts\/44878\/revisions"}],"predecessor-version":[{"id":103395,"href":"https:\/\/www.uv.mx\/prensa\/wp-json\/wp\/v2\/posts\/44878\/revisions\/103395"}],"wp:featuredmedia":[{"embeddable":true,"href":"https:\/\/www.uv.mx\/prensa\/wp-json\/wp\/v2\/media\/44879"}],"wp:attachment":[{"href":"https:\/\/www.uv.mx\/prensa\/wp-json\/wp\/v2\/media?parent=44878"}],"wp:term":[{"taxonomy":"category","embeddable":true,"href":"https:\/\/www.uv.mx\/prensa\/wp-json\/wp\/v2\/categories?post=44878"},{"taxonomy":"post_tag","embeddable":true,"href":"https:\/\/www.uv.mx\/prensa\/wp-json\/wp\/v2\/tags?post=44878"}],"curies":[{"name":"wp","href":"https:\/\/api.w.org\/{rel}","templated":true}]}}