{"id":44825,"date":"2018-04-12T16:56:58","date_gmt":"2018-04-12T21:56:58","guid":{"rendered":"https:\/\/www.uv.mx\/prensa\/?p=44825"},"modified":"2018-04-12T16:56:58","modified_gmt":"2018-04-12T21:56:58","slug":"investigacion-en-arquitectura-es-minima","status":"publish","type":"post","link":"https:\/\/www.uv.mx\/prensa\/general\/investigacion-en-arquitectura-es-minima\/","title":{"rendered":"Investigaci\u00f3n en Arquitectura es m\u00ednima"},"content":{"rendered":"<ul>\n<li><em>En el II Congreso Nacional de Estudiantes de Posgrado en Arquitectura y Urbanismo<\/em><\/li>\n<\/ul>\n<p>&nbsp;<\/p>\n<div id=\"attachment_44826\" style=\"width: 732px\" class=\"wp-caption aligncenter\"><a href=\"https:\/\/www.uv.mx\/prensa\/files\/2018\/04\/120418-estudiantes-de-posgrado.jpg\"><img loading=\"lazy\" decoding=\"async\" aria-describedby=\"caption-attachment-44826\" class=\"size-full wp-image-44826\" src=\"https:\/\/www.uv.mx\/prensa\/files\/2018\/04\/120418-estudiantes-de-posgrado.jpg\" alt=\"\" width=\"722\" height=\"481\" srcset=\"https:\/\/www.uv.mx\/prensa\/files\/2018\/04\/120418-estudiantes-de-posgrado.jpg 722w, https:\/\/www.uv.mx\/prensa\/files\/2018\/04\/120418-estudiantes-de-posgrado-300x200.jpg 300w\" sizes=\"auto, (max-width: 722px) 100vw, 722px\" \/><\/a><p id=\"caption-attachment-44826\" class=\"wp-caption-text\">Autoridades inauguraron Congreso Nacional de Estudiantes de Posgrado en Arquitectura y Urbanismo \u201cTeor\u00eda, pr\u00e1ctica y cr\u00edtica de la investigaci\u00f3n\u201d<\/p><\/div>\n<p><strong><em>\u00a0<\/em><\/strong><\/p>\n<p><strong><em>Karina de la Paz Reyes D\u00edaz<\/em><\/strong><\/p>\n<p><strong><em>12\/04\/18, Xalapa, Ver.-<\/em><\/strong> La investigaci\u00f3n en arquitectura siempre ha sido algo \u201cescabroso\u201d, es muy importante pero hay poca y en ocasiones no se le da visibilidad como a la que se desarrolla en otras disciplinas, destac\u00f3 el acad\u00e9mico Luis Manuel Fern\u00e1ndez S\u00e1nchez en la inauguraci\u00f3n del II Congreso Nacional de Estudiantes de Posgrado en Arquitectura y Urbanismo, cuyo tema principal es \u201cTeor\u00eda, pr\u00e1ctica y cr\u00edtica de la investigaci\u00f3n\u201d.<\/p>\n<p>Luis Manuel Fern\u00e1ndez, secretario Acad\u00e9mico de la Facultad de Arquitectura, en representaci\u00f3n de la directora, Noemi Uehara Guerrero, se congratul\u00f3 con el desarrollo de este tipo de ejercicios acad\u00e9micos, mismo que inici\u00f3 el jueves 12 y contin\u00faa el viernes 13 de abril.<\/p>\n<p>La coordinadora de la Maestr\u00eda en Arquitectura, Mar\u00eda Concepci\u00f3n Chong Gardu\u00f1o, se pronunci\u00f3 porque este ejercicio acad\u00e9mico tenga continuidad, por iniciativa de los estudiantes y con el apoyo de las autoridades universitarias; asimismo, agradeci\u00f3 al comit\u00e9 organizador de esta edici\u00f3n, conformado por Francisco Fino, Daniela Bruno y J\u00e9ssica Herrera.<\/p>\n<p>\u201cEste congreso tiene la intenci\u00f3n de presentar investigaciones en la teor\u00eda, pr\u00e1ctica y cr\u00edtica de la arquitectura y el urbanismo. Ser\u00e1n interesantes las conferencias magistrales y ponencias. De aqu\u00ed, seguramente emanar\u00e1n muchas m\u00e1s investigaciones e inquietudes en el tema\u201d, dijo Chong Gardu\u00f1o.<\/p>\n<p>En el pres\u00eddium tambi\u00e9n estuvo presente el acad\u00e9mico de la Facultad de Arquitectura, Alfonso Rodr\u00edguez Pulido, quien present\u00f3 al conferencista magistral, Alberto P\u00e9rez G\u00f3mez de la McGill University, Canad\u00e1, considerado uno de los m\u00e1s importantes te\u00f3ricos de la arquitectura a nivel mundial y quien particip\u00f3 en el evento v\u00eda <em>Skype<\/em>.<\/p>\n","protected":false},"excerpt":{"rendered":"<p>Dicho aspecto es muy importante, pero en ocasiones no se le da visibilidad, se\u00f1al\u00f3 Luis Manuel Fern\u00e1ndez S\u00e1nchez, secretario Acad\u00e9mico de Arquitectura, en la inauguraci\u00f3n del II Congreso Nacional de Estudiantes de Posgrado en Arquitectura y Urbanismo<\/p>\n","protected":false},"author":1869,"featured_media":44826,"comment_status":"closed","ping_status":"closed","sticky":false,"template":"","format":"standard","meta":{"footnotes":""},"categories":[1],"tags":[],"class_list":["post-44825","post","type-post","status-publish","format-standard","has-post-thumbnail","hentry","category-general"],"_links":{"self":[{"href":"https:\/\/www.uv.mx\/prensa\/wp-json\/wp\/v2\/posts\/44825","targetHints":{"allow":["GET"]}}],"collection":[{"href":"https:\/\/www.uv.mx\/prensa\/wp-json\/wp\/v2\/posts"}],"about":[{"href":"https:\/\/www.uv.mx\/prensa\/wp-json\/wp\/v2\/types\/post"}],"author":[{"embeddable":true,"href":"https:\/\/www.uv.mx\/prensa\/wp-json\/wp\/v2\/users\/1869"}],"replies":[{"embeddable":true,"href":"https:\/\/www.uv.mx\/prensa\/wp-json\/wp\/v2\/comments?post=44825"}],"version-history":[{"count":0,"href":"https:\/\/www.uv.mx\/prensa\/wp-json\/wp\/v2\/posts\/44825\/revisions"}],"wp:featuredmedia":[{"embeddable":true,"href":"https:\/\/www.uv.mx\/prensa\/wp-json\/wp\/v2\/media\/44826"}],"wp:attachment":[{"href":"https:\/\/www.uv.mx\/prensa\/wp-json\/wp\/v2\/media?parent=44825"}],"wp:term":[{"taxonomy":"category","embeddable":true,"href":"https:\/\/www.uv.mx\/prensa\/wp-json\/wp\/v2\/categories?post=44825"},{"taxonomy":"post_tag","embeddable":true,"href":"https:\/\/www.uv.mx\/prensa\/wp-json\/wp\/v2\/tags?post=44825"}],"curies":[{"name":"wp","href":"https:\/\/api.w.org\/{rel}","templated":true}]}}