{"id":44817,"date":"2018-04-12T15:38:37","date_gmt":"2018-04-12T20:38:37","guid":{"rendered":"https:\/\/www.uv.mx\/prensa\/?p=44817"},"modified":"2018-04-12T17:57:00","modified_gmt":"2018-04-12T22:57:00","slug":"odontologia-una-de-las-fortalezas-de-la-uv-rectora","status":"publish","type":"post","link":"https:\/\/www.uv.mx\/prensa\/banner\/odontologia-una-de-las-fortalezas-de-la-uv-rectora\/","title":{"rendered":"Odontolog\u00eda, una de las fortalezas de la UV: Rectora"},"content":{"rendered":"<ul>\n<li><em>Sara Ladr\u00f3n de Guevara inaugur\u00f3 el 3er Congreso Internacional de Odontolog\u00eda Regi\u00f3n Xalapa<\/em><\/li>\n<li><em>Del 12 al 14 de abril, participar\u00e1n ponentes de M\u00e9xico, Colombia, Per\u00fa y Cuba<\/em><\/li>\n<\/ul>\n<p>&nbsp;<\/p>\n<div id=\"attachment_44821\" style=\"width: 732px\" class=\"wp-caption aligncenter\"><a href=\"https:\/\/www.uv.mx\/prensa\/files\/2018\/04\/120418-Inauguracion-congreso-odontologia-1.jpg\"><img loading=\"lazy\" decoding=\"async\" aria-describedby=\"caption-attachment-44821\" class=\"size-full wp-image-44821\" src=\"https:\/\/www.uv.mx\/prensa\/files\/2018\/04\/120418-Inauguracion-congreso-odontologia-1.jpg\" alt=\"\" width=\"722\" height=\"483\" srcset=\"https:\/\/www.uv.mx\/prensa\/files\/2018\/04\/120418-Inauguracion-congreso-odontologia-1.jpg 722w, https:\/\/www.uv.mx\/prensa\/files\/2018\/04\/120418-Inauguracion-congreso-odontologia-1-300x201.jpg 300w\" sizes=\"auto, (max-width: 722px) 100vw, 722px\" \/><\/a><p id=\"caption-attachment-44821\" class=\"wp-caption-text\">Autoridades universitarias inauguraron el 3er Congreso Internacional de Odontolog\u00eda Regi\u00f3n Xalapa<\/p><\/div>\n<p><strong><em>\u00a0<\/em><\/strong><\/p>\n<p><strong><em>Jos\u00e9 Luis Couttolenc Soto<\/em><\/strong><\/p>\n<p><strong><em>12\/04\/18, Xalapa, Ver.-<\/em><\/strong> La odontolog\u00eda constituye hoy en d\u00eda una de las fortalezas de la Universidad Veracruzana (UV), afirm\u00f3 la rectora Sara Ladr\u00f3n de Guevara al inaugurar el 3er Congreso Internacional de Odontolog\u00eda Regi\u00f3n Xalapa, que del 12 al 14 de abril congregar\u00e1 a expertos de Colombia, Per\u00fa, Cuba y M\u00e9xico.<\/p>\n<p>Ante investigadores, docentes y alumnos de Odontolog\u00eda provenientes de las regiones en donde la UV tiene presencia, congregados en la Sala \u201cEmilio Carballido\u201d del Teatro del Estado, la Rectora dijo que esta disciplina de la medicina cumple con una innegable y valiosa funci\u00f3n social, puesto que desde la aparici\u00f3n de la primera dentici\u00f3n hasta la llamada tercera edad, \u201cno hay ser humano que no necesite de la atenci\u00f3n y cuidado del dentista\u201d.<\/p>\n<p>Por ello, precis\u00f3, el c\u00f3digo de \u00e9tica de esta profesi\u00f3n incluye aspectos como la beneficencia, no discriminaci\u00f3n, confidencialidad, servicios a la comunidad y la obligaci\u00f3n de educar y orientar a los pacientes acerca de los padecimientos relacionados con la salud bucal.Sara Ladr\u00f3n de Guevara felicit\u00f3 al comit\u00e9 organizador del evento, que preside Jos\u00e9 Reyes Barradas Viveros, por conjuntar a 15 prestigiados ponentes que compartir\u00e1n investigaciones y avances en los tratamientos odontol\u00f3gicos, lo cual har\u00e1 posible facilitar y potenciar la educaci\u00f3n continua, as\u00ed como acercar a maestros y alumnos al conocimiento actualizado.<\/p>\n<p>&nbsp;<\/p>\n<div id=\"attachment_44822\" style=\"width: 732px\" class=\"wp-caption aligncenter\"><a href=\"https:\/\/www.uv.mx\/prensa\/files\/2018\/04\/120418-Inauguracion-congreso-odontologia-2.jpg\"><img loading=\"lazy\" decoding=\"async\" aria-describedby=\"caption-attachment-44822\" class=\"size-full wp-image-44822\" src=\"https:\/\/www.uv.mx\/prensa\/files\/2018\/04\/120418-Inauguracion-congreso-odontologia-2.jpg\" alt=\"\" width=\"722\" height=\"481\" srcset=\"https:\/\/www.uv.mx\/prensa\/files\/2018\/04\/120418-Inauguracion-congreso-odontologia-2.jpg 722w, https:\/\/www.uv.mx\/prensa\/files\/2018\/04\/120418-Inauguracion-congreso-odontologia-2-300x200.jpg 300w\" sizes=\"auto, (max-width: 722px) 100vw, 722px\" \/><\/a><p id=\"caption-attachment-44822\" class=\"wp-caption-text\">La odontolog\u00eda constituye una de las fortalezas institucionales, afirm\u00f3 Sara Ladr\u00f3n de Guevara<\/p><\/div>\n<p>&nbsp;<\/p>\n<p>Las conferencias tienen lugar en las dos salas del Teatro del Estado, que albergar\u00e1 tambi\u00e9n un concurso de carteles, un foro de egresados y una exposici\u00f3n comercial sobre equipos e implementos de uso odontol\u00f3gico.<\/p>\n<p>Previo a la inauguraci\u00f3n del congreso, la Rectora dio a conocer el lamentable fallecimiento del escritor Sergio Pitol, acaecido hoy en Xalapa; lo record\u00f3 como un pilar de la UV a la cual le deja un legado enorme y un gran prestigio. Solicit\u00f3 a los presentes un aplauso que son\u00f3 fuerte en reconocimiento al m\u00e1s ilustre de los miembros de esta casa de estudios, e invit\u00f3 a los presentes a leer y conocer su obra, \u201cporque \u00e9se ser\u00eda uno de sus mejores homenajes\u201d, dijo.<\/p>\n<p>En la inauguraci\u00f3n del congreso estuvieron presentes: Magdalena Hern\u00e1ndez Alarc\u00f3n, secretaria Acad\u00e9mica de la UV; Pedro Guti\u00e9rrez Aguilar, director general del \u00c1rea Acad\u00e9mica de Ciencias de la Salud; Mar\u00eda Matilde Ortega Labourdet y V\u00edctor Alfredo L\u00f3pez Ortiz, directora y consejero alumno de Odontolog\u00eda Xalapa; Claudia Patricia Laguna Mart\u00ednez, subdirectora de Primer Nivel de Atenci\u00f3n de los Servicios de Salud de Veracruz (<em>Sesver<\/em>), en representaci\u00f3n del gobernador Miguel \u00c1ngel Yunes Linares y del titular de la dependencia; Carolina Ruiz Morales, presidenta del Colegio de Cirujanos Dentistas de Xalapa, y Jos\u00e9 Hern\u00e1ndez Montoya, presidente de la Academia de Odontopediatr\u00eda Xalapa.<\/p>\n<p>&nbsp;<\/p>\n<div id=\"attachment_44823\" style=\"width: 732px\" class=\"wp-caption aligncenter\"><a href=\"https:\/\/www.uv.mx\/prensa\/files\/2018\/04\/120418-Inauguracion-congreso-odontologia-3.jpg\"><img loading=\"lazy\" decoding=\"async\" aria-describedby=\"caption-attachment-44823\" class=\"size-full wp-image-44823\" src=\"https:\/\/www.uv.mx\/prensa\/files\/2018\/04\/120418-Inauguracion-congreso-odontologia-3.jpg\" alt=\"\" width=\"722\" height=\"481\" srcset=\"https:\/\/www.uv.mx\/prensa\/files\/2018\/04\/120418-Inauguracion-congreso-odontologia-3.jpg 722w, https:\/\/www.uv.mx\/prensa\/files\/2018\/04\/120418-Inauguracion-congreso-odontologia-3-300x200.jpg 300w\" sizes=\"auto, (max-width: 722px) 100vw, 722px\" \/><\/a><p id=\"caption-attachment-44823\" class=\"wp-caption-text\">Al congreso asisten maestros y alumnos de las facultades de Odontolog\u00eda de las cinco regiones universitarias<\/p><\/div>\n","protected":false},"excerpt":{"rendered":"<p>Sara Ladr\u00f3n de Guevara inaugur\u00f3 el 3er Congreso Internacional de Odontolog\u00eda Regi\u00f3n Xalapa y destac\u00f3 que esta disciplina cumple con una valiosa funci\u00f3n social<\/p>\n","protected":false},"author":1869,"featured_media":44820,"comment_status":"closed","ping_status":"closed","sticky":false,"template":"","format":"standard","meta":{"footnotes":""},"categories":[61],"tags":[],"class_list":["post-44817","post","type-post","status-publish","format-standard","has-post-thumbnail","hentry","category-banner"],"_links":{"self":[{"href":"https:\/\/www.uv.mx\/prensa\/wp-json\/wp\/v2\/posts\/44817","targetHints":{"allow":["GET"]}}],"collection":[{"href":"https:\/\/www.uv.mx\/prensa\/wp-json\/wp\/v2\/posts"}],"about":[{"href":"https:\/\/www.uv.mx\/prensa\/wp-json\/wp\/v2\/types\/post"}],"author":[{"embeddable":true,"href":"https:\/\/www.uv.mx\/prensa\/wp-json\/wp\/v2\/users\/1869"}],"replies":[{"embeddable":true,"href":"https:\/\/www.uv.mx\/prensa\/wp-json\/wp\/v2\/comments?post=44817"}],"version-history":[{"count":0,"href":"https:\/\/www.uv.mx\/prensa\/wp-json\/wp\/v2\/posts\/44817\/revisions"}],"wp:featuredmedia":[{"embeddable":true,"href":"https:\/\/www.uv.mx\/prensa\/wp-json\/wp\/v2\/media\/44820"}],"wp:attachment":[{"href":"https:\/\/www.uv.mx\/prensa\/wp-json\/wp\/v2\/media?parent=44817"}],"wp:term":[{"taxonomy":"category","embeddable":true,"href":"https:\/\/www.uv.mx\/prensa\/wp-json\/wp\/v2\/categories?post=44817"},{"taxonomy":"post_tag","embeddable":true,"href":"https:\/\/www.uv.mx\/prensa\/wp-json\/wp\/v2\/tags?post=44817"}],"curies":[{"name":"wp","href":"https:\/\/api.w.org\/{rel}","templated":true}]}}