{"id":44761,"date":"2018-04-11T16:22:38","date_gmt":"2018-04-11T21:22:38","guid":{"rendered":"https:\/\/www.uv.mx\/prensa\/?p=44761"},"modified":"2018-04-12T12:44:13","modified_gmt":"2018-04-12T17:44:13","slug":"maestria-en-salud-publica-recibio-premio-internacional","status":"publish","type":"post","link":"https:\/\/www.uv.mx\/prensa\/banner\/maestria-en-salud-publica-recibio-premio-internacional\/","title":{"rendered":"Maestr\u00eda en Salud P\u00fablica recibi\u00f3 premio internacional"},"content":{"rendered":"<ul>\n<li><em>La Asociaci\u00f3n Universitaria Iberoamericana de Postgrado reconoci\u00f3 la calidad de este programa educativo de la UV, que forma parte del PNPC del <\/em>Conacyt<\/li>\n<li><em>Autoridades universitarias reconocieron el esfuerzo de todos los integrantes del Instituto de Salud P\u00fablica, quienes hicieron posible este galard\u00f3n<\/em><\/li>\n<\/ul>\n<p>&nbsp;<\/p>\n<p><strong><em>\u00a0<\/em><\/strong><\/p>\n<div id=\"attachment_44762\" style=\"width: 732px\" class=\"wp-caption aligncenter\"><a href=\"https:\/\/www.uv.mx\/prensa\/files\/2018\/04\/110418-DAVID-Maestria-en-Salud-Publica-de-la-UV-recibe-premio-1.jpg\"><img loading=\"lazy\" decoding=\"async\" aria-describedby=\"caption-attachment-44762\" class=\"size-full wp-image-44762\" src=\"https:\/\/www.uv.mx\/prensa\/files\/2018\/04\/110418-DAVID-Maestria-en-Salud-Publica-de-la-UV-recibe-premio-1.jpg\" alt=\"\" width=\"722\" height=\"481\" srcset=\"https:\/\/www.uv.mx\/prensa\/files\/2018\/04\/110418-DAVID-Maestria-en-Salud-Publica-de-la-UV-recibe-premio-1.jpg 722w, https:\/\/www.uv.mx\/prensa\/files\/2018\/04\/110418-DAVID-Maestria-en-Salud-Publica-de-la-UV-recibe-premio-1-300x200.jpg 300w\" sizes=\"auto, (max-width: 722px) 100vw, 722px\" \/><\/a><p id=\"caption-attachment-44762\" class=\"wp-caption-text\">Trabajadores, acad\u00e9micos y estudiantes celebraron la obtenci\u00f3n del premio que otorg\u00f3 la Asociaci\u00f3n Universitaria Iberoamericana de Postgrado<\/p><\/div>\n<p><strong><em>\u00a0<\/em><\/strong><\/p>\n<p><strong><em>David Sandoval Rodr\u00edguez<\/em><\/strong><\/p>\n<p><strong><em>11\/04\/2018, Xalapa, Ver.-<\/em><\/strong> La Maestr\u00eda en Salud P\u00fablica del <a href=\"https:\/\/www.uv.mx\/isp\/\" target=\"_blank\" rel=\"noopener\">Instituto de Salud P\u00fablica<\/a> (ISP) de la Universidad Veracruzana (UV) gan\u00f3 el Premio a la Calidad del Postgrado en Iberoam\u00e9rica que otorga la Asociaci\u00f3n Universitaria Iberoamericana de Postgrado(AUIP) al cumplir con 100 indicadores y ocho variables de su evaluaci\u00f3n, gracias al esfuerzo conjunto de todos los integrantes de dicho instituto.<\/p>\n<p>Autoridades universitarias, encabezadas por la rectora Sara Ladr\u00f3n de Guevara, entregaron reconocimientos a trabajadores administrativos, acad\u00e9micos, investigadores y estudiantes, en ceremonia realizada en el ISP el mi\u00e9rcoles 11 de abril.<\/p>\n<p>La Rectora de la UV se\u00f1al\u00f3 que este premio significa que \u201cestamos transitando a una consolidaci\u00f3n de los programas que nos lleva hacia la internacionalizaci\u00f3n. Vale la pena mostrar a la sociedad que la calidad de este trabajo es valorado a nivel internacional y que los recursos que nos da son utilizados con absoluto compromiso\u201d.<\/p>\n<p>Describi\u00f3 que la Maestr\u00eda en Salud P\u00fablica tiene el nivel de Competencia Internacional del Programa Nacional de Posgrados de Calidad (PNPC) del Consejo Nacional de Ciencia y Tecnolog\u00eda (<em>Conacyt<\/em>) por su grado de internacionalizaci\u00f3n, as\u00ed como por la doble titulaci\u00f3n que ofrece en colaboraci\u00f3n con la Universidad de Caldas, Colombia.<\/p>\n<p>Las variables evaluadas fueron: estudiantes, profesores, plan de formaci\u00f3n, investigaci\u00f3n, gesti\u00f3n, entorno y pertinencia, egresados e impacto y evaluaci\u00f3n y mejora continua.<\/p>\n<p>A su vez, expres\u00f3 que el posgrado coincide con los postulados del Programa de Trabajo Estrat\u00e9gico 2017-2021 \u201cPertenencia y pertinencia\u201d y es evidente que todo el personal del ISP tiene clara su pertinencia y compromiso con la calidad institucional.<\/p>\n<p>\u201cEste programa es pertinente en nuestro contexto local, regional y nacional; lo es tambi\u00e9n en toda Am\u00e9rica Latina porque vienen estudiantes de distintos pa\u00edses que seguramente tienen un efecto multiplicador en la salud p\u00fablica de sus pa\u00edses hermanos\u201d, recalc\u00f3 Sara Ladr\u00f3n de Guevara.<\/p>\n<p>La acad\u00e9mica Edit Rodr\u00edguez Romero, encargada de la direcci\u00f3n del ISP, narr\u00f3 la historia del posgrado desde sus or\u00edgenes como especializaci\u00f3n en 1981, que por principio tuvo cohesi\u00f3n y compromiso institucional en donde su principal fortaleza, que persiste, es su multidisciplinariedad.<\/p>\n<p>\u201cEs un honor haber recibido el premio que distingue al ISP y a nuestra Universidad y nos compromete a mantener la excelencia\u201d, expres\u00f3 Rodr\u00edguez Romero, quien entreg\u00f3 una r\u00e9plica del premio a las autoridades del instituto.<\/p>\n<p>A continuaci\u00f3n, la Rectora entreg\u00f3 reconocimientos a los trabajadores administrativos, al comit\u00e9 de acad\u00e9micos que coordin\u00f3 la evaluaci\u00f3n y en representaci\u00f3n de ellos, Dulce Mar\u00eda Cinta Loaiza, acad\u00e9mica y coordinadora de la maestr\u00eda, manifest\u00f3 que la voluntad del personal permiti\u00f3 cumplir con los 100 indicadores y ocho variables que implicaban la evaluaci\u00f3n.<\/p>\n<p>\u201cEl premio es de todos\u201d, afirm\u00f3 la investigadora, quien felicit\u00f3 adem\u00e1s a los alumnos y ex alumnos por su apoyo y disposici\u00f3n para participar.<\/p>\n<p>Atestiguaron la entrega del premio: Arturo Ir\u00e1n Su\u00e1rez Villa, secretario de Salud estatal; Magdalena Hern\u00e1ndez Alarc\u00f3n, secretaria Acad\u00e9mica de la UV; Octavio Ochoa Contreras, director de Desarrollo Institucional; \u00c1ngel Trigos Landa, director general de Investigaciones; Mario Oliva Su\u00e1rez, director general de Relaciones Internacionales, y Jos\u00e9 Rigoberto Gabriel Arg\u00fcelles, director general de la Unidad de Estudios de Posgrado.<\/p>\n<p>&nbsp;<\/p>\n<div id=\"attachment_44763\" style=\"width: 732px\" class=\"wp-caption alignnone\"><a href=\"https:\/\/www.uv.mx\/prensa\/files\/2018\/04\/110418-DAVID-Maestria-en-Salud-Publica-de-la-UV-recibe-premio-2.jpg\"><img loading=\"lazy\" decoding=\"async\" aria-describedby=\"caption-attachment-44763\" class=\"wp-image-44763 size-full\" src=\"https:\/\/www.uv.mx\/prensa\/files\/2018\/04\/110418-DAVID-Maestria-en-Salud-Publica-de-la-UV-recibe-premio-2.jpg\" alt=\"\" width=\"722\" height=\"481\" srcset=\"https:\/\/www.uv.mx\/prensa\/files\/2018\/04\/110418-DAVID-Maestria-en-Salud-Publica-de-la-UV-recibe-premio-2.jpg 722w, https:\/\/www.uv.mx\/prensa\/files\/2018\/04\/110418-DAVID-Maestria-en-Salud-Publica-de-la-UV-recibe-premio-2-300x200.jpg 300w\" sizes=\"auto, (max-width: 722px) 100vw, 722px\" \/><\/a><p id=\"caption-attachment-44763\" class=\"wp-caption-text\">Sara Ladr\u00f3n de Guevara destac\u00f3 el reconocimiento y la pertinencia de la Maestr\u00eda en Salud P\u00fablica del ISP<\/p><\/div>\n","protected":false},"excerpt":{"rendered":"<p>La Asociaci\u00f3n Universitaria Iberoamericana de Postgrado reconoci\u00f3 la calidad de este programa educativo de la UV, que forma parte del PNPC del <em>Conacyt<\/em><\/p>\n","protected":false},"author":1869,"featured_media":44764,"comment_status":"closed","ping_status":"closed","sticky":false,"template":"","format":"standard","meta":{"footnotes":""},"categories":[61],"tags":[],"class_list":["post-44761","post","type-post","status-publish","format-standard","has-post-thumbnail","hentry","category-banner"],"_links":{"self":[{"href":"https:\/\/www.uv.mx\/prensa\/wp-json\/wp\/v2\/posts\/44761","targetHints":{"allow":["GET"]}}],"collection":[{"href":"https:\/\/www.uv.mx\/prensa\/wp-json\/wp\/v2\/posts"}],"about":[{"href":"https:\/\/www.uv.mx\/prensa\/wp-json\/wp\/v2\/types\/post"}],"author":[{"embeddable":true,"href":"https:\/\/www.uv.mx\/prensa\/wp-json\/wp\/v2\/users\/1869"}],"replies":[{"embeddable":true,"href":"https:\/\/www.uv.mx\/prensa\/wp-json\/wp\/v2\/comments?post=44761"}],"version-history":[{"count":0,"href":"https:\/\/www.uv.mx\/prensa\/wp-json\/wp\/v2\/posts\/44761\/revisions"}],"wp:featuredmedia":[{"embeddable":true,"href":"https:\/\/www.uv.mx\/prensa\/wp-json\/wp\/v2\/media\/44764"}],"wp:attachment":[{"href":"https:\/\/www.uv.mx\/prensa\/wp-json\/wp\/v2\/media?parent=44761"}],"wp:term":[{"taxonomy":"category","embeddable":true,"href":"https:\/\/www.uv.mx\/prensa\/wp-json\/wp\/v2\/categories?post=44761"},{"taxonomy":"post_tag","embeddable":true,"href":"https:\/\/www.uv.mx\/prensa\/wp-json\/wp\/v2\/tags?post=44761"}],"curies":[{"name":"wp","href":"https:\/\/api.w.org\/{rel}","templated":true}]}}