{"id":44705,"date":"2018-04-11T11:06:05","date_gmt":"2018-04-11T16:06:05","guid":{"rendered":"https:\/\/www.uv.mx\/prensa\/?p=44705"},"modified":"2018-04-11T13:36:38","modified_gmt":"2018-04-11T18:36:38","slug":"dgv-impartio-taller-sobre-competitividad-profesional","status":"publish","type":"post","link":"https:\/\/www.uv.mx\/prensa\/general\/dgv-impartio-taller-sobre-competitividad-profesional\/","title":{"rendered":"DGV imparti\u00f3 taller sobre competitividad profesional"},"content":{"rendered":"<ul>\n<li><em>Participaron 42 j\u00f3venes pr\u00f3ximos a egresar de los diferentes programas educativos de las cinco \u00e1reas acad\u00e9micas de la regi\u00f3n Xalapa<\/em><\/li>\n<\/ul>\n<p><em>\u00a0<\/em><\/p>\n<div id=\"attachment_44706\" style=\"width: 732px\" class=\"wp-caption aligncenter\"><a href=\"https:\/\/www.uv.mx\/prensa\/files\/2018\/04\/110418-Araceli-Basurto1.jpg\"><img aria-describedby=\"caption-attachment-44706\" decoding=\"async\" loading=\"lazy\" class=\"size-full wp-image-44706\" src=\"https:\/\/www.uv.mx\/prensa\/files\/2018\/04\/110418-Araceli-Basurto1.jpg\" alt=\"\" width=\"722\" height=\"482\" srcset=\"https:\/\/www.uv.mx\/prensa\/files\/2018\/04\/110418-Araceli-Basurto1.jpg 722w, https:\/\/www.uv.mx\/prensa\/files\/2018\/04\/110418-Araceli-Basurto1-300x200.jpg 300w\" sizes=\"(max-width: 722px) 100vw, 722px\" \/><\/a><p id=\"caption-attachment-44706\" class=\"wp-caption-text\">La instituci\u00f3n impulsa el desarrollo de habilidades para el empleo<\/p><\/div>\n<p>&nbsp;<\/p>\n<p><strong><em>Karina de la Paz Reyes D\u00edaz<\/em><\/strong><\/p>\n<p><strong><em>11\/04\/18, Xalapa, Ver.-<\/em><\/strong> La <a href=\"https:\/\/www.uv.mx\/vinculacion\/\" target=\"_blank\" rel=\"noopener\">Direcci\u00f3n General de Vinculaci\u00f3n<\/a> (DGV) de la Universidad Veracruzana (UV), a trav\u00e9s del Programa de Desarrollo Profesional e Inserci\u00f3n Laboral, imparti\u00f3 la primera edici\u00f3n del taller \u201cDesarrollo de habilidades para la inserci\u00f3n laboral y la competitividad profesional\u00bb, cuyo objetivo fue fortalecer habilidades conductuales e interpersonales de los estudiantes, mismas que son altamente demandadas por los empleadores.<\/p>\n<p>El taller se desarroll\u00f3 el martes 10 de abril en la Sala \u201cCarlos Fuentes Lemus\u201d de la <a href=\"https:\/\/www.uv.mx\/usbi\/\" target=\"_blank\" rel=\"noopener\">Unidad de Servicios Bibliotecarios y de Informaci\u00f3n<\/a>, participaron 42 j\u00f3venes pr\u00f3ximos a egresar de los diferentes programas educativos de las cinco \u00e1reas acad\u00e9micas de la regi\u00f3n Xalapa.<\/p>\n<p>El taller cuenta con cuatro m\u00f3dulos: Roles del emprendedor; Actitudes y liderazgo; Personalidad y motivaci\u00f3n; y Creatividad. Fue impartido por Carlos Sangabriel Rivera, especialista en recursos humanos, emprendimiento sustentable, mercadotecnia, liderazgo, trabajo en equipo, comunicaci\u00f3n, entre otros temas.<\/p>\n<p>Araceli Basurto Arriyaga, jefa del Departamento de Vinculaci\u00f3n con el Sector Productivo para la Inserci\u00f3n Laboral, coment\u00f3 que en el taller se analizaron temas como el emprendimiento, trabajo en equipo, liderazgo, soluci\u00f3n de problemas, conflictos, creatividad y habilidades de comunicaci\u00f3n.<\/p>\n<p>\u201cNuestros j\u00f3venes tambi\u00e9n tienen que llevar hacia el mundo laboral sus valores de sustentabilidad y cuidado de la salud, porque es parte de lo que est\u00e1n viviendo las organizaciones y necesitan profesionales con \u00e9tica y que apoyen en esta parte de la sustentabilidad\u201d, a\u00f1adi\u00f3.<\/p>\n<p>Igualmente, mencion\u00f3 que el departamento que dirige trabaja en fortalecer a los estudiantes en cuestiones de empleabilidad, para que puedan ingresar al mercado laboral en tiempo, as\u00ed como permanecer y ser exitosos.<\/p>\n<p>Adem\u00e1s, a trav\u00e9s de diferentes alianzas con organizaciones empleadoras, con empresas e instituciones gubernamentales buscan oportunidades laborales, mismas que se ofrecen a trav\u00e9s de la Bolsa de Trabajo.<\/p>\n<p>\u201cEn este ejercicio que hemos realizado a trav\u00e9s de los a\u00f1os, hemos identificado que cada d\u00eda las organizaciones exigen profesionistas competentes, que sean capaces de solucionar problemas, de trabajar en equipo. M\u00e1s all\u00e1 de los conocimientos exigen habilidades sociales que les permitan relacionarse de una mejor manera ante las adversidades y los cambios que se presentan en la din\u00e1mica social.\u201d<\/p>\n<p>Tal contexto implica que los estudiantes deben ir preparados con nuevas competencias, mismas que los apoyar\u00e1n para trabajar en equipo, para liderar proyectos, sobre todo habilidades con las que puedan comunicar sus diferentes estrategias de trabajo.<\/p>\n<p>Asimismo, destac\u00f3 la importancia de que los estudiantes desarrollen habilidades de emprendimiento e innovaci\u00f3n, toda vez que el mundo se automatiza en todos sus procesos y eso ocasiona un desplazamiento de los profesionistas, ah\u00ed la clave para hacer lo que las m\u00e1quinas no podr\u00e1n: las habilidades socio-laborales.<\/p>\n<p>\u201cImpulsamos a los j\u00f3venes a desarrollar habilidades para el empleo y para la b\u00fasqueda de oportunidades laborales, tambi\u00e9n para que vayan m\u00e1s all\u00e1 y no s\u00f3lo encontrar empleo sino mantenerse en \u00e9l, y adem\u00e1s ser un ciudadano que aporte conocimientos \u00fatiles a la sociedad y al desarrollo de la regi\u00f3n y el pa\u00eds.\u201d<\/p>\n<p>Araceli Basurto aclar\u00f3 que en este momento se trata de un taller, pero la intenci\u00f3n es que a trav\u00e9s de los curr\u00edculums de los programas educativos se incorpore el desarrollo de este tipo de habilidades.<\/p>\n<p>Adem\u00e1s de lo anterior, tambi\u00e9n se imparten talleres de orientaci\u00f3n laboral, mismos que pueden ser solicitados por las entidades acad\u00e9micas de las cinco regiones a la Direcci\u00f3n General de Vinculaci\u00f3n.<\/p>\n<p>Para mayor informaci\u00f3n consulte <a href=\"https:\/\/www.uv.mx\/bolsadetrabajo\" target=\"_blank\" rel=\"noopener\">www.uv.mx\/bolsadetrabajo<\/a><\/p>\n<p>&nbsp;<\/p>\n<div id=\"attachment_44707\" style=\"width: 732px\" class=\"wp-caption aligncenter\"><a href=\"https:\/\/www.uv.mx\/prensa\/files\/2018\/04\/110418-Araceli-Basurto2.jpg\"><img aria-describedby=\"caption-attachment-44707\" decoding=\"async\" loading=\"lazy\" class=\"size-full wp-image-44707\" src=\"https:\/\/www.uv.mx\/prensa\/files\/2018\/04\/110418-Araceli-Basurto2.jpg\" alt=\"\" width=\"722\" height=\"483\" srcset=\"https:\/\/www.uv.mx\/prensa\/files\/2018\/04\/110418-Araceli-Basurto2.jpg 722w, https:\/\/www.uv.mx\/prensa\/files\/2018\/04\/110418-Araceli-Basurto2-300x201.jpg 300w\" sizes=\"(max-width: 722px) 100vw, 722px\" \/><\/a><p id=\"caption-attachment-44707\" class=\"wp-caption-text\">Araceli Basurto Arriyaga<\/p><\/div>\n","protected":false},"excerpt":{"rendered":"<p>El objetivo fue fortalecer las habilidades conductuales e interpersonales de los estudiantes, mismas que son demandadas por los empleadores<\/p>\n","protected":false},"author":1869,"featured_media":44707,"comment_status":"closed","ping_status":"closed","sticky":false,"template":"","format":"standard","meta":[],"categories":[1],"tags":[244],"_links":{"self":[{"href":"https:\/\/www.uv.mx\/prensa\/wp-json\/wp\/v2\/posts\/44705"}],"collection":[{"href":"https:\/\/www.uv.mx\/prensa\/wp-json\/wp\/v2\/posts"}],"about":[{"href":"https:\/\/www.uv.mx\/prensa\/wp-json\/wp\/v2\/types\/post"}],"author":[{"embeddable":true,"href":"https:\/\/www.uv.mx\/prensa\/wp-json\/wp\/v2\/users\/1869"}],"replies":[{"embeddable":true,"href":"https:\/\/www.uv.mx\/prensa\/wp-json\/wp\/v2\/comments?post=44705"}],"version-history":[{"count":0,"href":"https:\/\/www.uv.mx\/prensa\/wp-json\/wp\/v2\/posts\/44705\/revisions"}],"wp:featuredmedia":[{"embeddable":true,"href":"https:\/\/www.uv.mx\/prensa\/wp-json\/wp\/v2\/media\/44707"}],"wp:attachment":[{"href":"https:\/\/www.uv.mx\/prensa\/wp-json\/wp\/v2\/media?parent=44705"}],"wp:term":[{"taxonomy":"category","embeddable":true,"href":"https:\/\/www.uv.mx\/prensa\/wp-json\/wp\/v2\/categories?post=44705"},{"taxonomy":"post_tag","embeddable":true,"href":"https:\/\/www.uv.mx\/prensa\/wp-json\/wp\/v2\/tags?post=44705"}],"curies":[{"name":"wp","href":"https:\/\/api.w.org\/{rel}","templated":true}]}}