{"id":44670,"date":"2018-04-10T15:42:33","date_gmt":"2018-04-10T20:42:33","guid":{"rendered":"https:\/\/www.uv.mx\/prensa\/?p=44670"},"modified":"2018-04-10T15:42:33","modified_gmt":"2018-04-10T20:42:33","slug":"jarocho-se-presentara-en-el-teatro-del-estado","status":"publish","type":"post","link":"https:\/\/www.uv.mx\/prensa\/banner\/jarocho-se-presentara-en-el-teatro-del-estado\/","title":{"rendered":"Jarocho se presentar\u00e1 en el Teatro del Estado"},"content":{"rendered":"<ul>\n<li><em>Habr\u00e1 actividades especiales,<\/em><em> como la proyecci\u00f3n de un documental y una convivencia con los bailarines<\/em><\/li>\n<\/ul>\n<p>&nbsp;<\/p>\n<div id=\"attachment_44688\" style=\"width: 732px\" class=\"wp-caption aligncenter\"><a href=\"https:\/\/www.uv.mx\/prensa\/files\/2018\/04\/BANERES-JAROCHO.jpg\"><img loading=\"lazy\" decoding=\"async\" aria-describedby=\"caption-attachment-44688\" class=\"size-full wp-image-44688\" src=\"https:\/\/www.uv.mx\/prensa\/files\/2018\/04\/BANERES-JAROCHO.jpg\" alt=\"\" width=\"722\" height=\"481\" srcset=\"https:\/\/www.uv.mx\/prensa\/files\/2018\/04\/BANERES-JAROCHO.jpg 722w, https:\/\/www.uv.mx\/prensa\/files\/2018\/04\/BANERES-JAROCHO-300x200.jpg 300w\" sizes=\"auto, (max-width: 722px) 100vw, 722px\" \/><\/a><p id=\"caption-attachment-44688\" class=\"wp-caption-text\">El espect\u00e1culo Jarocho celebra su 15 aniversario<\/p><\/div>\n<p>&nbsp;<\/p>\n<p><strong><em>Carlos Hugo Hermida Rosales<\/em><\/strong><\/p>\n<p><strong><em>10\/04\/18, Xalapa, Ver.- <\/em><\/strong>El espect\u00e1culo esc\u00e9nico <em>Jarocho<\/em>, del Fondo de Empresas de la Universidad Veracruzana, A.C. (FEUVAC), realizar\u00e1 seis presentaciones en el Teatro del Estado \u201cGral. Ignacio de la Llave\u201d, los d\u00edas 27, 28 y 29 de abril, con motivo de su 15 aniversario.<\/p>\n<p>El 10 de abril, en rueda de prensa, Alejandra Aguilar Cobos, gerente del FEUVAC; Enrique Sandoval Montero, Perla Hern\u00e1ndez Luna y Oscar Garc\u00eda Salazar, coordinadores de Comunicaci\u00f3n y relaciones p\u00fablicas, y Art\u00edstico, respectivamente, anunciaron que las funciones del viernes 27 y s\u00e1bado 28 ser\u00e1n a las 17:00 y 21:00 horas; y el domingo 29, a las 12:00 y 18:00 horas.<\/p>\n<p>Como parte de los festejos de aniversario, <em>Jarocho<\/em> se presentar\u00e1 el 5 de mayo en Orizaba, y el 12 en Coatzacoalcos.<\/p>\n<p>El espect\u00e1culo cuenta con una nueva imagen, dise\u00f1ada por Sergio Cupido y Aram Huerta.<\/p>\n<p>Por tratarse de una celebraci\u00f3n especial, habr\u00e1 actividades alternas a las presentaciones, como una convocatoria a grupos coreogr\u00e1ficos locales para que participen el espect\u00e1culo, antes de cada funci\u00f3n.<\/p>\n<p>Asimismo, se proyectar\u00e1 un documental sobre los 15 a\u00f1os de <em>Jarocho<\/em>, realizado por Ricardo Benet y Tele UV; adem\u00e1s los asistentes podr\u00e1n realizar recorridos interactivos previos a las presentaciones, en el <em>lobby<\/em> y el mezzanine del Teatro del Estado. Para esta actividad se solicita llegar 40 minutos antes y adquirir el pase VIP Plus, que les dar\u00e1 la posibilidad de convivir con los artistas en un c\u00f3ctel posterior a la segunda presentaci\u00f3n.<\/p>\n<p>Algunos bailarines impartir\u00e1n talleres un d\u00eda despu\u00e9s de la temporada, en los cuales se abordar\u00e1n las disciplinas representadas en el espect\u00e1culo. \u00c9stos tendr\u00e1n un costo para el p\u00fablico en general de 200 pesos y est\u00e1n incluidos para aquellos que adquieran el pase VIP Plus.<\/p>\n<p>Los integrantes del FEUVAC recordaron que <em>Jarocho<\/em> fue iniciado por Richard O\u2019Neal, primer director, adem\u00e1s de Ernesto Luna, Susana Arenas, Cecilia Lugo, Eugenia Castellanos, Luis Le\u00f1ero y muchos m\u00e1s.<\/p>\n<p>\u201cCon sus aciertos, virtudes y talento, ellos pudieron crear este espect\u00e1culo, que no ten\u00eda ning\u00fan precedente a nivel nacional\u201d, enfatiz\u00f3.<\/p>\n<p>Los boletos se encuentran a la venta en la p\u00e1gina www.redticket.com.mx, as\u00ed como en la Tienda UV, ubicada en el Circuito Gonzalo Aguirre Beltr\u00e1n sin n\u00famero, y en el Local 4 \u201cD\u201d del centro comercial Plaza Am\u00e9ricas.<\/p>\n<p>Los costos son de 400 pesos el boleto plata, 600 pesos el oro, 900 pesos el VIP y mil 500 pesos el VIP Plus; los trabajadores de la UV pueden adquirirlos por descuentos v\u00eda n\u00f3mina.<\/p>\n<p>&nbsp;<\/p>\n<div id=\"attachment_44689\" style=\"width: 732px\" class=\"wp-caption aligncenter\"><a href=\"https:\/\/www.uv.mx\/prensa\/files\/2018\/04\/Jarocho-1.jpg\"><img loading=\"lazy\" decoding=\"async\" aria-describedby=\"caption-attachment-44689\" class=\"size-full wp-image-44689\" src=\"https:\/\/www.uv.mx\/prensa\/files\/2018\/04\/Jarocho-1.jpg\" alt=\"\" width=\"722\" height=\"481\" srcset=\"https:\/\/www.uv.mx\/prensa\/files\/2018\/04\/Jarocho-1.jpg 722w, https:\/\/www.uv.mx\/prensa\/files\/2018\/04\/Jarocho-1-300x200.jpg 300w\" sizes=\"auto, (max-width: 722px) 100vw, 722px\" \/><\/a><p id=\"caption-attachment-44689\" class=\"wp-caption-text\">Oscar Garc\u00eda, Alejandra Aguilar, Enrique Sandoval y Perla Hern\u00e1ndez<\/p><\/div>\n<p>&nbsp;<\/p>\n","protected":false},"excerpt":{"rendered":"<p>El espect\u00e1culo esc\u00e9nico celebrar\u00e1 su 15 aniversario con presentaciones en Xalapa, Orizaba y Coatzacoalcos<\/p>\n","protected":false},"author":1869,"featured_media":44685,"comment_status":"closed","ping_status":"closed","sticky":false,"template":"","format":"standard","meta":{"footnotes":""},"categories":[61],"tags":[243,242],"class_list":["post-44670","post","type-post","status-publish","format-standard","has-post-thumbnail","hentry","category-banner","tag-a-c-feuvac","tag-fondo-de-empresas-de-la-universidad-veracruzana"],"_links":{"self":[{"href":"https:\/\/www.uv.mx\/prensa\/wp-json\/wp\/v2\/posts\/44670","targetHints":{"allow":["GET"]}}],"collection":[{"href":"https:\/\/www.uv.mx\/prensa\/wp-json\/wp\/v2\/posts"}],"about":[{"href":"https:\/\/www.uv.mx\/prensa\/wp-json\/wp\/v2\/types\/post"}],"author":[{"embeddable":true,"href":"https:\/\/www.uv.mx\/prensa\/wp-json\/wp\/v2\/users\/1869"}],"replies":[{"embeddable":true,"href":"https:\/\/www.uv.mx\/prensa\/wp-json\/wp\/v2\/comments?post=44670"}],"version-history":[{"count":0,"href":"https:\/\/www.uv.mx\/prensa\/wp-json\/wp\/v2\/posts\/44670\/revisions"}],"wp:featuredmedia":[{"embeddable":true,"href":"https:\/\/www.uv.mx\/prensa\/wp-json\/wp\/v2\/media\/44685"}],"wp:attachment":[{"href":"https:\/\/www.uv.mx\/prensa\/wp-json\/wp\/v2\/media?parent=44670"}],"wp:term":[{"taxonomy":"category","embeddable":true,"href":"https:\/\/www.uv.mx\/prensa\/wp-json\/wp\/v2\/categories?post=44670"},{"taxonomy":"post_tag","embeddable":true,"href":"https:\/\/www.uv.mx\/prensa\/wp-json\/wp\/v2\/tags?post=44670"}],"curies":[{"name":"wp","href":"https:\/\/api.w.org\/{rel}","templated":true}]}}