{"id":44629,"date":"2018-04-10T12:50:46","date_gmt":"2018-04-10T17:50:46","guid":{"rendered":"https:\/\/www.uv.mx\/prensa\/?p=44629"},"modified":"2018-04-10T13:08:36","modified_gmt":"2018-04-10T18:08:36","slug":"docente-y-estudiantes-de-jazzuv-realizan-estancia-en-cuba","status":"publish","type":"post","link":"https:\/\/www.uv.mx\/prensa\/banner\/docente-y-estudiantes-de-jazzuv-realizan-estancia-en-cuba\/","title":{"rendered":"Docente y estudiantes de Jazzuv realizan estancia en Cuba"},"content":{"rendered":"<ul>\n<li><em>Francisco Lelo\u00a0de Larrea, Efr\u00e9n Pons Ram\u00edrez, Gustavo Bureau\u00a0Guerola y Obed Francisco Orozco Luis, est\u00e1n en la Facultad de M\u00fasica del <\/em><em>Instituto Superior de Arte de La Habana<\/em><\/li>\n<li><em>Adem\u00e1s participan en el Festival de Conjuntos de C\u00e1mara, que se llevar\u00e1 a cabo este mes en tierras cubanas<\/em><\/li>\n<\/ul>\n<p><strong>\u00a0<\/strong><\/p>\n<div id=\"attachment_44631\" style=\"width: 732px\" class=\"wp-caption aligncenter\"><a href=\"https:\/\/www.uv.mx\/prensa\/files\/2018\/04\/020418-Carlos-JazzUV-1.jpg\"><img loading=\"lazy\" decoding=\"async\" aria-describedby=\"caption-attachment-44631\" class=\"size-full wp-image-44631\" src=\"https:\/\/www.uv.mx\/prensa\/files\/2018\/04\/020418-Carlos-JazzUV-1.jpg\" alt=\"\" width=\"722\" height=\"482\" srcset=\"https:\/\/www.uv.mx\/prensa\/files\/2018\/04\/020418-Carlos-JazzUV-1.jpg 722w, https:\/\/www.uv.mx\/prensa\/files\/2018\/04\/020418-Carlos-JazzUV-1-300x200.jpg 300w\" sizes=\"auto, (max-width: 722px) 100vw, 722px\" \/><\/a><p id=\"caption-attachment-44631\" class=\"wp-caption-text\">Integrantes de Jazzuv apuestan a la internacionalizaci\u00f3n<\/p><\/div>\n<p><strong><em>\u00a0<\/em><\/strong><\/p>\n<p><strong><em>Carlos Hugo Hermida Rosales<\/em><\/strong><\/p>\n<p><strong><em>10\/04\/18, Xalapa, Ver.-<\/em> <\/strong>El acad\u00e9mico Francisco Lelo de Larrea y los estudiantes Efr\u00e9n Pons Ram\u00edrez, Gustavo Bureau Guerola y Obed Francisco Orozco Luis, del <a href=\"https:\/\/www.uv.mx\/jazzuv\" target=\"_blank\" rel=\"noopener\">Centro de Estudios de Jazz<\/a> de la Universidad Veracruzana (<em>Jazzuv<\/em>), realizan una estancia acad\u00e9mica en la Facultad de M\u00fasica del Instituto Superior de Arte (ISA) de La Habana, Cuba, desde el 9 y hasta el 13 de abril.<\/p>\n<p>Adem\u00e1s participan en el Festival de Conjuntos de C\u00e1mara que se lleva a cabo en estas fechas. El tr\u00edo de estudiantes, dirigidos por Lelo de Larrea, interpretar\u00e1 la melod\u00eda <em>Five hundred miles<\/em>, as\u00ed como un repertorio musical del fallecido jazzista John Leslie Montgomery.<\/p>\n<p>Gustavo Bureau manifest\u00f3 que como alumno de <em>Jazzuv<\/em> es un honor representar a la UV en dicho festival, adem\u00e1s de la gran experiencia que le dejar\u00e1 recibir c\u00e1tedra de profesores del ISA, ya que esta instituci\u00f3n tiene un gran nivel educativo.<\/p>\n<p>\u201cLo m\u00e1s importante de esta estancia es la oportunidad de crear contactos y relaciones, las cuales son indispensables en el \u00e1mbito profesional de cualquier m\u00fasico\u201d, asegur\u00f3.<\/p>\n<p>Obed Orozco expres\u00f3 que tocar en Cuba y representar a la UV es un gran logro dentro de su formaci\u00f3n como jazzista, y afirm\u00f3 que eventos de este tipo ayudan a la Universidad a expandir sus fronteras, ya que se beneficia mucho de estas estancias internacionales.<\/p>\n<p>&nbsp;<\/p>\n<div id=\"attachment_44633\" style=\"width: 732px\" class=\"wp-caption aligncenter\"><a href=\"https:\/\/www.uv.mx\/prensa\/files\/2018\/04\/020418-Carlos-JazzUV-2.jpg\"><img loading=\"lazy\" decoding=\"async\" aria-describedby=\"caption-attachment-44633\" class=\"size-full wp-image-44633\" src=\"https:\/\/www.uv.mx\/prensa\/files\/2018\/04\/020418-Carlos-JazzUV-2.jpg\" alt=\"\" width=\"722\" height=\"482\" srcset=\"https:\/\/www.uv.mx\/prensa\/files\/2018\/04\/020418-Carlos-JazzUV-2.jpg 722w, https:\/\/www.uv.mx\/prensa\/files\/2018\/04\/020418-Carlos-JazzUV-2-300x200.jpg 300w\" sizes=\"auto, (max-width: 722px) 100vw, 722px\" \/><\/a><p id=\"caption-attachment-44633\" class=\"wp-caption-text\">Gustavo Bureau Guerola<\/p><\/div>\n<p>&nbsp;<\/p>\n<p>Asegur\u00f3 que dentro de <em>Jazzuv<\/em> ha adquirido muchas herramientas para dejar en alto el nombre de la UV en territorio cubano.<\/p>\n<p>Expres\u00f3 estar agradecido con las autoridades universitarias, as\u00ed como con docentes y trabajadores de <em>Jazzuv<\/em>, quienes en todo momento le apoyaron para realizar este viaje.<\/p>\n<p>Juan Rafael Alcal\u00e1 Hinojosa, coordinador general de <em>Jazzuv<\/em>, mencion\u00f3 que es la primera vez que esta entidad acad\u00e9mica logra realizar dos movilidades internacionales de forma paralela, en este caso son de un docente y tres estudiantes.<\/p>\n<p>Coment\u00f3 que estas actividades de movilidad fueron posibles gracias al respaldo de la <a href=\"https:\/\/www.uv.mx\/artes\/\" target=\"_blank\" rel=\"noopener\">Direcci\u00f3n General del \u00c1rea Acad\u00e9mica de Artes<\/a>, dirigida por Miguel Flores Covarrubias, quien ha trabajado mucho por crear v\u00ednculos con instituciones educativas miembros de la Red Universitaria de Artes (RUA).<\/p>\n<p>\u201cGracias a esta gran labor, los estudiantes pueden conocer otros horizontes y as\u00ed pulir su formaci\u00f3n universitaria.\u201d<\/p>\n<p>Enunci\u00f3 que la posici\u00f3n de <em>Jazzuv<\/em> es fortalecer el trabajo y las redes de contacto con otras instituciones educativas, as\u00ed como marcar pautas para los siguientes proyectos de movilidad.<\/p>\n<p>\u201c<em>Jazzuv<\/em> apuesta a la internacionalizaci\u00f3n de sus integrantes, ya que los programa educativos deben medirse y tener referentes en \u00e1mbitos internacionales para lograr un est\u00e1ndar de calidad, y reflexionar sobre el trabajo realizado internamente\u201d, declar\u00f3.<\/p>\n<p>&nbsp;<\/p>\n<div id=\"attachment_44635\" style=\"width: 732px\" class=\"wp-caption aligncenter\"><a href=\"https:\/\/www.uv.mx\/prensa\/files\/2018\/04\/020418-Carlos-JazzUV-3.jpg\"><img loading=\"lazy\" decoding=\"async\" aria-describedby=\"caption-attachment-44635\" class=\"size-full wp-image-44635\" src=\"https:\/\/www.uv.mx\/prensa\/files\/2018\/04\/020418-Carlos-JazzUV-3.jpg\" alt=\"\" width=\"722\" height=\"482\" srcset=\"https:\/\/www.uv.mx\/prensa\/files\/2018\/04\/020418-Carlos-JazzUV-3.jpg 722w, https:\/\/www.uv.mx\/prensa\/files\/2018\/04\/020418-Carlos-JazzUV-3-300x200.jpg 300w\" sizes=\"auto, (max-width: 722px) 100vw, 722px\" \/><\/a><p id=\"caption-attachment-44635\" class=\"wp-caption-text\">Obed Francisco Orozco Luis<\/p><\/div>\n","protected":false},"excerpt":{"rendered":"<p>Obed Orozco expres\u00f3 que tocar en Cuba y representar a la UV es un gran logro dentro de su formaci\u00f3n como jazzista<\/p>\n","protected":false},"author":1869,"featured_media":44641,"comment_status":"closed","ping_status":"closed","sticky":false,"template":"","format":"standard","meta":{"footnotes":""},"categories":[61],"tags":[162],"class_list":["post-44629","post","type-post","status-publish","format-standard","has-post-thumbnail","hentry","category-banner","tag-jazzuv"],"_links":{"self":[{"href":"https:\/\/www.uv.mx\/prensa\/wp-json\/wp\/v2\/posts\/44629","targetHints":{"allow":["GET"]}}],"collection":[{"href":"https:\/\/www.uv.mx\/prensa\/wp-json\/wp\/v2\/posts"}],"about":[{"href":"https:\/\/www.uv.mx\/prensa\/wp-json\/wp\/v2\/types\/post"}],"author":[{"embeddable":true,"href":"https:\/\/www.uv.mx\/prensa\/wp-json\/wp\/v2\/users\/1869"}],"replies":[{"embeddable":true,"href":"https:\/\/www.uv.mx\/prensa\/wp-json\/wp\/v2\/comments?post=44629"}],"version-history":[{"count":0,"href":"https:\/\/www.uv.mx\/prensa\/wp-json\/wp\/v2\/posts\/44629\/revisions"}],"wp:featuredmedia":[{"embeddable":true,"href":"https:\/\/www.uv.mx\/prensa\/wp-json\/wp\/v2\/media\/44641"}],"wp:attachment":[{"href":"https:\/\/www.uv.mx\/prensa\/wp-json\/wp\/v2\/media?parent=44629"}],"wp:term":[{"taxonomy":"category","embeddable":true,"href":"https:\/\/www.uv.mx\/prensa\/wp-json\/wp\/v2\/categories?post=44629"},{"taxonomy":"post_tag","embeddable":true,"href":"https:\/\/www.uv.mx\/prensa\/wp-json\/wp\/v2\/tags?post=44629"}],"curies":[{"name":"wp","href":"https:\/\/api.w.org\/{rel}","templated":true}]}}