{"id":44616,"date":"2018-04-10T10:32:13","date_gmt":"2018-04-10T15:32:13","guid":{"rendered":"https:\/\/www.uv.mx\/prensa\/?p=44616"},"modified":"2018-04-10T13:41:30","modified_gmt":"2018-04-10T18:41:30","slug":"uv-potenciara-investigacion-y-educacion-en-linea","status":"publish","type":"post","link":"https:\/\/www.uv.mx\/prensa\/banner\/uv-potenciara-investigacion-y-educacion-en-linea\/","title":{"rendered":"UV potenciar\u00e1 investigaci\u00f3n y educaci\u00f3n en l\u00ednea"},"content":{"rendered":"<ul>\n<li><em>Para ello crear\u00e1 el Consejo Consultivo de Investigaci\u00f3n y el Consejo Consultivo para la Consolidaci\u00f3n de la Educaci\u00f3n en L\u00ednea<\/em><\/li>\n<\/ul>\n<p>&nbsp;<\/p>\n<div id=\"attachment_44617\" style=\"width: 732px\" class=\"wp-caption aligncenter\"><a href=\"https:\/\/www.uv.mx\/prensa\/files\/2018\/04\/100418-Consejos-Consultivos.jpg\"><img loading=\"lazy\" decoding=\"async\" aria-describedby=\"caption-attachment-44617\" class=\"wp-image-44617 size-full\" src=\"https:\/\/www.uv.mx\/prensa\/files\/2018\/04\/100418-Consejos-Consultivos.jpg\" alt=\"\" width=\"722\" height=\"481\" srcset=\"https:\/\/www.uv.mx\/prensa\/files\/2018\/04\/100418-Consejos-Consultivos.jpg 722w, https:\/\/www.uv.mx\/prensa\/files\/2018\/04\/100418-Consejos-Consultivos-300x200.jpg 300w\" sizes=\"auto, (max-width: 722px) 100vw, 722px\" \/><\/a><p id=\"caption-attachment-44617\" class=\"wp-caption-text\">\u00c1ngel Trigos Landa present\u00f3 el Consejo Consultivo de Investigaci\u00f3n<\/p><\/div>\n<p>&nbsp;<\/p>\n<p><strong><em>Paola Cort\u00e9s P\u00e9rez<\/em><\/strong><\/p>\n<p><strong><em>10\/04\/18, Xalapa, Ver.-<\/em><\/strong> El Consejo Universitario General (CUG) aprob\u00f3 por mayor\u00eda de votos la creaci\u00f3n de los consejos consultivos de Investigaci\u00f3n y para la Consolidaci\u00f3n de la Educaci\u00f3n en L\u00ednea, con el objetivo de fortalecer la investigaci\u00f3n y la educaci\u00f3n en l\u00ednea que la Universidad Veracruzana (UV) desarrolla al interior.<\/p>\n<p>\u00c1ngel Trigos Landa, titular de la <a href=\"https:\/\/www.uv.mx\/investigacion\/\" target=\"_blank\" rel=\"noopener\">Direcci\u00f3n General de Investigaciones<\/a> (DGI), habl\u00f3 sobre la relevancia de contar con un Consejo Consultivo de Investigaci\u00f3n, ante el pleno del CUG en sesi\u00f3n ordinaria del 23 de marzo.<\/p>\n<p>Mencion\u00f3 que la investigaci\u00f3n es una actividad sustancial para la formaci\u00f3n de los alumnos y del personal acad\u00e9mico de la UV, por ello es importante impulsar nuevas estrategias que permitan relacionar el aprendizaje de nuevos conocimientos con la investigaci\u00f3n, a fin de identificar problemas y plantear soluciones.<\/p>\n<p>Explic\u00f3 que el Consejo Consultivo de Investigaci\u00f3n estar\u00e1 integrado por siete investigadores destacados de la UV, propuestos por la <a href=\"https:\/\/www.uv.mx\/secretariaacademica\/\" target=\"_blank\" rel=\"noopener\">Secretar\u00eda Acad\u00e9mica<\/a>, y ser\u00e1n designados y promovidos por el rector en turno. Tambi\u00e9n formar\u00e1n parte los coordinadores de la DGI y el Director General de Investigaciones ser\u00e1 quien convoque y dirija las sesiones.<\/p>\n<p>Las funciones del consejo, indic\u00f3, ser\u00e1n: coadyuvar a la DGI en la formulaci\u00f3n de un proyecto institucional que integre las actividades de investigaci\u00f3n; promover entre los acad\u00e9micos la investigaci\u00f3n b\u00e1sica y la aplicaci\u00f3n del conocimiento que abone al prestigio de la UV, as\u00ed como la formaci\u00f3n de estudiantes de licenciatura y posgrado.<\/p>\n<p>Apoyar en el dise\u00f1o, evaluaci\u00f3n y promoci\u00f3n de las estrat\u00e9gicas y acciones orientadas a la prestaci\u00f3n de servicios, al sector productivo e interno; propiciar la investigaci\u00f3n transversal con miras a investigar problemas prioritarios de inter\u00e9s regional, nacional e internacional; proponer \u2013dentro del marco de la ley\u2013 la simplificaci\u00f3n de los procesos, tr\u00e1mites y controles para el desarrollo del quehacer de la investigaci\u00f3n; promover el desarrollo de redes de investigaci\u00f3n nacionales e internacionales; propiciar la vinculaci\u00f3n entre proyectos de investigaci\u00f3n de facultades, institutos y centros; promover una cultura de trabajo colaborativo entre los acad\u00e9micos de la UV.<\/p>\n<p>Con relaci\u00f3n al Consejo Consultivo para la Consolidaci\u00f3n de la Educaci\u00f3n en L\u00ednea en la UV, Juan Carlos Jim\u00e9nez M\u00e1rquez, director general de Tecnolog\u00eda de la Informaci\u00f3n, explic\u00f3 que ser\u00e1 un \u00f3rgano colegiado para promover y coordinar las estrategias, mecanismos y acciones para el cumplimiento de las fases del desarrollo de la educaci\u00f3n en l\u00ednea.<\/p>\n<p>\u201cBusca coordinar las acciones de an\u00e1lisis, desarrollo y gesti\u00f3n necesaria para el despliegue de una innovadora etapa institucional en el aprovechamiento de este enfoque educativo.\u201d<\/p>\n<p>Destac\u00f3 que su creaci\u00f3n facilitar\u00e1 la integraci\u00f3n en torno al eje acad\u00e9mico de los recursos humanos, tecnol\u00f3gicos y financieros con los que cuenta la Universidad.<\/p>\n","protected":false},"excerpt":{"rendered":"<p>Es importante impulsar estrategias que permitan relacionar el aprendizaje con la investigaci\u00f3n, a fin de identificar problemas y plantear soluciones, destac\u00f3 \u00c1ngel Trigos Landa, titular de la Direcci\u00f3n General de Investigaciones<\/p>\n","protected":false},"author":1869,"featured_media":44639,"comment_status":"closed","ping_status":"closed","sticky":false,"template":"","format":"standard","meta":{"footnotes":""},"categories":[61],"tags":[223,241],"class_list":["post-44616","post","type-post","status-publish","format-standard","has-post-thumbnail","hentry","category-banner","tag-consejo-universitario-general-cug","tag-direccion-general-de-investigaciones-dgi"],"_links":{"self":[{"href":"https:\/\/www.uv.mx\/prensa\/wp-json\/wp\/v2\/posts\/44616","targetHints":{"allow":["GET"]}}],"collection":[{"href":"https:\/\/www.uv.mx\/prensa\/wp-json\/wp\/v2\/posts"}],"about":[{"href":"https:\/\/www.uv.mx\/prensa\/wp-json\/wp\/v2\/types\/post"}],"author":[{"embeddable":true,"href":"https:\/\/www.uv.mx\/prensa\/wp-json\/wp\/v2\/users\/1869"}],"replies":[{"embeddable":true,"href":"https:\/\/www.uv.mx\/prensa\/wp-json\/wp\/v2\/comments?post=44616"}],"version-history":[{"count":0,"href":"https:\/\/www.uv.mx\/prensa\/wp-json\/wp\/v2\/posts\/44616\/revisions"}],"wp:featuredmedia":[{"embeddable":true,"href":"https:\/\/www.uv.mx\/prensa\/wp-json\/wp\/v2\/media\/44639"}],"wp:attachment":[{"href":"https:\/\/www.uv.mx\/prensa\/wp-json\/wp\/v2\/media?parent=44616"}],"wp:term":[{"taxonomy":"category","embeddable":true,"href":"https:\/\/www.uv.mx\/prensa\/wp-json\/wp\/v2\/categories?post=44616"},{"taxonomy":"post_tag","embeddable":true,"href":"https:\/\/www.uv.mx\/prensa\/wp-json\/wp\/v2\/tags?post=44616"}],"curies":[{"name":"wp","href":"https:\/\/api.w.org\/{rel}","templated":true}]}}