{"id":44553,"date":"2018-04-08T07:00:35","date_gmt":"2018-04-08T12:00:35","guid":{"rendered":"https:\/\/www.uv.mx\/prensa\/?p=44553"},"modified":"2018-04-09T12:34:27","modified_gmt":"2018-04-09T17:34:27","slug":"arte-conlleva-un-mensaje-social-roberto-franco","status":"publish","type":"post","link":"https:\/\/www.uv.mx\/prensa\/cultura\/arte-conlleva-un-mensaje-social-roberto-franco\/","title":{"rendered":"Arte conlleva un mensaje social: Roberto Franco"},"content":{"rendered":"<ul>\n<li><em>Manifestaciones art\u00edsticas tienen el compromiso de fomentar la igualdad y la inclusi\u00f3n, afirm\u00f3 el actor <\/em><\/li>\n<li><em>Plante\u00f3 que el cabaret puede ser una v\u00eda para enfrentar la discriminaci\u00f3n<\/em><\/li>\n<\/ul>\n<p><strong><em>\u00a0<\/em><\/strong><\/p>\n<div id=\"attachment_44550\" style=\"width: 732px\" class=\"wp-caption aligncenter\"><a href=\"https:\/\/www.uv.mx\/prensa\/files\/2018\/04\/080418-transcabaret.jpg\"><img aria-describedby=\"caption-attachment-44550\" decoding=\"async\" loading=\"lazy\" class=\"size-full wp-image-44550\" src=\"https:\/\/www.uv.mx\/prensa\/files\/2018\/04\/080418-transcabaret.jpg\" alt=\"\" width=\"722\" height=\"481\" srcset=\"https:\/\/www.uv.mx\/prensa\/files\/2018\/04\/080418-transcabaret.jpg 722w, https:\/\/www.uv.mx\/prensa\/files\/2018\/04\/080418-transcabaret-300x200.jpg 300w\" sizes=\"(max-width: 722px) 100vw, 722px\" \/><\/a><p id=\"caption-attachment-44550\" class=\"wp-caption-text\">Roberto Franco<\/p><\/div>\n<p><strong><em>\u00a0<\/em><\/strong><\/p>\n<p><strong><em>Carlos Hugo Hermida Rosales<\/em><\/strong><\/p>\n<p><strong><em>08\/04\/18, Xalapa, Ver.- <\/em><\/strong>Roberto Franco, actor y productor teatral independiente, afirm\u00f3 que el cabaret es un excelente veh\u00edculo para expresar la problem\u00e1tica de discriminaci\u00f3n que enfrentan las personas transexuales, ya que es un espect\u00e1culo esc\u00e9nico muy potente en el que se puede llegar al p\u00fablico de una manera directa y reflexiva.<\/p>\n<p>\u201cLa fortaleza del cabaret radica en que tiene la capacidad de aglomerar danza, teatro y m\u00fasica, por lo cual es un arma poderosa para tratar temas pol\u00edticos, religiosos y sociales\u201d, explic\u00f3.<\/p>\n<p>Roberto Franco particip\u00f3 en la mesa de di\u00e1logo \u201cTranscabaret\u201d, que se llev\u00f3 a cabo el 6 de abril en la Casa del Lago de la Universidad Veracruzana (UV), Centro Cultural, dentro del 1er Encuentro Cabaret, que form\u00f3 parte del programa del Festival del D\u00eda Mundial de Teatro Xalapa 2018.<\/p>\n<p>El actor mencion\u00f3 que la discriminaci\u00f3n que enfrentan las personas transexuales se debe a la concepci\u00f3n que la sociedad tiene de lo masculino y lo femenino, construcciones sociales que la misma sociedad considera inamovibles.<\/p>\n<p>\u201cCuando alguien quiere transitar a un sexo distinto al que naci\u00f3, se genera un rechazo social, religioso, pol\u00edtico e incluso familiar, que obliga a esa persona a vivir al margen debido a que todo lo que se sale del molde social establecido no es correcto.\u201d<\/p>\n<p>Declar\u00f3 que el arte es una herramienta muy \u00fatil para cambiar de mentalidad pues puede ser promotor de ideas que trasciendan la conciencia de las personas. \u201cLos artistas no deben crear arte s\u00f3lo para divertir al p\u00fablico, siempre debe dejar un mensaje social\u201d, enfatiz\u00f3.<\/p>\n<p>Franco enunci\u00f3 que el arte tiene el compromiso de fomentar la igualdad y la inclusi\u00f3n social, lo cual es fundamental para la sociedad pues es de las pocas cosas que la pueden rescatar de la crisis que atraviesa en la actualidad.<\/p>\n","protected":false},"excerpt":{"rendered":"<p>\u201cLa fortaleza del cabaret radica en su capacidad de aglomerar danza, teatro y m\u00fasica, por lo cual es un arma poderosa para tratar temas pol\u00edticos, religiosos y sociales, destac\u00f3 el actor y productor teatral<\/p>\n","protected":false},"author":1869,"featured_media":44550,"comment_status":"closed","ping_status":"closed","sticky":false,"template":"","format":"standard","meta":[],"categories":[11],"tags":[],"_links":{"self":[{"href":"https:\/\/www.uv.mx\/prensa\/wp-json\/wp\/v2\/posts\/44553"}],"collection":[{"href":"https:\/\/www.uv.mx\/prensa\/wp-json\/wp\/v2\/posts"}],"about":[{"href":"https:\/\/www.uv.mx\/prensa\/wp-json\/wp\/v2\/types\/post"}],"author":[{"embeddable":true,"href":"https:\/\/www.uv.mx\/prensa\/wp-json\/wp\/v2\/users\/1869"}],"replies":[{"embeddable":true,"href":"https:\/\/www.uv.mx\/prensa\/wp-json\/wp\/v2\/comments?post=44553"}],"version-history":[{"count":0,"href":"https:\/\/www.uv.mx\/prensa\/wp-json\/wp\/v2\/posts\/44553\/revisions"}],"wp:featuredmedia":[{"embeddable":true,"href":"https:\/\/www.uv.mx\/prensa\/wp-json\/wp\/v2\/media\/44550"}],"wp:attachment":[{"href":"https:\/\/www.uv.mx\/prensa\/wp-json\/wp\/v2\/media?parent=44553"}],"wp:term":[{"taxonomy":"category","embeddable":true,"href":"https:\/\/www.uv.mx\/prensa\/wp-json\/wp\/v2\/categories?post=44553"},{"taxonomy":"post_tag","embeddable":true,"href":"https:\/\/www.uv.mx\/prensa\/wp-json\/wp\/v2\/tags?post=44553"}],"curies":[{"name":"wp","href":"https:\/\/api.w.org\/{rel}","templated":true}]}}