{"id":44487,"date":"2018-04-07T07:00:29","date_gmt":"2018-04-07T12:00:29","guid":{"rendered":"https:\/\/www.uv.mx\/prensa\/?p=44487"},"modified":"2021-10-22T09:54:35","modified_gmt":"2021-10-22T14:54:35","slug":"estudiantes-de-artes-plasticas-exponen-en-la-rac","status":"publish","type":"post","link":"https:\/\/www.uv.mx\/prensa\/general\/estudiantes-de-artes-plasticas-exponen-en-la-rac\/","title":{"rendered":"Estudiantes de Artes Pl\u00e1sticas exponen en la RAC"},"content":{"rendered":"<ul>\n<li><em>Se exhiben 71 obras de 49 alumnos de los tres programas educativos que ofrece la Facultad, hasta el 29 de abril<\/em><\/li>\n<\/ul>\n<p>&nbsp;<\/p>\n<div id=\"attachment_44495\" style=\"width: 732px\" class=\"wp-caption aligncenter\"><a href=\"https:\/\/www.uv.mx\/prensa\/files\/2018\/04\/Exposicion-colectiva-1-100k.jpg\"><img aria-describedby=\"caption-attachment-44495\" decoding=\"async\" loading=\"lazy\" class=\"size-full wp-image-44495\" src=\"https:\/\/www.uv.mx\/prensa\/files\/2018\/04\/Exposicion-colectiva-1-100k.jpg\" alt=\"\" width=\"722\" height=\"481\" srcset=\"https:\/\/www.uv.mx\/prensa\/files\/2018\/04\/Exposicion-colectiva-1-100k.jpg 722w, https:\/\/www.uv.mx\/prensa\/files\/2018\/04\/Exposicion-colectiva-1-100k-300x200.jpg 300w\" sizes=\"(max-width: 722px) 100vw, 722px\" \/><\/a><p id=\"caption-attachment-44495\" class=\"wp-caption-text\">La exposici\u00f3n colectiva estar\u00e1 abierta al p\u00fablico hasta el 29 de abril<\/p><\/div>\n<p>&nbsp;<\/p>\n<p><strong><em>Paola Cort\u00e9s P\u00e9rez<\/em><\/strong><\/p>\n<p><strong><em>07\/04\/2018, Xalapa, Ver.-<\/em><\/strong>Estudiantes de la <a href=\"https:\/\/www.uv.mx\/artesplasticas\/\" target=\"_blank\" rel=\"noopener\">Facultad de Artes Pl\u00e1sticas<\/a> (FAP) de la Universidad Veracruzana (UV) inauguraron una exposici\u00f3n colectiva en la Galer\u00eda Universitaria \u201cRam\u00f3n Alva de la Canal\u201d (RAC), que estar\u00e1 abierta al p\u00fablico hasta el 29 de abril.<\/p>\n<p>La inauguraci\u00f3n se realiz\u00f3 la noche del mi\u00e9rcoles 4 de abril, con la presencia de Magdalena Hern\u00e1ndez Alarc\u00f3n, secretaria Acad\u00e9mica; Miguel Flores Covarrubias, director general del \u00c1rea Acad\u00e9mica de Artes, y Ana Gabriela Ram\u00edrez Liz\u00e1rraga, directora de la Facultad.<\/p>\n<p>La muestra registr\u00f3 una numerosa asistencia de estudiantes universitarios. Cada una de las salas de la RAC estuvo llena de j\u00f3venes interesados en el arte, as\u00ed como profesores y familiares de los expositores.<\/p>\n<p>\u201cEs una muestra de trabajos recientes, donde encontrar\u00e1n una gran variedad de obras con una alta factura t\u00e9cnica\/formal, las cuales conjuntan aspectos sem\u00e1nticos y sint\u00e1cticos amalgamados de forma novedosa e interesante\u201d, expres\u00f3 Alfredo Garc\u00eda Mart\u00ednez, docente de la Licenciatura en Artes Visuales, quien fue el responsable del texto de sala.<\/p>\n<p>&nbsp;<\/p>\n<div id=\"attachment_44500\" style=\"width: 732px\" class=\"wp-caption aligncenter\"><a href=\"https:\/\/www.uv.mx\/prensa\/files\/2018\/04\/Exposicion-colectiva-2-100k.jpg\"><img aria-describedby=\"caption-attachment-44500\" decoding=\"async\" loading=\"lazy\" class=\"size-full wp-image-44500\" src=\"https:\/\/www.uv.mx\/prensa\/files\/2018\/04\/Exposicion-colectiva-2-100k.jpg\" alt=\"\" width=\"722\" height=\"481\" srcset=\"https:\/\/www.uv.mx\/prensa\/files\/2018\/04\/Exposicion-colectiva-2-100k.jpg 722w, https:\/\/www.uv.mx\/prensa\/files\/2018\/04\/Exposicion-colectiva-2-100k-300x200.jpg 300w\" sizes=\"(max-width: 722px) 100vw, 722px\" \/><\/a><p id=\"caption-attachment-44500\" class=\"wp-caption-text\">Los estudiantes presentan trabajos de pintura, cer\u00e1mica, litograf\u00eda hasta fotograf\u00eda<\/p><\/div>\n<p>&nbsp;<\/p>\n<p>Expres\u00f3 que las piezas reflejan el nivel formativo alcanzado por los expositores, es visible la relaci\u00f3n de la teor\u00eda, la reflexi\u00f3n y la pr\u00e1ctica dentro del proceso de creaci\u00f3n y formaci\u00f3n art\u00edstica.<\/p>\n<p>\u201cEstamos ante una variedad de propuestas art\u00edsticas en la que enlazan emociones, sentimientos, supuestos y teor\u00edas. Las obras son ricas en tem\u00e1ticas, problem\u00e1ticas y soluciones formales.\u201d<\/p>\n<p>En tanto,Ram\u00edrez Liz\u00e1rraga coment\u00f3 que los objetivos principales de la exposici\u00f3n son vincular a los estudiantes con la sociedad, que muestren su quehacer cotidiano y fortalezcan sus saberes al enfrentarlos a un mercado real.<\/p>\n<p>\u201cEs una actividad profesionalizante en la que participan estudiantes de los programas educativos de las licenciaturas: Fotograf\u00eda, Dise\u00f1o de la Comunicaci\u00f3n Visual y Artes Visuales. Presentan trabajos de diferentes disciplinas: dibujo, fotograf\u00eda, gr\u00e1fica, litograf\u00eda, xilograf\u00eda, arte objeto, libros de artista, cer\u00e1mica y escultura.\u201d<\/p>\n<div id=\"attachment_44501\" style=\"width: 732px\" class=\"wp-caption aligncenter\"><a href=\"https:\/\/www.uv.mx\/prensa\/files\/2018\/04\/Exposicion-colectiva-3-100k.jpg\"><img aria-describedby=\"caption-attachment-44501\" decoding=\"async\" loading=\"lazy\" class=\"size-full wp-image-44501\" src=\"https:\/\/www.uv.mx\/prensa\/files\/2018\/04\/Exposicion-colectiva-3-100k.jpg\" alt=\"\" width=\"722\" height=\"481\" srcset=\"https:\/\/www.uv.mx\/prensa\/files\/2018\/04\/Exposicion-colectiva-3-100k.jpg 722w, https:\/\/www.uv.mx\/prensa\/files\/2018\/04\/Exposicion-colectiva-3-100k-300x200.jpg 300w\" sizes=\"(max-width: 722px) 100vw, 722px\" \/><\/a><p id=\"caption-attachment-44501\" class=\"wp-caption-text\">Los estudiantes presentan trabajos de pintura, cer\u00e1mica, litograf\u00eda hasta fotograf\u00eda<\/p><\/div>\n<p>&nbsp;<\/p>\n<p>Mencion\u00f3 que son 71 obras expuestas, de ellas la mayor\u00eda son fotograf\u00edas, realizadas por 49 estudiantes de segundo a noveno grado.<\/p>\n<p>\u201cLa convocatoria se hizo desde noviembre de 2017, con la intenci\u00f3n de mostrar el trabajo que hacemos al interior de la Facultad y para generar v\u00ednculos con la galer\u00eda y la sociedad en general.\u201d<\/p>\n<p>Adelant\u00f3 que esta exposici\u00f3n colectiva se realizar\u00e1 cada a\u00f1o, toda vez que los estudiantes est\u00e1n \u00e1vidos de tener espacios donde mostrar sus obras y darse a conocer en el mercado real.<\/p>\n<p>Cabe mencionar que algunas obras est\u00e1n en venta y la totalidad de los recursos ser\u00e1n para los autores.<\/p>\n<div id=\"attachment_44499\" style=\"width: 732px\" class=\"wp-caption aligncenter\"><a href=\"https:\/\/www.uv.mx\/prensa\/files\/2018\/04\/Exposicion-colectiva-4-100k.jpg\"><img aria-describedby=\"caption-attachment-44499\" decoding=\"async\" loading=\"lazy\" class=\"size-full wp-image-44499\" src=\"https:\/\/www.uv.mx\/prensa\/files\/2018\/04\/Exposicion-colectiva-4-100k.jpg\" alt=\"\" width=\"722\" height=\"481\" srcset=\"https:\/\/www.uv.mx\/prensa\/files\/2018\/04\/Exposicion-colectiva-4-100k.jpg 722w, https:\/\/www.uv.mx\/prensa\/files\/2018\/04\/Exposicion-colectiva-4-100k-300x200.jpg 300w\" sizes=\"(max-width: 722px) 100vw, 722px\" \/><\/a><p id=\"caption-attachment-44499\" class=\"wp-caption-text\">Ana Gabriela Ram\u00edrez dijo que la exposici\u00f3n es una actividad profesionalizante para los estudiantes<\/p><\/div>\n","protected":false},"excerpt":{"rendered":"<p>Las piezas reflejan el nivel formativo alcanzado por los expositores, es visible la relaci\u00f3n entre la teor\u00eda, la reflexi\u00f3n y la pr\u00e1ctica dentro del proceso de creaci\u00f3n y formaci\u00f3n art\u00edstica<\/p>\n","protected":false},"author":1775,"featured_media":44495,"comment_status":"closed","ping_status":"closed","sticky":false,"template":"","format":"standard","meta":[],"categories":[1],"tags":[1941,1476,103,2078,4164,1273,1272],"_links":{"self":[{"href":"https:\/\/www.uv.mx\/prensa\/wp-json\/wp\/v2\/posts\/44487"}],"collection":[{"href":"https:\/\/www.uv.mx\/prensa\/wp-json\/wp\/v2\/posts"}],"about":[{"href":"https:\/\/www.uv.mx\/prensa\/wp-json\/wp\/v2\/types\/post"}],"author":[{"embeddable":true,"href":"https:\/\/www.uv.mx\/prensa\/wp-json\/wp\/v2\/users\/1775"}],"replies":[{"embeddable":true,"href":"https:\/\/www.uv.mx\/prensa\/wp-json\/wp\/v2\/comments?post=44487"}],"version-history":[{"count":1,"href":"https:\/\/www.uv.mx\/prensa\/wp-json\/wp\/v2\/posts\/44487\/revisions"}],"predecessor-version":[{"id":103387,"href":"https:\/\/www.uv.mx\/prensa\/wp-json\/wp\/v2\/posts\/44487\/revisions\/103387"}],"wp:featuredmedia":[{"embeddable":true,"href":"https:\/\/www.uv.mx\/prensa\/wp-json\/wp\/v2\/media\/44495"}],"wp:attachment":[{"href":"https:\/\/www.uv.mx\/prensa\/wp-json\/wp\/v2\/media?parent=44487"}],"wp:term":[{"taxonomy":"category","embeddable":true,"href":"https:\/\/www.uv.mx\/prensa\/wp-json\/wp\/v2\/categories?post=44487"},{"taxonomy":"post_tag","embeddable":true,"href":"https:\/\/www.uv.mx\/prensa\/wp-json\/wp\/v2\/tags?post=44487"}],"curies":[{"name":"wp","href":"https:\/\/api.w.org\/{rel}","templated":true}]}}