{"id":44406,"date":"2018-04-05T10:01:11","date_gmt":"2018-04-05T15:01:11","guid":{"rendered":"https:\/\/www.uv.mx\/prensa\/?p=44406"},"modified":"2021-10-22T09:46:15","modified_gmt":"2021-10-22T14:46:15","slug":"uv-fortalecera-internacionalizacion-de-su-planta-docente","status":"publish","type":"post","link":"https:\/\/www.uv.mx\/prensa\/general\/uv-fortalecera-internacionalizacion-de-su-planta-docente\/","title":{"rendered":"UV fortalecer\u00e1 internacionalizaci\u00f3n de su planta docente"},"content":{"rendered":"<ul>\n<li><em>Ante directivos, funcionarios, acad\u00e9micos y autoridades se anunci\u00f3 el Programa Habilitaci\u00f3n del Perfil Internacional, a cargo de la Direcci\u00f3n General de Relaciones Internacionales<\/em><\/li>\n<\/ul>\n<p>&nbsp;<\/p>\n<div id=\"attachment_44457\" style=\"width: 732px\" class=\"wp-caption aligncenter\"><a href=\"https:\/\/www.uv.mx\/prensa\/files\/2018\/04\/050418-Programa-Hapi.jpg\"><img loading=\"lazy\" decoding=\"async\" aria-describedby=\"caption-attachment-44457\" class=\"wp-image-44457 size-full\" src=\"https:\/\/www.uv.mx\/prensa\/files\/2018\/04\/050418-Programa-Hapi.jpg\" alt=\"\" width=\"722\" height=\"481\" srcset=\"https:\/\/www.uv.mx\/prensa\/files\/2018\/04\/050418-Programa-Hapi.jpg 722w, https:\/\/www.uv.mx\/prensa\/files\/2018\/04\/050418-Programa-Hapi-300x200.jpg 300w\" sizes=\"auto, (max-width: 722px) 100vw, 722px\" \/><\/a><p id=\"caption-attachment-44457\" class=\"wp-caption-text\">Mario Oliva dio a conocer el Programa Hapi y Rafael D\u00edaz inform\u00f3 sobre las convocatorias para acad\u00e9micos<\/p><\/div>\n<p>&nbsp;<\/p>\n<p><strong><em>David Sandoval Rodr\u00edguez<\/em><\/strong><\/p>\n<p><strong><em>05\/04\/18, Xalapa, Ver.-<\/em><\/strong> El fortalecimiento de la planta docente de la Universidad Veracruzana (UV) conlleva un impulso a la internacionalizaci\u00f3n y la movilidad de acad\u00e9micos, plante\u00f3 Mario Oliva Su\u00e1rez, titular de la <a href=\"https:\/\/www.uv.mx\/internacional\/\" target=\"_blank\" rel=\"noopener\">Direcci\u00f3n General de Relaciones Internacionales<\/a> (DGRI), al presentar el Programa Habilitaci\u00f3n del Perfil Internacional (<em>Hapi<\/em>) en la <a href=\"https:\/\/www.uv.mx\/usbi\/\" target=\"_blank\" rel=\"noopener\">Unidad de Servicios Bibliotecarios y de Informaci\u00f3n<\/a> (USBI), el mi\u00e9rcoles 4 de abril.<\/p>\n<p>Durante la reuni\u00f3n de car\u00e1cter informativo sobre las convocatorias del Programa de Est\u00edmulos al Desempe\u00f1o del Personal Acad\u00e9mico (PEDPA) y los lineamientos 2018 del Programa de Carrera Docente U040 (Fondo Extraordinario), Oliva Su\u00e1rez explic\u00f3 el planteamiento bajo el cual se articula este nuevo programa institucional.<\/p>\n<p>El <em>Hapi<\/em> tiene el prop\u00f3sito de consolidar competencias globales dentro de la instituci\u00f3n, siendo la primera el aprendizaje de lenguas extranjeras y la segunda recae en la capacitaci\u00f3n del proceso de internacionalizaci\u00f3n, para lo cual se han implementado tres talleres de \u201cInternacionalizaci\u00f3n del curr\u00edculo\u201d dentro del Programa de Formaci\u00f3n de Acad\u00e9micos (<em>ProFA<\/em>).<\/p>\n<p>Ello ser\u00e1 parte de un proceso permanente de actualizaci\u00f3n, \u201clo que dar\u00e1 un impulso a la movilidad acad\u00e9mica semejante a la movilidad estudiantil, donde los profesores podr\u00e1n postularse con base en una serie de requisitos\u201d, dijo el funcionario.<\/p>\n<p>Se gestionar\u00e1 el apoyo al desarrollo y la formaci\u00f3n internacional, para que los profesores puedan trabajar en redes y puedan aplicar para buscar el financiamiento de terceros.<\/p>\n<p>Oliva Su\u00e1rez coment\u00f3 que los subprogramas y acciones en las que se articula este programa se detallar\u00e1n en convocatorias posteriores.<\/p>\n<p>\u201cEl programa va a mostrar toda una serie de beneficios que promover\u00e1n la competitividad y la capacidad acad\u00e9mica, as\u00ed como la posibilidad de realizar docencia e investigaci\u00f3n en instituciones extranjeras, adem\u00e1s del acceso a redes y el desarrollo de la gesti\u00f3n de proyectos\u201d, ampli\u00f3.<\/p>\n<p>Con respecto a la formaci\u00f3n ling\u00fc\u00edstica, se busca que acad\u00e9micos y funcionarios establezcan mejores lazos de cooperaci\u00f3n con pares en el extranjero y posicionar productos acad\u00e9micos en espacios de alto nivel y prestigio internacional, coadyuvando as\u00ed en la actualizaci\u00f3n curricular de los programas educativos.<\/p>\n<p>Esto incidir\u00e1 en mejorar la pr\u00e1ctica acad\u00e9mica y tener la capacidad de impartir clases en otro idioma, adem\u00e1s de motivar a la comunidad estudiantil para aprender otra lengua.<\/p>\n<p>\u201cLa idea es que de manera voluntaria nuestros acad\u00e9micos realicen en l\u00ednea un examen diagn\u00f3stico sobre sus competencias en lengua extranjera para posteriormente implementar cursos, de manera que todos puedan saber su nivel de ingl\u00e9s realmente\u201d, dijo.<\/p>\n<p>En una segunda etapa se abrir\u00eda la oferta en distintas modalidades de cursos para los acad\u00e9micos: \u201cHemos trabajado en el desarrollo de una estrategia de internacionalizaci\u00f3n que ha dado frutos y como Universidad es un imperativo; as\u00ed, el perfil internacional de la UV, de nuestros directivos y nuestros docentes, conllevar\u00e1 una excelencia acad\u00e9mica y una mayor calidad educativa\u201d, enfatiz\u00f3 el Director de la DGRI.<\/p>\n","protected":false},"excerpt":{"rendered":"<p>El Programa Habilitaci\u00f3n del Perfil Internacional, a cargo de la Direcci\u00f3n General de Relaciones Internacionales, tiene el prop\u00f3sito de consolidar competencias globales dentro de la instituci\u00f3n<\/p>\n","protected":false},"author":1775,"featured_media":44457,"comment_status":"closed","ping_status":"closed","sticky":false,"template":"","format":"standard","meta":{"footnotes":""},"categories":[1],"tags":[4159,193,1027,4371,1991,4370,694,572,279],"class_list":["post-44406","post","type-post","status-publish","format-standard","has-post-thumbnail","hentry","category-general","tag-david-sandoval-rodriguez","tag-dgri","tag-direccion-general-de-relaciones-internacionales","tag-hapi","tag-mario-oliva-suarez","tag-programa-habilitacion-del-perfil-internacional","tag-titular","tag-unidad-de-servicios-bibliotecarios-y-de-informacion","tag-usbi"],"_links":{"self":[{"href":"https:\/\/www.uv.mx\/prensa\/wp-json\/wp\/v2\/posts\/44406","targetHints":{"allow":["GET"]}}],"collection":[{"href":"https:\/\/www.uv.mx\/prensa\/wp-json\/wp\/v2\/posts"}],"about":[{"href":"https:\/\/www.uv.mx\/prensa\/wp-json\/wp\/v2\/types\/post"}],"author":[{"embeddable":true,"href":"https:\/\/www.uv.mx\/prensa\/wp-json\/wp\/v2\/users\/1775"}],"replies":[{"embeddable":true,"href":"https:\/\/www.uv.mx\/prensa\/wp-json\/wp\/v2\/comments?post=44406"}],"version-history":[{"count":1,"href":"https:\/\/www.uv.mx\/prensa\/wp-json\/wp\/v2\/posts\/44406\/revisions"}],"predecessor-version":[{"id":103383,"href":"https:\/\/www.uv.mx\/prensa\/wp-json\/wp\/v2\/posts\/44406\/revisions\/103383"}],"wp:featuredmedia":[{"embeddable":true,"href":"https:\/\/www.uv.mx\/prensa\/wp-json\/wp\/v2\/media\/44457"}],"wp:attachment":[{"href":"https:\/\/www.uv.mx\/prensa\/wp-json\/wp\/v2\/media?parent=44406"}],"wp:term":[{"taxonomy":"category","embeddable":true,"href":"https:\/\/www.uv.mx\/prensa\/wp-json\/wp\/v2\/categories?post=44406"},{"taxonomy":"post_tag","embeddable":true,"href":"https:\/\/www.uv.mx\/prensa\/wp-json\/wp\/v2\/tags?post=44406"}],"curies":[{"name":"wp","href":"https:\/\/api.w.org\/{rel}","templated":true}]}}