{"id":44377,"date":"2018-04-05T07:00:04","date_gmt":"2018-04-05T12:00:04","guid":{"rendered":"https:\/\/www.uv.mx\/prensa\/?p=44377"},"modified":"2021-10-22T09:44:44","modified_gmt":"2021-10-22T14:44:44","slug":"uv-cuenta-con-reglamento-de-responsabilidades-administrativas","status":"publish","type":"post","link":"https:\/\/www.uv.mx\/prensa\/general\/uv-cuenta-con-reglamento-de-responsabilidades-administrativas\/","title":{"rendered":"UV cuenta con Reglamento de Responsabilidades Administrativas"},"content":{"rendered":"<ul>\n<li><em>Alberto Islas, <\/em><em>abogado general de la instituci\u00f3n, dijo que con esto la Universidad est\u00e1 comprometida a generar buenas pr\u00e1cticas entre sus servidores p\u00fablicos<\/em><\/li>\n<\/ul>\n<div id=\"attachment_44378\" style=\"width: 732px\" class=\"wp-caption aligncenter\"><a href=\"https:\/\/www.uv.mx\/prensa\/files\/2018\/04\/040418-Responsabilidades-administrativas-100k.jpg\"><img loading=\"lazy\" decoding=\"async\" aria-describedby=\"caption-attachment-44378\" class=\"size-full wp-image-44378\" src=\"https:\/\/www.uv.mx\/prensa\/files\/2018\/04\/040418-Responsabilidades-administrativas-100k.jpg\" alt=\"\" width=\"722\" height=\"483\" srcset=\"https:\/\/www.uv.mx\/prensa\/files\/2018\/04\/040418-Responsabilidades-administrativas-100k.jpg 722w, https:\/\/www.uv.mx\/prensa\/files\/2018\/04\/040418-Responsabilidades-administrativas-100k-300x201.jpg 300w\" sizes=\"auto, (max-width: 722px) 100vw, 722px\" \/><\/a><p id=\"caption-attachment-44378\" class=\"wp-caption-text\">Alberto Islas present\u00f3 el documento ante el pleno del CUG<\/p><\/div>\n<p><strong><em>Paola Cort\u00e9s P\u00e9rez<\/em><\/strong><\/p>\n<p><strong><em>04\/04\/2018, Xalapa, Ver.-<\/em><\/strong> El Consejo Universitario General (CUG) aprob\u00f3 el proyecto de Reglamento de Responsabilidades Administrativas para la Universidad Veracruzana (UV), con el objetivo de propiciar buenas pr\u00e1cticas entre los funcionarios p\u00fablicos, as\u00ed como combatir la corrupci\u00f3n.<\/p>\n<p>Alberto Islas Reyes, abogado general de la Universidad, expuso en sesi\u00f3n ordinaria del CUG realizada el 23 de marzo, el proyecto de reglamento aprobado en sesi\u00f3n de la Comisi\u00f3n de Reglamentos celebrada 10 d\u00edas antes.<\/p>\n<p>\u201cEs el momento de generar condiciones ineludibles que den a la comunidad universitaria y p\u00fablico en general la confianza absoluta en una instituci\u00f3n p\u00fablica de educaci\u00f3n superior, como lo es la Universidad Veracruzana.\u201d<\/p>\n<p>Apunt\u00f3 que el marco normativo que reg\u00eda la conducta de los servidores p\u00fablicos para un adecuado ejercicio p\u00fablico en M\u00e9xico no tuvo los resultados esperados, por ello se realizaron cambios sustanciales que se aplicaron a partir de la reforma publicada el 27 de mayo de 2015, as\u00ed que se reformaron, adicionaron y derogaron diversas disposiciones de la Constituci\u00f3n Pol\u00edtica de los Estados Unidos Mexicanos en materia de combate a la corrupci\u00f3n.<\/p>\n<p>\u201cUna de las consecuencias de la corrupci\u00f3n es el debilitamiento de la ley, desalentando el crecimiento y desarrollo del pa\u00eds, de ah\u00ed que la reforma constitucional brinda la oportunidad de corregir las fallas e insuficiencias propiciadas por la corrupci\u00f3n, la cual se percibe como una pr\u00e1ctica extendida y sistem\u00e1tica en el ejercicio de la funci\u00f3n p\u00fablica.\u201d<\/p>\n<p>Por ello, la Ley General del Sistema Nacional Anticorrupci\u00f3n junto con la Ley General de Responsabilidades Administrativas, establecen las bases para sistematizar una pol\u00edtica y acciones de alcance nacional.<\/p>\n<p>Detall\u00f3 que la Ley General de Responsabilidades Administrativas publicada el 19 de julio de 2016, establece como sujetos obligados a los servidores p\u00fablicos en t\u00e9rminos del Art\u00edculo 108 constitucional, as\u00ed como a los particulares. En cuanto al \u00e1mbito administrativo tiene acciones para prevenir, combatir y castigar la corrupci\u00f3n con eficacia.<\/p>\n<p>\u201cRepresenta un hito en el orden jur\u00eddico mexicano en materia de derecho administrativo sancionador, al establecer un nuevo modelo de faltas administrativas para los servidores p\u00fablicos y particulares.\u201d<\/p>\n<p>Alberto Islas reiter\u00f3 que es un importante avance para la rendici\u00f3n de cuentas en la transparencia en el servicio p\u00fablico, por ello la Universidad consciente del impacto de dicha ley en su persona y particulares vinculados por medio de contrataciones p\u00fablicas, decidi\u00f3 emitir el Reglamento de Responsabilidades Administrativas.<\/p>\n<p>Cabe mencionar que est\u00e1 armonizado con la Ley General de Responsabilidades Administrativas y la Ley 336 de Responsabilidades Administrativas de Veracruz de Ignacio de la Llave.<\/p>\n<p>Explic\u00f3 que se conforma por nueve t\u00edtulos, entre los que destacan: los principios y directrices que rigen la actuaci\u00f3n de los servidores p\u00fablicos; principios y directrices del servicio p\u00fablico; acciones preventivas para fortalecer el cumplimiento de obligaciones; faltas administrativas graves y no graves.<\/p>\n<p>Asimismo, el r\u00e9gimen de los servidores p\u00fablicos de la Universidad que participan en contrataciones p\u00fablicas; condiciones y plazos en la presentaci\u00f3n y registro de la declaraci\u00f3n de situaci\u00f3n patrimonial, de intereses y constancia de declaraci\u00f3n fiscal, o en su caso de percepciones y retenciones del impuesto respectivo que la UV como patr\u00f3n emite a su personal.<\/p>\n<p>Resalt\u00f3 que el reglamento tambi\u00e9n armoniza con la ley general en lo referente a la investigaci\u00f3n y calificaci\u00f3n de las faltas administrativas graves y no graves; la impugnaci\u00f3n de dicha calificaci\u00f3n, as\u00ed como el cumplimiento y ejecuci\u00f3n de las sanciones impuestas por faltas administrativas.<\/p>\n","protected":false},"excerpt":{"rendered":"<p>Su emisi\u00f3n es un importante avance para la rendici\u00f3n de cuentas en la transparencia en el servicio p\u00fablico, reiter\u00f3 Alberto Islas, abogado general de la instituci\u00f3n<\/p>\n","protected":false},"author":1775,"featured_media":44378,"comment_status":"closed","ping_status":"closed","sticky":false,"template":"","format":"standard","meta":{"footnotes":""},"categories":[1],"tags":[4369,4368,1013,781,4164,4367],"class_list":["post-44377","post","type-post","status-publish","format-standard","has-post-thumbnail","hentry","category-general","tag-abogado-general","tag-alberto-islas-reyes","tag-consejo-universitario-general","tag-cug","tag-paola-cortes-perez","tag-reglamento-de-responsabilidades-administrativas"],"_links":{"self":[{"href":"https:\/\/www.uv.mx\/prensa\/wp-json\/wp\/v2\/posts\/44377","targetHints":{"allow":["GET"]}}],"collection":[{"href":"https:\/\/www.uv.mx\/prensa\/wp-json\/wp\/v2\/posts"}],"about":[{"href":"https:\/\/www.uv.mx\/prensa\/wp-json\/wp\/v2\/types\/post"}],"author":[{"embeddable":true,"href":"https:\/\/www.uv.mx\/prensa\/wp-json\/wp\/v2\/users\/1775"}],"replies":[{"embeddable":true,"href":"https:\/\/www.uv.mx\/prensa\/wp-json\/wp\/v2\/comments?post=44377"}],"version-history":[{"count":1,"href":"https:\/\/www.uv.mx\/prensa\/wp-json\/wp\/v2\/posts\/44377\/revisions"}],"predecessor-version":[{"id":103382,"href":"https:\/\/www.uv.mx\/prensa\/wp-json\/wp\/v2\/posts\/44377\/revisions\/103382"}],"wp:featuredmedia":[{"embeddable":true,"href":"https:\/\/www.uv.mx\/prensa\/wp-json\/wp\/v2\/media\/44378"}],"wp:attachment":[{"href":"https:\/\/www.uv.mx\/prensa\/wp-json\/wp\/v2\/media?parent=44377"}],"wp:term":[{"taxonomy":"category","embeddable":true,"href":"https:\/\/www.uv.mx\/prensa\/wp-json\/wp\/v2\/categories?post=44377"},{"taxonomy":"post_tag","embeddable":true,"href":"https:\/\/www.uv.mx\/prensa\/wp-json\/wp\/v2\/tags?post=44377"}],"curies":[{"name":"wp","href":"https:\/\/api.w.org\/{rel}","templated":true}]}}