{"id":44342,"date":"2018-04-04T17:02:32","date_gmt":"2018-04-04T22:02:32","guid":{"rendered":"https:\/\/www.uv.mx\/prensa\/?p=44342"},"modified":"2018-04-04T17:02:58","modified_gmt":"2018-04-04T22:02:58","slug":"programa-de-trabajo-estrategico-fruto-del-trabajo-colaborativo","status":"publish","type":"post","link":"https:\/\/www.uv.mx\/prensa\/general\/programa-de-trabajo-estrategico-fruto-del-trabajo-colaborativo\/","title":{"rendered":"Programa de Trabajo Estrat\u00e9gico, fruto del trabajo colaborativo"},"content":{"rendered":"<p>&nbsp;<\/p>\n<ul>\n<li><em>En sesi\u00f3n ordinaria del Consejo Universitario General, se present\u00f3 el documento que contempla tres ejes estrat\u00e9gicos: \u201cLiderazgo acad\u00e9mico\u201d, \u201cVisibilidad e impacto social\u201d y \u201cGesti\u00f3n y gobierno\u201d, as\u00ed como nueve programas estrat\u00e9gicos<\/em><\/li>\n<li><em>El texto completo est\u00e1 disponible en: <\/em><a href=\"https:\/\/www.uv.mx\/programa-trabajo\/pte-2017-2021.pdf\" target=\"_blank\" rel=\"noopener\"><em>uv.mx\/programa-trabajo\/pte-2017-2021.pdf<\/em><\/a><\/li>\n<\/ul>\n<p>&nbsp;<\/p>\n<div id=\"attachment_44344\" style=\"width: 732px\" class=\"wp-caption aligncenter\"><a href=\"https:\/\/www.uv.mx\/prensa\/files\/2018\/04\/Planeacion.jpg\"><img aria-describedby=\"caption-attachment-44344\" decoding=\"async\" loading=\"lazy\" class=\"size-full wp-image-44344\" src=\"https:\/\/www.uv.mx\/prensa\/files\/2018\/04\/Planeacion.jpg\" alt=\"\" width=\"722\" height=\"482\" srcset=\"https:\/\/www.uv.mx\/prensa\/files\/2018\/04\/Planeacion.jpg 722w, https:\/\/www.uv.mx\/prensa\/files\/2018\/04\/Planeacion-300x200.jpg 300w\" sizes=\"(max-width: 722px) 100vw, 722px\" \/><\/a><p id=\"caption-attachment-44344\" class=\"wp-caption-text\">Laura Elena Mart\u00ednez M\u00e1rquez, titular de Planeaci\u00f3n Institucional, record\u00f3 que el PTE no es inflexible ni limitativo<\/p><\/div>\n<p><strong><em>\u00a0<\/em><\/strong><\/p>\n<p><strong><em>\u00a0<\/em><\/strong><\/p>\n<p><strong><em>David Sandoval Rodr\u00edguez<\/em><\/strong><\/p>\n<p><strong><em>04\/04\/18, Xalapa, Ver.-<\/em><\/strong> A trav\u00e9s del trabajo colaborativo de la comunidad de la Universidad Veracruzana (UV), el Programa de Trabajo Estrat\u00e9gico (PTE) \u201cPertenencia y pertinencia\u201d 2017-2021 fue creado para establecer las l\u00edneas de acci\u00f3n a seguir en los pr\u00f3ximos a\u00f1os y Laura Elena Mart\u00ednez M\u00e1rquez, directora de Planeaci\u00f3n Institucional, lo present\u00f3 el viernes 23 de marzo en la sesi\u00f3n ordinaria del Consejo Universitario General (CUG).<\/p>\n<p>En el evento efectuado en la sala anexa de Tlaqn\u00e1, Centro Cultural, la funcionaria record\u00f3 que a partir de septiembre de 2017 se inici\u00f3 la elaboraci\u00f3n del PTE y en sesi\u00f3n ordinaria del CUG del 11 de diciembre se present\u00f3 la estrategia de una consulta abierta a la comunidad universitaria y a la ciudadan\u00eda para la elaboraci\u00f3n de dicha propuesta.<\/p>\n<p>Posteriormente, se realizaron cinco talleres para cada una de las regiones universitarias, a los que asistieron representantes de toda la comunidad, as\u00ed como las autoridades universitarias encabezadas por la Rectora y los vicerrectores.<\/p>\n<p>\u201cEs la suma de un esfuerzo que va m\u00e1s all\u00e1 de la presentaci\u00f3n de las propuestas\u201d, subray\u00f3 al detallar que se recibieron un total de 744 propuestas que son el resultado de \u201cun ejercicio muy vasto de discusi\u00f3n al interior de sus grupos de trabajo, que dan muestra de la madurez que cada d\u00eda tiene la Universidad, acentuada en los ejercicios de autoevaluaci\u00f3n y de planeaci\u00f3n\u201d.<\/p>\n<p>Con base en las propuestas se organiz\u00f3, a partir de tres ejes y nueve programas estrat\u00e9gicos, el trabajo colectivo de la UV para los pr\u00f3ximos cuatro a\u00f1os, quedando como sigue: \u201cLiderazgo acad\u00e9mico\u201d, pretende fortalecer y articular las funciones de docencia e investigaci\u00f3n, promoviendo la innovaci\u00f3n y buscando la excelencia para la formaci\u00f3n integral y arm\u00f3nica en lo profesional, intelectual, social y humano del estudiante, como eje central y raz\u00f3n de ser de la instituci\u00f3n.<\/p>\n<p>Est\u00e1 integrado por cuatro programas estrat\u00e9gicos: 1. Oferta educativa de calidad, 2. Planta acad\u00e9mica, 3. Apoyo al estudiante y 4. Investigaci\u00f3n, innovaci\u00f3n y desarrollo tecnol\u00f3gico.<\/p>\n<p>El segundo eje, \u201cVisibilidad e impacto social\u201d, busca proyectar a la UV como una instituci\u00f3n con reconocimiento regional, nacional e internacional por su compromiso con el desarrollo social comunitario, human\u00edstico, ambiental y cultural que, a trav\u00e9s de los diversos programas, incrementar\u00e1 y fortalecer\u00e1 la vinculaci\u00f3n universitaria, la equidad de g\u00e9nero, interculturalidad, sustentabilidad, internacionalizaci\u00f3n, inclusi\u00f3n, promoci\u00f3n de la salud, derechos humanos, justicia y arte-creatividad; la participaci\u00f3n en proyectos con el sector externo y su contribuci\u00f3n a la formulaci\u00f3n de pol\u00edticas p\u00fablicas.<\/p>\n<p>Dicho eje est\u00e1 integrado por cuatro programas: 5. Vinculaci\u00f3n y responsabilidad social universitaria, 6. Emprendimiento y egresados, 7. Cultura humanista y desarrollo sustentable, y 8. Internacionalizaci\u00f3n e interculturalidad.<\/p>\n<p>El tercer y \u00faltimo eje, \u201cGesti\u00f3n y gobierno\u201d, tiene como prop\u00f3sito garantizar la operaci\u00f3n de las funciones sustantivas y adjetivas, disponiendo de los recursos humanos y financieros necesarios, adem\u00e1s de un gobierno moderno y desconcentrado que garantice el adecuado desarrollo del quehacer universitario, que favorezca el logro de los resultados de los planes a corto y mediano plazo; para la mejora continua de los procesos acad\u00e9micos y administrativos con criterios de calidad, eficiencia y racionalidad, con personal administrativo competente.<\/p>\n<p>Est\u00e1 integrado por tres programas: 9. Gobernanza universitaria, 10. Financiamiento y 11. Infraestructura f\u00edsica y tecnol\u00f3gica.<\/p>\n<p>Mart\u00ednez M\u00e1rquez se\u00f1al\u00f3 que \u201cel trabajo colaborativo nos permiti\u00f3 integrar como propuesta para este instrumento de planeaci\u00f3n 39 pol\u00edticas institucionales, tres ejes estrat\u00e9gicos, 11 programas estrat\u00e9gicos, 284 l\u00edneas de acci\u00f3n y 31 metas institucionales al 2021\u201d.<\/p>\n<p>La funcionaria puntualiz\u00f3 que el PTE no es inflexible y est\u00e1tico, sus l\u00edneas de acci\u00f3n han sido analizadas en cuanto a su viabilidad, \u201cnunca pretende ser un instrumento limitativo, es una sugerencia de hacer las cosas en armon\u00eda, de manera ordenada para que podamos cuantificarla\u201d.<\/p>\n<p>Agreg\u00f3 que el documento ya se encuentra disponible en el sitio oficial en la direcci\u00f3n: <a href=\"https:\/\/www.uv.mx\/programa-trabajo\/pte-2017-2021.pdf\" target=\"_blank\" rel=\"noopener\">www.uv.mx\/programa-trabajo\/pte-2017-2021.pdf<\/a><\/p>\n","protected":false},"excerpt":{"rendered":"<p>Laura Elena Mart\u00ednez M\u00e1rquez, titular de Planeaci\u00f3n Institucional, record\u00f3 que el PTE no es inflexible ni limitativo<\/p>\n","protected":false},"author":1869,"featured_media":44344,"comment_status":"closed","ping_status":"closed","sticky":false,"template":"","format":"standard","meta":[],"categories":[1],"tags":[223,224],"_links":{"self":[{"href":"https:\/\/www.uv.mx\/prensa\/wp-json\/wp\/v2\/posts\/44342"}],"collection":[{"href":"https:\/\/www.uv.mx\/prensa\/wp-json\/wp\/v2\/posts"}],"about":[{"href":"https:\/\/www.uv.mx\/prensa\/wp-json\/wp\/v2\/types\/post"}],"author":[{"embeddable":true,"href":"https:\/\/www.uv.mx\/prensa\/wp-json\/wp\/v2\/users\/1869"}],"replies":[{"embeddable":true,"href":"https:\/\/www.uv.mx\/prensa\/wp-json\/wp\/v2\/comments?post=44342"}],"version-history":[{"count":0,"href":"https:\/\/www.uv.mx\/prensa\/wp-json\/wp\/v2\/posts\/44342\/revisions"}],"wp:featuredmedia":[{"embeddable":true,"href":"https:\/\/www.uv.mx\/prensa\/wp-json\/wp\/v2\/media\/44344"}],"wp:attachment":[{"href":"https:\/\/www.uv.mx\/prensa\/wp-json\/wp\/v2\/media?parent=44342"}],"wp:term":[{"taxonomy":"category","embeddable":true,"href":"https:\/\/www.uv.mx\/prensa\/wp-json\/wp\/v2\/categories?post=44342"},{"taxonomy":"post_tag","embeddable":true,"href":"https:\/\/www.uv.mx\/prensa\/wp-json\/wp\/v2\/tags?post=44342"}],"curies":[{"name":"wp","href":"https:\/\/api.w.org\/{rel}","templated":true}]}}