{"id":44266,"date":"2018-04-03T17:12:09","date_gmt":"2018-04-03T22:12:09","guid":{"rendered":"https:\/\/www.uv.mx\/prensa\/?p=44266"},"modified":"2018-04-05T10:06:46","modified_gmt":"2018-04-05T15:06:46","slug":"coloquio-exploraciones-arqueologicas","status":"publish","type":"post","link":"https:\/\/www.uv.mx\/prensa\/general\/coloquio-exploraciones-arqueologicas\/","title":{"rendered":"MAX, sede de Coloquio \u201cExploraciones arqueol\u00f3gicas en La Mixtequilla\u201d"},"content":{"rendered":"<ul>\n<li><em>Como parte del homenaje a la vida y obra de Manuel Torres<\/em><\/li>\n<\/ul>\n<p>&nbsp;<\/p>\n<div id=\"attachment_44249\" style=\"width: 492px\" class=\"wp-caption aligncenter\"><a href=\"https:\/\/www.uv.mx\/prensa\/files\/2018\/04\/030418-exposiciones-arqueologicas-2.jpg\"><img loading=\"lazy\" decoding=\"async\" aria-describedby=\"caption-attachment-44249\" class=\"size-full wp-image-44249\" src=\"https:\/\/www.uv.mx\/prensa\/files\/2018\/04\/030418-exposiciones-arqueologicas-2.jpg\" alt=\"\" width=\"482\" height=\"722\" srcset=\"https:\/\/www.uv.mx\/prensa\/files\/2018\/04\/030418-exposiciones-arqueologicas-2.jpg 482w, https:\/\/www.uv.mx\/prensa\/files\/2018\/04\/030418-exposiciones-arqueologicas-2-200x300.jpg 200w\" sizes=\"auto, (max-width: 482px) 100vw, 482px\" \/><\/a><p id=\"caption-attachment-44249\" class=\"wp-caption-text\">Una cihuateteo de la exposici\u00f3n <em>Manuel Torres Guzm\u00e1n. Vida y obra<\/em><\/p><\/div>\n<p>&nbsp;<\/p>\n<p><strong><em>Karina de la Paz Reyes D\u00edaz<\/em><\/strong><\/p>\n<p><strong><em>03\/04\/2018, Xalapa, Ver.-\u00a0<\/em><\/strong><a href=\"https:\/\/www.uv.mx\/max\/\" target=\"_blank\" rel=\"noopener\">El Museo de Antropolog\u00eda de Xalapa<\/a> (MAX) de la Universidad Veracruzana (UV) es sede del Coloquio \u201cExploraciones arqueol\u00f3gicas en La Mixtequilla\u201d, como parte del homenaje a la vida y obra de Manuel Torres, en el que participan personalidades como Annik Daneels y B\u00e1rbara Stark.<\/p>\n<p>Las actividades se llevan a cabo los d\u00edas 3 y 4 de abril en el Auditorio \u201cAlfonso Medell\u00edn Zenil\u201d del MAX, organizadas por la Academia de Arqueolog\u00eda del Instituto de Antropolog\u00eda de la UV.<\/p>\n<p>Cabe recordar que el 2 de marzo se inaugur\u00f3 la exposici\u00f3n museogr\u00e1fica intitulada <em>Manuel Torres Guzm\u00e1n. Vida y obra<\/em>en la Sala de Exposiciones Temporales del MAX. En la ceremonia, la rectora Sara Ladr\u00f3n de Guevara destac\u00f3 el trabajo exhaustivo, meticuloso y comprometido que \u00e9ste desarroll\u00f3 en beneficio de la arqueolog\u00eda nacional.<\/p>\n<p>A prop\u00f3sito de la labor de Torres Guzm\u00e1n y a manera de concluir con tal homenaje es que se desarrolla el Coloquio \u201cExploraciones arqueol\u00f3gicas en La Mixtequilla\u201d, y en la inauguraci\u00f3n de los trabajos la directora del MAX, Maura Ord\u00f3\u00f1ez Valenzuela, destac\u00f3: \u201cGran parte de la colecci\u00f3n que exhibe el Museo de Antropolog\u00eda en las salas del centro de Veracruz son de El Zapotal, de las exploraciones que hizo Manuel Torres Guzm\u00e1n\u201d.<\/p>\n<p>El programa de las actividades del coloquio precisa que Torres Guzm\u00e1n fue uno de los fundadores del Instituto de Antropolog\u00eda y que lo dirigi\u00f3 de 1982 a 1996.<\/p>\n<p>A\u00f1ade que fue el arque\u00f3logo especialista en las culturas del centro de Veracruz quien acu\u00f1\u00f3 el t\u00e9rmino \u201csub\u00e1rea cultural La Mixtequilla\u201d, para referirse a la zona que le dedic\u00f3 la mayor parte de su vida.<\/p>\n<p>Torres Guzm\u00e1n investig\u00f3 los sitios de El Cocuite, Madereros, Tlalixcoyan y Santa Ana, en los que descubri\u00f3 importantes monumentos. Pero el de El Zapotal fue el proyecto m\u00e1s importante y al que dedic\u00f3 los \u00faltimos a\u00f1os de su vida, de ah\u00ed destaca el mictlantecuhtli que se encontr\u00f3 asociado a una rica ofrenda masiva de figurillas, de las que resaltan las cihuateteo, mujeres muertas durante el parto.<\/p>\n<p>La primera actividad de este coloquio estuvo a cargo de Lourdes Aquino y Jaime Ortega, quienes dieron a conocer la vida y obra del destacado arque\u00f3logo.<\/p>\n<p>Ma\u00f1ana, la jornada iniciar\u00e1 a las 10:00 horas, en la misma sede. La entrada es libre.<\/p>\n<p>&nbsp;<\/p>\n<div id=\"attachment_44250\" style=\"width: 732px\" class=\"wp-caption aligncenter\"><a href=\"https:\/\/www.uv.mx\/prensa\/files\/2018\/04\/030418-exposiciones-arqueologicas.jpg\"><img loading=\"lazy\" decoding=\"async\" aria-describedby=\"caption-attachment-44250\" class=\"size-full wp-image-44250\" src=\"https:\/\/www.uv.mx\/prensa\/files\/2018\/04\/030418-exposiciones-arqueologicas.jpg\" alt=\"\" width=\"722\" height=\"214\" srcset=\"https:\/\/www.uv.mx\/prensa\/files\/2018\/04\/030418-exposiciones-arqueologicas.jpg 722w, https:\/\/www.uv.mx\/prensa\/files\/2018\/04\/030418-exposiciones-arqueologicas-300x89.jpg 300w\" sizes=\"auto, (max-width: 722px) 100vw, 722px\" \/><\/a><p id=\"caption-attachment-44250\" class=\"wp-caption-text\">Maura Ord\u00f3\u00f1ez inaugur\u00f3 el coloquio en torno a La Mixtequilla<\/p><\/div>\n","protected":false},"excerpt":{"rendered":"<p>Las actividades se llevan a cabo en el Auditorio \u201cAlfonso Medell\u00edn Zenil\u201d , organizadas por la Academia de Arqueolog\u00eda del Instituto de Antropolog\u00eda<\/p>\n","protected":false},"author":1508,"featured_media":44249,"comment_status":"closed","ping_status":"closed","sticky":false,"template":"","format":"standard","meta":{"footnotes":""},"categories":[1],"tags":[],"class_list":["post-44266","post","type-post","status-publish","format-standard","has-post-thumbnail","hentry","category-general"],"_links":{"self":[{"href":"https:\/\/www.uv.mx\/prensa\/wp-json\/wp\/v2\/posts\/44266","targetHints":{"allow":["GET"]}}],"collection":[{"href":"https:\/\/www.uv.mx\/prensa\/wp-json\/wp\/v2\/posts"}],"about":[{"href":"https:\/\/www.uv.mx\/prensa\/wp-json\/wp\/v2\/types\/post"}],"author":[{"embeddable":true,"href":"https:\/\/www.uv.mx\/prensa\/wp-json\/wp\/v2\/users\/1508"}],"replies":[{"embeddable":true,"href":"https:\/\/www.uv.mx\/prensa\/wp-json\/wp\/v2\/comments?post=44266"}],"version-history":[{"count":0,"href":"https:\/\/www.uv.mx\/prensa\/wp-json\/wp\/v2\/posts\/44266\/revisions"}],"wp:featuredmedia":[{"embeddable":true,"href":"https:\/\/www.uv.mx\/prensa\/wp-json\/wp\/v2\/media\/44249"}],"wp:attachment":[{"href":"https:\/\/www.uv.mx\/prensa\/wp-json\/wp\/v2\/media?parent=44266"}],"wp:term":[{"taxonomy":"category","embeddable":true,"href":"https:\/\/www.uv.mx\/prensa\/wp-json\/wp\/v2\/categories?post=44266"},{"taxonomy":"post_tag","embeddable":true,"href":"https:\/\/www.uv.mx\/prensa\/wp-json\/wp\/v2\/tags?post=44266"}],"curies":[{"name":"wp","href":"https:\/\/api.w.org\/{rel}","templated":true}]}}