{"id":44235,"date":"2018-04-03T13:42:09","date_gmt":"2018-04-03T18:42:09","guid":{"rendered":"https:\/\/www.uv.mx\/prensa\/?p=44235"},"modified":"2021-10-22T09:32:59","modified_gmt":"2021-10-22T14:32:59","slug":"uv-sede-de-la-segunda-etapa-de-la-universiada-regional","status":"publish","type":"post","link":"https:\/\/www.uv.mx\/prensa\/deportes\/uv-sede-de-la-segunda-etapa-de-la-universiada-regional\/","title":{"rendered":"En la UV, segunda etapa de la Universiada Regional"},"content":{"rendered":"<ul>\n<li><em>La actividad iniciar\u00e1 el 8 de abril, en deportes de conjunto<\/em><\/li>\n<\/ul>\n<p>&nbsp;<\/p>\n<div id=\"attachment_44236\" style=\"width: 732px\" class=\"wp-caption aligncenter\"><a href=\"https:\/\/www.uv.mx\/prensa\/files\/2018\/04\/Universiada-100k.jpg\"><img loading=\"lazy\" decoding=\"async\" aria-describedby=\"caption-attachment-44236\" class=\"size-full wp-image-44236\" src=\"https:\/\/www.uv.mx\/prensa\/files\/2018\/04\/Universiada-100k.jpg\" alt=\"\" width=\"722\" height=\"481\" srcset=\"https:\/\/www.uv.mx\/prensa\/files\/2018\/04\/Universiada-100k.jpg 722w, https:\/\/www.uv.mx\/prensa\/files\/2018\/04\/Universiada-100k-300x200.jpg 300w\" sizes=\"auto, (max-width: 722px) 100vw, 722px\" \/><\/a><p id=\"caption-attachment-44236\" class=\"wp-caption-text\">En deportes de conjunto, la UV ser\u00e1 sede de la Universiada Regional 2018<\/p><\/div>\n<p>&nbsp;<\/p>\n<p><strong><em>Santiago Morales Ortiz<\/em><\/strong><\/p>\n<p><strong><em>03\/04\/18, Xalapa, Ver.-<\/em><\/strong> La Universidad Veracruzana (UV) est\u00e1 lista para ser sede y protagonista de la segunda etapa de la Universiada Regional 2018, que a partir del 8 de abril albergar\u00e1 los deportes de conjunto, como pre\u00e1mbulo de la justa nacional a realizarse en Toluca, Estado de M\u00e9xico.<\/p>\n<p>De acuerdo con el cronograma, los encuentros arrancar\u00e1n el domingo 8 en \u00a0basquetbol, futbol r\u00e1pido y softbol, en las canchas de la Unidad Deportiva del Campus para la Cultura, las Artes y el Deporte; mientras que las competencias de halterofilia tendr\u00e1n como escenario el Gimnasio Universitario \u201cMiguel \u00c1ngel R\u00edos\u201d.<\/p>\n<p>El jueves 12 y viernes 13, en los mismos escenarios, entrar\u00e1n en acci\u00f3n el futbol asociaci\u00f3n, voleibol de sala y beisbol.<\/p>\n<p>En la justa participar\u00e1n m\u00e1s de mil deportistas de las mejores instituciones de la Regi\u00f3n VII del Consejo Nacional del Deporte de la Educaci\u00f3n (<em>Condde<\/em>), que comprende los estados de Puebla, Tlaxcala, Hidalgo, Oaxaca y Veracruz.<\/p>\n<p>Cabe mencionar que los dos primeros lugares de cada disciplina clasificar\u00e1n a la Universiada Nacional Toluca 2018.<\/p>\n<p>Como se sabe, la primera etapa del evento Regional, correspondiente a los deportes individuales, se llev\u00f3 a cabo en Puebla, donde cerca de 100 deportistas de la UV clasificaron a la Universiada Nacinal.<\/p>\n","protected":false},"excerpt":{"rendered":"<p>Competir\u00e1n estudiantes de la Regi\u00f3n VII del Consejo Nacional del Deporte de la Educaci\u00f3n que comprende los estados de Puebla, Tlaxcala, Hidalgo, Oaxaca y Veracruz.<\/p>\n","protected":false},"author":1775,"featured_media":44236,"comment_status":"closed","ping_status":"closed","sticky":false,"template":"","format":"standard","meta":{"footnotes":""},"categories":[12],"tags":[2660,4166,4350,2659,4351],"class_list":["post-44235","post","type-post","status-publish","format-standard","has-post-thumbnail","hentry","category-deportes","tag-estado-de-mexico","tag-santiago-morales-ortiz","tag-segunda-etapa","tag-toluca","tag-universiada-regional-2018"],"_links":{"self":[{"href":"https:\/\/www.uv.mx\/prensa\/wp-json\/wp\/v2\/posts\/44235","targetHints":{"allow":["GET"]}}],"collection":[{"href":"https:\/\/www.uv.mx\/prensa\/wp-json\/wp\/v2\/posts"}],"about":[{"href":"https:\/\/www.uv.mx\/prensa\/wp-json\/wp\/v2\/types\/post"}],"author":[{"embeddable":true,"href":"https:\/\/www.uv.mx\/prensa\/wp-json\/wp\/v2\/users\/1775"}],"replies":[{"embeddable":true,"href":"https:\/\/www.uv.mx\/prensa\/wp-json\/wp\/v2\/comments?post=44235"}],"version-history":[{"count":1,"href":"https:\/\/www.uv.mx\/prensa\/wp-json\/wp\/v2\/posts\/44235\/revisions"}],"predecessor-version":[{"id":103375,"href":"https:\/\/www.uv.mx\/prensa\/wp-json\/wp\/v2\/posts\/44235\/revisions\/103375"}],"wp:featuredmedia":[{"embeddable":true,"href":"https:\/\/www.uv.mx\/prensa\/wp-json\/wp\/v2\/media\/44236"}],"wp:attachment":[{"href":"https:\/\/www.uv.mx\/prensa\/wp-json\/wp\/v2\/media?parent=44235"}],"wp:term":[{"taxonomy":"category","embeddable":true,"href":"https:\/\/www.uv.mx\/prensa\/wp-json\/wp\/v2\/categories?post=44235"},{"taxonomy":"post_tag","embeddable":true,"href":"https:\/\/www.uv.mx\/prensa\/wp-json\/wp\/v2\/tags?post=44235"}],"curies":[{"name":"wp","href":"https:\/\/api.w.org\/{rel}","templated":true}]}}