{"id":43900,"date":"2018-03-22T07:00:32","date_gmt":"2018-03-22T13:00:32","guid":{"rendered":"https:\/\/www.uv.mx\/prensa\/?p=43900"},"modified":"2021-10-20T12:02:48","modified_gmt":"2021-10-20T17:02:48","slug":"usbi-capacita-a-escuelas-primarias-en-organizacion-de-acervos","status":"publish","type":"post","link":"https:\/\/www.uv.mx\/prensa\/regiones\/veracruz\/usbi-capacita-a-escuelas-primarias-en-organizacion-de-acervos\/","title":{"rendered":"USBI capacita a escuelas primarias en organizaci\u00f3n de acervos"},"content":{"rendered":"<ul>\n<li><em>La UV y el Club Rotario Boca del R\u00edo, Costa de Oro, fomentan la lectura a trav\u00e9s de las bibliotecas escolares<\/em><\/li>\n<\/ul>\n<div id=\"attachment_43902\" style=\"width: 732px\" class=\"wp-caption aligncenter\"><a href=\"https:\/\/www.uv.mx\/prensa\/files\/2018\/03\/USBI-bibliotecas-1-100k.jpg\"><img loading=\"lazy\" decoding=\"async\" aria-describedby=\"caption-attachment-43902\" class=\"size-full wp-image-43902\" src=\"https:\/\/www.uv.mx\/prensa\/files\/2018\/03\/USBI-bibliotecas-1-100k.jpg\" alt=\"\" width=\"722\" height=\"481\" srcset=\"https:\/\/www.uv.mx\/prensa\/files\/2018\/03\/USBI-bibliotecas-1-100k.jpg 722w, https:\/\/www.uv.mx\/prensa\/files\/2018\/03\/USBI-bibliotecas-1-100k-300x200.jpg 300w\" sizes=\"auto, (max-width: 722px) 100vw, 722px\" \/><\/a><p id=\"caption-attachment-43902\" class=\"wp-caption-text\">USBI y CRBRCO reunieron a representantes de 23 bibliotecas de escuelas primarias<\/p><\/div>\n<p><strong><em>Shuguey Enr\u00edquez y Aracely Hern\u00e1ndez<\/em><\/strong><\/p>\n<p><strong><em>22\/03\/2018, Boca del R\u00edo, Ver.-<\/em><\/strong> La Universidad Veracruzana (UV), a trav\u00e9s de la Unidad de Servicios Bibliotecarios y de Informaci\u00f3n (USBI), opera el programa de vinculaci\u00f3n \u201cDesarrollo, organizaci\u00f3n y servicios de la biblioteca escolar\u201d en colaboraci\u00f3n con el Club Rotario Boca del R\u00edo, Costa de Oro (CRBRCO), con el objetivo de apoyar a las escuelas primarias para que organicen los acervos de libros, creen cat\u00e1logos bibliogr\u00e1ficos en l\u00ednea y usen sus colecciones con mayor eficiencia.<\/p>\n<p>La directora de la USBI, Martha Castro Montoya, inform\u00f3 que los libros al estar organizados y accesibles, los profesores y alumnos los aprovechar\u00e1n m\u00e1s f\u00e1cilmente en beneficio del proceso ense\u00f1anza-aprendizaje y, en general, de su formaci\u00f3n integral.<\/p>\n<p>Castro Montoya detall\u00f3 que uno de los objetivos particulares de trabajar con las escuelas es que la lectura de ficci\u00f3n sea una herramienta usada por la comunidad escolar (profesores, padres de familia y ni\u00f1os) para comprender e interpretar mejor el entorno en donde viven y el mundo global que est\u00e1 presente en la vida cotidiana.<\/p>\n<p>\u201cCon la lectura recreativa, que se lee por inter\u00e9s personal, sin obligaci\u00f3n, los lectores favorecen la imaginaci\u00f3n, la creatividad y el pensamiento divergente.\u201d<\/p>\n<p>En el programa de vinculaci\u00f3n participan 23 escuelas primarias y dos centros de desarrollo comunitario de los municipios de Veracruz y Boca del R\u00edo, principalmente, \u201caunque tenemos algunas escuelas de Medell\u00edn de Bravo\u201d, afirm\u00f3.<\/p>\n<div id=\"attachment_43904\" style=\"width: 732px\" class=\"wp-caption alignnone\"><a href=\"https:\/\/www.uv.mx\/prensa\/files\/2018\/03\/USBI-bibliotecas-2-100k.jpg\"><img loading=\"lazy\" decoding=\"async\" aria-describedby=\"caption-attachment-43904\" class=\"size-full wp-image-43904\" src=\"https:\/\/www.uv.mx\/prensa\/files\/2018\/03\/USBI-bibliotecas-2-100k.jpg\" alt=\"\" width=\"722\" height=\"481\" srcset=\"https:\/\/www.uv.mx\/prensa\/files\/2018\/03\/USBI-bibliotecas-2-100k.jpg 722w, https:\/\/www.uv.mx\/prensa\/files\/2018\/03\/USBI-bibliotecas-2-100k-300x200.jpg 300w\" sizes=\"auto, (max-width: 722px) 100vw, 722px\" \/><\/a><p id=\"caption-attachment-43904\" class=\"wp-caption-text\">La Directora de USBI y la Presidenta del Club Rotario celebraron los buenos resultados del programa de vinculaci\u00f3n<\/p><\/div>\n<p><strong>Resultados exitosos<\/strong><\/p>\n<p>Con el prop\u00f3sito de dar seguimiento a este programa de vinculaci\u00f3n, se convoc\u00f3 a los miembros de las 23 escuelas que integran el Comit\u00e9 de las Bibliotecas Escolares y a los del CRBRCO. Mediante plenarias y mesas de trabajo se obtuvo informaci\u00f3n acerca de la forma en que opera la biblioteca, sus \u00e1reas de oportunidad y el detalle de la capacitaci\u00f3n que reciben profesores y padres de familia.<\/p>\n<p>En su mensaje de bienvenida, Castro Montoya sostuvo: \u201cEste programa de vinculaci\u00f3n permite apoyar a las escuelas para que organicen o monten su biblioteca y lleven a cabo servicios <em>ex profeso<\/em> con sus maestros, los estudiantes y con la familia para que potencien los servicios que pueden brindar\u201d.<\/p>\n<p>Con relaci\u00f3n a la vinculaci\u00f3n entre la USBI y el CRBRCO, Norma Ram\u00edrez Hinojosa, presidenta de este \u00faltimo, dijo que los expertos de la UV tienen la posibilidad de capacitar a los responsables de las bibliotecas escolares en el manejo de \u00e9stas; \u201cles ense\u00f1an que las bibliotecas no son s\u00f3lo para guardar libros, sino son un lugar donde se crea cultura y educaci\u00f3n y se fomenta la excelencia acad\u00e9mica\u201d.<\/p>\n<p>En la reuni\u00f3n se conoci\u00f3 el inter\u00e9s de los directores de varias de las escuelas y de los maestros\/bibliotecarios al poner de manifiesto lo aprendido y realizar actividades con los ni\u00f1os en torno a la promoci\u00f3n de la lectura, como ferias del libro y eventos culturales donde la lectura forma parte sustantiva.<\/p>\n<p>Cabe mencionar que en 2015 el CRBRCO solicit\u00f3 financiamiento a la Fundaci\u00f3n de Rotary International, a trav\u00e9s de un proyecto de subvenci\u00f3n global, obteniendo un apoyo de 40 mil d\u00f3lares. Con este recurso, el club don\u00f3 a cada escuela participante una computadora de escritorio, un lector de c\u00f3digo de barras, una colecci\u00f3n de libros infantiles y capacitaci\u00f3n especializada para organizar acervos, as\u00ed como para promover y animar la lectura.<\/p>\n<p>A la fecha han recibido capacitaci\u00f3n sobre el <em>software<\/em> <em>AbsysNet<\/em>, entregado en comodato a la UV por la empresa espa\u00f1ola Baratz, para uso exclusivo del programa de vinculaci\u00f3n con bibliotecas escolares.<\/p>\n<p>Con <em>AbsysNet<\/em> las bibliotecas automatizan la organizaci\u00f3n (catalogaci\u00f3n y clasificaci\u00f3n) de los libros, el servicio de pr\u00e9stamo y la consulta al cat\u00e1logo bibliogr\u00e1fico. El trabajo de organizaci\u00f3n de los acervos lo podr\u00e1n hacer de manera colaborativa gracias a la red que se integrar\u00e1 con cada una de las escuelas.<\/p>\n<div id=\"attachment_43903\" style=\"width: 732px\" class=\"wp-caption alignnone\"><a href=\"https:\/\/www.uv.mx\/prensa\/files\/2018\/03\/USBI-bibliotecas-3-100k.jpg\"><img loading=\"lazy\" decoding=\"async\" aria-describedby=\"caption-attachment-43903\" class=\"size-full wp-image-43903\" src=\"https:\/\/www.uv.mx\/prensa\/files\/2018\/03\/USBI-bibliotecas-3-100k.jpg\" alt=\"\" width=\"722\" height=\"481\" srcset=\"https:\/\/www.uv.mx\/prensa\/files\/2018\/03\/USBI-bibliotecas-3-100k.jpg 722w, https:\/\/www.uv.mx\/prensa\/files\/2018\/03\/USBI-bibliotecas-3-100k-300x200.jpg 300w\" sizes=\"auto, (max-width: 722px) 100vw, 722px\" \/><\/a><p id=\"caption-attachment-43903\" class=\"wp-caption-text\">Los representantes de las bibliotecas compartieron sus aprendizajes<\/p><\/div>\n","protected":false},"excerpt":{"rendered":"<p>En el programa de vinculaci\u00f3n participan 23 escuelas primarias y dos centros de desarrollo comunitario de los municipios de Veracruz y Boca del R\u00edo<\/p>\n","protected":false},"author":1775,"featured_media":43902,"comment_status":"closed","ping_status":"closed","sticky":false,"template":"","format":"standard","meta":{"footnotes":""},"categories":[55],"tags":[4299,4301,4302,4300,4298,572,279],"class_list":["post-43900","post","type-post","status-publish","format-standard","has-post-thumbnail","hentry","category-veracruz","tag-aracely-hernandez","tag-club-rotario-boca-del-rio","tag-costa-de-oro","tag-programa-de-vinculacion","tag-shuguey-enriquez","tag-unidad-de-servicios-bibliotecarios-y-de-informacion","tag-usbi"],"_links":{"self":[{"href":"https:\/\/www.uv.mx\/prensa\/wp-json\/wp\/v2\/posts\/43900","targetHints":{"allow":["GET"]}}],"collection":[{"href":"https:\/\/www.uv.mx\/prensa\/wp-json\/wp\/v2\/posts"}],"about":[{"href":"https:\/\/www.uv.mx\/prensa\/wp-json\/wp\/v2\/types\/post"}],"author":[{"embeddable":true,"href":"https:\/\/www.uv.mx\/prensa\/wp-json\/wp\/v2\/users\/1775"}],"replies":[{"embeddable":true,"href":"https:\/\/www.uv.mx\/prensa\/wp-json\/wp\/v2\/comments?post=43900"}],"version-history":[{"count":1,"href":"https:\/\/www.uv.mx\/prensa\/wp-json\/wp\/v2\/posts\/43900\/revisions"}],"predecessor-version":[{"id":103231,"href":"https:\/\/www.uv.mx\/prensa\/wp-json\/wp\/v2\/posts\/43900\/revisions\/103231"}],"wp:featuredmedia":[{"embeddable":true,"href":"https:\/\/www.uv.mx\/prensa\/wp-json\/wp\/v2\/media\/43902"}],"wp:attachment":[{"href":"https:\/\/www.uv.mx\/prensa\/wp-json\/wp\/v2\/media?parent=43900"}],"wp:term":[{"taxonomy":"category","embeddable":true,"href":"https:\/\/www.uv.mx\/prensa\/wp-json\/wp\/v2\/categories?post=43900"},{"taxonomy":"post_tag","embeddable":true,"href":"https:\/\/www.uv.mx\/prensa\/wp-json\/wp\/v2\/tags?post=43900"}],"curies":[{"name":"wp","href":"https:\/\/api.w.org\/{rel}","templated":true}]}}