{"id":43849,"date":"2018-03-22T07:00:09","date_gmt":"2018-03-22T13:00:09","guid":{"rendered":"https:\/\/www.uv.mx\/prensa\/?p=43849"},"modified":"2018-03-22T12:29:35","modified_gmt":"2018-03-22T18:29:35","slug":"estudiante-de-inbioteca","status":"publish","type":"post","link":"https:\/\/www.uv.mx\/prensa\/ciencia\/estudiante-de-inbioteca\/","title":{"rendered":"Estudiante de Inbioteca advierte de los efectos de la urbanizaci\u00f3n descontrolada"},"content":{"rendered":"<style type=\"text\/css\">\n  blockquote p { color: #28519b; font-family: helvetica; font-size: 1.6em; }<br \/><\/style>\n<ul>\n<li><em>\u201cSi no se dise\u00f1an \u00e1reas de frescor en \u00e1reas urbanas, las ondas de calor pueden ser catastr\u00f3ficas\u201d, destac\u00f3 Carlo Alberto Dom\u00ednguez Eusebio, alumno del Doctorado en Ciencias en Ecolog\u00eda y Biotecnolog\u00eda Aplicada <\/em><\/li>\n<\/ul>\n<p><em>\u00a0<\/em><\/p>\n<div id=\"attachment_43852\" style=\"width: 732px\" class=\"wp-caption aligncenter\"><a href=\"https:\/\/www.uv.mx\/prensa\/files\/2018\/03\/220318-Doctorado-Inbioteca-1.jpg\"><img aria-describedby=\"caption-attachment-43852\" decoding=\"async\" loading=\"lazy\" class=\"size-full wp-image-43852\" src=\"https:\/\/www.uv.mx\/prensa\/files\/2018\/03\/220318-Doctorado-Inbioteca-1.jpg\" alt=\"\" width=\"722\" height=\"481\" srcset=\"https:\/\/www.uv.mx\/prensa\/files\/2018\/03\/220318-Doctorado-Inbioteca-1.jpg 722w, https:\/\/www.uv.mx\/prensa\/files\/2018\/03\/220318-Doctorado-Inbioteca-1-300x200.jpg 300w\" sizes=\"(max-width: 722px) 100vw, 722px\" \/><\/a><p id=\"caption-attachment-43852\" class=\"wp-caption-text\">Carlo Alberto Dom\u00ednguez Eusebio con la directora de su investigaci\u00f3n, Yareni Perroni Ventura<\/p><\/div>\n<p>&nbsp;<\/p>\n<blockquote><p>La condici\u00f3n de contaminaci\u00f3n con part\u00edculas en la atm\u00f3sfera tiene el potencial de ocasionar grandes cantidades de lluvia en poco tiempo y presentar inundaciones<\/p><\/blockquote>\n<p>&nbsp;<\/p>\n<p><strong><em>Claudia Peralta V\u00e1zquez<\/em><\/strong><\/p>\n<p><strong><em>22\/03\/18, Xalapa, Ver.- <\/em><\/strong>Una investigaci\u00f3n desarrollada por Carlo Alberto Dom\u00ednguez Eusebio, estudiante del Doctorado en Ciencias en Ecolog\u00eda y Biotecnolog\u00eda del<a href=\"https:\/\/www.uv.mx\/inbioteca\/\" target=\"_blank\" rel=\"noopener\"> Instituto de Biotecnolog\u00eda y Ecolog\u00eda Aplicada<\/a> (<em>Inbioteca<\/em>) de la Universidad Veracruzana (UV), revela que una urbanizaci\u00f3n descontrolada y la falta de \u00e1reas de frescor, contribuyen a la generaci\u00f3n de ondas de calor, lluvias e inundaciones.<\/p>\n<p>\u201cEl conocimiento sobre el funcionamiento del ecosistema de un bosque urbano y el efecto de la urbe en el intercambio de energ\u00eda suelo-atm\u00f3sfera\u201d, es el objetivo del estudio iniciado en 2013 por el alumno egresado de la Licenciatura de Ciencias Atmosf\u00e9ricas de la Facultad de Instrumentaci\u00f3n Electr\u00f3nica (FIE).<\/p>\n<p>Su inter\u00e9s por el estudio de la interacci\u00f3n entre la atm\u00f3sfera, las plantas y el suelo, lo llev\u00f3 a realizar este proyecto donde aborda el funcionamiento de un bosque urbano en comparaci\u00f3n con uno del \u00e1rea rural.<\/p>\n<p>Cabe mencionar que para el desarrollo del proyecto y con el respaldo de la FIE, fueron instaladas dos estaciones meteorol\u00f3gicas especiales para medir el intercambio de energ\u00eda, una en la parte alta del cerro de Macuilt\u00e9petl, considerado un fragmento de bosque de niebla urbano, y otra en un bosque rural.<\/p>\n<p>Los datos obtenidos fueron comparados con un \u00e1rea no urbanizada para determinar el balance e intercambio de energ\u00eda solar, aumento de temperatura y evaporaci\u00f3n del agua.<\/p>\n<p>A nivel biol\u00f3gico, indic\u00f3 que los cambios en la temperatura y en la evaporaci\u00f3n o transpiraci\u00f3n pueden afectar el comportamiento de la vegetaci\u00f3n y cambios en el suelo.<\/p>\n<p>El estudiante, originario de Altotonga y quien curs\u00f3 este posgrado bajo la modalidad de cinco a\u00f1os (10 semestres), dijo que las ciudades generan un aumento de la temperatura, efecto que en el cerro de Macuilt\u00e9petl se refleja en las primeras horas de la ma\u00f1ana.<\/p>\n<p>\u201cA una mayor energ\u00eda hay una mayor evaporaci\u00f3n del agua, lo cual no indica que el bosque se seque, m\u00e1s bien podr\u00eda indicar que la ciudad es una fuente adicional de agua y puede alterar la distribuci\u00f3n de la energ\u00eda del sol.\u201d<\/p>\n<p>Debido al aumento de la temperatura y evaporaci\u00f3n en el bosque urbano, tambi\u00e9n se presenta una mayor transformaci\u00f3n de carbono en el suelo si lo contrastas con el bosque rural, dijo.<\/p>\n<p>El bosque rural almacena mucha energ\u00eda en contraste con el fragmento de bosque urbano que no es capaz de almacenar la misma cantidad que se disipa a su alrededor.<\/p>\n<p>\u201cEn el bosque urbano la energ\u00eda no se queda en el suelo ni en los \u00e1rboles, sino en la atm\u00f3sfera y aunado a la gran cantidad que genera la ciudad, la energ\u00eda aumenta en la atm\u00f3sfera y tiene como consecuencia el calentamiento del aire y mayor evaporaci\u00f3n de agua.<\/p>\n<p>\u201dLas manchas verdes (\u00e1reas verdes) en las ciudades se consideran islas de frescor, contrario a las manchas completamente urbanas (\u00e1reas de asfalto y concreto) que generan islas de calor.\u201d<\/p>\n<p>&nbsp;<\/p>\n<div id=\"attachment_43853\" style=\"width: 732px\" class=\"wp-caption aligncenter\"><a href=\"https:\/\/www.uv.mx\/prensa\/files\/2018\/03\/220318-Doctorado-Inbioteca-2.jpg\"><img aria-describedby=\"caption-attachment-43853\" decoding=\"async\" loading=\"lazy\" class=\"size-full wp-image-43853\" src=\"https:\/\/www.uv.mx\/prensa\/files\/2018\/03\/220318-Doctorado-Inbioteca-2.jpg\" alt=\"\" width=\"722\" height=\"720\" srcset=\"https:\/\/www.uv.mx\/prensa\/files\/2018\/03\/220318-Doctorado-Inbioteca-2.jpg 722w, https:\/\/www.uv.mx\/prensa\/files\/2018\/03\/220318-Doctorado-Inbioteca-2-150x150.jpg 150w, https:\/\/www.uv.mx\/prensa\/files\/2018\/03\/220318-Doctorado-Inbioteca-2-300x300.jpg 300w, https:\/\/www.uv.mx\/prensa\/files\/2018\/03\/220318-Doctorado-Inbioteca-2-120x120.jpg 120w, https:\/\/www.uv.mx\/prensa\/files\/2018\/03\/220318-Doctorado-Inbioteca-2-360x360.jpg 360w\" sizes=\"(max-width: 722px) 100vw, 722px\" \/><\/a><p id=\"caption-attachment-43853\" class=\"wp-caption-text\">El estudio gener\u00f3 la instalaci\u00f3n de dos estaciones meteorol\u00f3gicas especiales para medir el intercambio de energ\u00eda<\/p><\/div>\n<p>&nbsp;<\/p>\n<p>Al respecto, Carlo Alberto destac\u00f3 que este estudio puede contribuir al dise\u00f1o de la densidad y estructura de \u00e1reas verdes en la ciudad para contrarrestar los desbalances de energ\u00eda, dado que si no se dise\u00f1an zonas de frescor en \u00e1reas urbanas las ondas de calor podr\u00edan ser catastr\u00f3ficas.<\/p>\n<p>Adem\u00e1s, mencion\u00f3 que en algunas ciudades se han registrado grandes cantidades de lluvias en comparaci\u00f3n con los alrededores. Este fen\u00f3meno se atribuye a la gran contaminaci\u00f3n que existe en la capa de aire superficial y a las part\u00edculas presentes en la atm\u00f3sfera de las ciudades, que pueden funcionar como n\u00facleos microsc\u00f3picos que ayudan a la formaci\u00f3n de nubes.<\/p>\n<p>La condici\u00f3n de contaminaci\u00f3n con part\u00edculas en la atm\u00f3sfera tiene el potencial de ocasionar grandes cantidades de lluvia en poco tiempo y presentar inundaciones.<\/p>\n<p>Lo anterior, debido a que pocas veces la infraestructura en la contenci\u00f3n y direcci\u00f3n del agua que escurre a trav\u00e9s de las alcantarillas en las ciudades tiene la capacidad necesaria para afrontar estos fen\u00f3menos de lluvia.<\/p>\n<p>En el caso de Xalapa, ante un efecto de abundante lluvia, el cerro de Macuilt\u00e9petl podr\u00eda ayudar a no propiciar tanto escurrimiento y a mitigar algunos efectos por situarse en medio de la ciudad.<\/p>\n<p>Por su parte, Yareni Perroni Ventura, investigadora de <em>Inbioteca <\/em>y directora de esta investigaci\u00f3n a punto de concluirse, resalt\u00f3 que en M\u00e9xico no existe una cultura en cuanto al dise\u00f1o del desarrollo urbano.<\/p>\n<p>\u201cAunado a la urbanizaci\u00f3n descontrolada, pocos datos para la predicci\u00f3n de implementaci\u00f3n de infraestructura en el control del agua, acumulaci\u00f3n de basura y reducci\u00f3n de ondas de calor, pueden generar estrategias inadecuadas para la gesti\u00f3n urbana y, por tanto, cat\u00e1strofes ambientales y malestar en la poblaci\u00f3n.<\/p>\n<p>\u201dEn este sentido, hace falta considerar las investigaciones existentes y el desarrollo de mayor investigaci\u00f3n regional al respecto, a fin de conocer los modelos de predicci\u00f3n y contrarrestar los efectos de la urbanizaci\u00f3n a favor de la poblaci\u00f3n urbana xalape\u00f1a.\u201d<\/p>\n<p>A\u00f1adi\u00f3 que el estudio de Dom\u00ednguez Eusebio representa una evidencia para no tomar a la ligera esta situaci\u00f3n, ya que para el crecimiento de una ciudad se debe establecer el n\u00famero y tama\u00f1o de \u00e1reas verdes para evitar desequilibrios de energ\u00eda, entre otros factores.<\/p>\n<p>El bosque urbano puede ser muy importante como una isla de frescor y revertir un poco el desbalance que hay entre lo natural y lo urbanizado, pero de acuerdo con los resultados no es suficiente para equilibrarlos completamente, dijo.<\/p>\n<p>Con base en esto, la investigaci\u00f3n dada a conocer recientemente en congresos nacionales e internacionales y a punto de someterse a revistas internacionales, deber\u00eda ser un referente para los tomadores de decisiones que tengan inter\u00e9s en dise\u00f1ar el desarrollo urbano de Xalapa para los pr\u00f3ximos 20 a 50 a\u00f1os.<\/p>\n<p>Bajo la codirecci\u00f3n de Adalberto Tejeda Mart\u00ednez, acad\u00e9mico de la FIE, el alumno del doctorado de <em>Inbioteca<\/em> se prepara para realizar una estancia internacional. Entre sus opciones est\u00e1 la Universidad de Albany, Nueva York, o la Universidad de Delaware, ambas en Estados Unidos.<\/p>\n<p>&nbsp;<\/p>\n<div id=\"attachment_43855\" style=\"width: 732px\" class=\"wp-caption aligncenter\"><a href=\"https:\/\/www.uv.mx\/prensa\/files\/2018\/03\/220318-Doctorado-Inbioteca-3.jpg\"><img aria-describedby=\"caption-attachment-43855\" decoding=\"async\" loading=\"lazy\" class=\"size-full wp-image-43855\" src=\"https:\/\/www.uv.mx\/prensa\/files\/2018\/03\/220318-Doctorado-Inbioteca-3.jpg\" alt=\"\" width=\"722\" height=\"963\" srcset=\"https:\/\/www.uv.mx\/prensa\/files\/2018\/03\/220318-Doctorado-Inbioteca-3.jpg 722w, https:\/\/www.uv.mx\/prensa\/files\/2018\/03\/220318-Doctorado-Inbioteca-3-225x300.jpg 225w\" sizes=\"(max-width: 722px) 100vw, 722px\" \/><\/a><p id=\"caption-attachment-43855\" class=\"wp-caption-text\">Torre micrometeorol\u00f3gica con sensores en el cerro de Macuilt\u00e9petl<\/p><\/div>\n","protected":false},"excerpt":{"rendered":"<p>\u201cEl conocimiento sobre el funcionamiento del ecosistema de un bosque urbano y el efecto de la urbe en el intercambio de energ\u00eda suelo-atm\u00f3sfera\u201d, tema del estudio de Carlo Alberto Dom\u00ednguez<\/p>\n","protected":false},"author":1869,"featured_media":43852,"comment_status":"closed","ping_status":"closed","sticky":false,"template":"","format":"standard","meta":[],"categories":[45],"tags":[117],"_links":{"self":[{"href":"https:\/\/www.uv.mx\/prensa\/wp-json\/wp\/v2\/posts\/43849"}],"collection":[{"href":"https:\/\/www.uv.mx\/prensa\/wp-json\/wp\/v2\/posts"}],"about":[{"href":"https:\/\/www.uv.mx\/prensa\/wp-json\/wp\/v2\/types\/post"}],"author":[{"embeddable":true,"href":"https:\/\/www.uv.mx\/prensa\/wp-json\/wp\/v2\/users\/1869"}],"replies":[{"embeddable":true,"href":"https:\/\/www.uv.mx\/prensa\/wp-json\/wp\/v2\/comments?post=43849"}],"version-history":[{"count":0,"href":"https:\/\/www.uv.mx\/prensa\/wp-json\/wp\/v2\/posts\/43849\/revisions"}],"wp:featuredmedia":[{"embeddable":true,"href":"https:\/\/www.uv.mx\/prensa\/wp-json\/wp\/v2\/media\/43852"}],"wp:attachment":[{"href":"https:\/\/www.uv.mx\/prensa\/wp-json\/wp\/v2\/media?parent=43849"}],"wp:term":[{"taxonomy":"category","embeddable":true,"href":"https:\/\/www.uv.mx\/prensa\/wp-json\/wp\/v2\/categories?post=43849"},{"taxonomy":"post_tag","embeddable":true,"href":"https:\/\/www.uv.mx\/prensa\/wp-json\/wp\/v2\/tags?post=43849"}],"curies":[{"name":"wp","href":"https:\/\/api.w.org\/{rel}","templated":true}]}}