{"id":43542,"date":"2018-03-14T12:09:35","date_gmt":"2018-03-14T18:09:35","guid":{"rendered":"https:\/\/www.uv.mx\/prensa\/?p=43542"},"modified":"2021-10-20T11:22:02","modified_gmt":"2021-10-20T16:22:02","slug":"acceso-a-la-tecnologia-creo-nuevo-sujeto-politico","status":"publish","type":"post","link":"https:\/\/www.uv.mx\/prensa\/cultura\/acceso-a-la-tecnologia-creo-nuevo-sujeto-politico\/","title":{"rendered":"Acceso a la tecnolog\u00eda cre\u00f3 nuevo sujeto pol\u00edtico"},"content":{"rendered":"<ul>\n<li><em>Primero el uso de Internet, luego el surgimiento de colectivos globales y ahora los tel\u00e9fonos inteligentes han permitido a la ciudadan\u00eda nuevas formas de protesta e interacci\u00f3n, se\u00f1al\u00f3 acad\u00e9mica de la UAM<\/em><\/li>\n<\/ul>\n<div id=\"attachment_43543\" style=\"width: 732px\" class=\"wp-caption aligncenter\"><a href=\"https:\/\/www.uv.mx\/prensa\/files\/2018\/03\/140318-Nuevo-sujeto-100k.jpg\"><img loading=\"lazy\" decoding=\"async\" aria-describedby=\"caption-attachment-43543\" class=\"size-full wp-image-43543\" src=\"https:\/\/www.uv.mx\/prensa\/files\/2018\/03\/140318-Nuevo-sujeto-100k.jpg\" alt=\"\" width=\"722\" height=\"483\" srcset=\"https:\/\/www.uv.mx\/prensa\/files\/2018\/03\/140318-Nuevo-sujeto-100k.jpg 722w, https:\/\/www.uv.mx\/prensa\/files\/2018\/03\/140318-Nuevo-sujeto-100k-300x201.jpg 300w\" sizes=\"auto, (max-width: 722px) 100vw, 722px\" \/><\/a><p id=\"caption-attachment-43543\" class=\"wp-caption-text\">Guiomar Rovira imparti\u00f3 conferencia en el Centro de Estudios de la Cultura y la Comunicaci\u00f3n<\/p><\/div>\n<p><strong><em>David Sandoval Rodr\u00edguez<\/em><\/strong><\/p>\n<p><strong><em>14\/03\/2018, Xalapa, Ver.-<\/em><\/strong> Dimensionar la imbricaci\u00f3n entre la tecnolog\u00eda y los movimientos sociales contempor\u00e1neos es fundamental para comprender la creaci\u00f3n de un nuevo sujeto pol\u00edtico, plante\u00f3 Guiomar Rovira, acad\u00e9mica de la Universidad Aut\u00f3noma Metropolitana (UAM), en su conferencia \u201cActivismo en red y multitudes conectadas. Comunicaci\u00f3n y acci\u00f3n en la era de Internet\u201d, impartida el 13 de marzo en el marco de celebraci\u00f3n de los nueve a\u00f1os del<a href=\"https:\/\/www.uv.mx\/cecc\/\" target=\"_blank\" rel=\"noopener\"> Centro de Estudios de la Cultura y la Comunicaci\u00f3n<\/a> (CECC) de la Universidad Veracruzana (UV).<\/p>\n<p>La investigadora catalana dijo que en los \u00faltimos 20 a\u00f1os surgieron nuevos actores colectivos y formas de comunicaci\u00f3n alternativa que fomentan un activismo distinto al que hemos conocido.<\/p>\n<p>La primera etapa ocurri\u00f3 a trav\u00e9s de redes de activistas; la segunda etapa \u2013que denomin\u00f3 como de las multitudes conectadas\u2013, surgi\u00f3 como una cr\u00edtica al neoliberalismo, y en la tercera, se ha creado un nuevo sujeto pol\u00edtico.<\/p>\n<p>Las multitudes conectadas se refieren a un tipo de actor colectivo que ya no encaja dentro de la categor\u00eda de movimientos sociales, \u201cdebemos pensar nuevas categor\u00edas para relacionar a estos nuevos actores colectivos que se basan sobre todo en procesos de comunicaci\u00f3n tambi\u00e9n novedosos\u201d.<\/p>\n<p>Una de las primeras redes de activistas surgi\u00f3 acompa\u00f1ando al movimiento zapatista en Chiapas, que desde el 1 de enero de 1994 se volvi\u00f3 un fen\u00f3meno global a la par que el Internet; para abril apareci\u00f3 la primera p\u00e1gina <em>web<\/em> del Ej\u00e9rcito Zapatista, creada por un par de j\u00f3venes en Estados Unidos.<\/p>\n<p>\u201cEse entusiasmo por la revoluci\u00f3n encontr\u00f3 en Internet un canal fant\u00e1stico que permit\u00eda saber m\u00e1s que los medios tradicionales\u201d, dijo.<\/p>\n<p>Surgieron redes de activistas que \u201cno necesariamente generan una identidad colectiva ni un programa com\u00fan, sino que permite la convergencia de lo m\u00e1s heterog\u00e9neo\u201d.<\/p>\n<p>El segundo momento es el ciclo de acci\u00f3n altermundista contra el enemigo global de todos los ciber-activistas: el neoliberalismo, sus luchas poseen \u201cun sentido de acci\u00f3n que va m\u00e1s all\u00e1 incluso de los estados nacionales\u201d.<\/p>\n<p>Sucedi\u00f3 entonces el atentado a las Torres Gemelas del 11 de septiembre de 2001 y a partir de ese momento ocurre un proceso de endurecimiento b\u00e9lico del mundo, alterando los marcos de los derechos humanos y los procesos democr\u00e1ticos.<\/p>\n<p>Apareci\u00f3 entonces el tel\u00e9fono m\u00f3vil e \u201cinteligente\u201d y las redes sociodigitales \u201cque vienen a transformar las potencias mismas de la comunicaci\u00f3n y emerge un nuevo ciclo de protestas con otro tipo de sujeto colectivo que aparece en las calles: las multitudes conectadas\u201d.<\/p>\n<p>Con los tel\u00e9fonos m\u00f3viles se transmiten directamente las protestas y se convierten en un instrumento de visibilidad, al igual que facilitan la autoconvocatoria y la autogesti\u00f3n.<\/p>\n<p>\u201cLa separaci\u00f3n entre lo <em>on-line<\/em> y <em>off-line<\/em> deja de ser significativa; hay una simultaneidad de lo que ocurre en las redes, las calles y en los medios masivos\u201d, dijo la ponente.<\/p>\n<p>En esta \u00e9poca de la red 2.0, quienes salen a la calle no necesariamente est\u00e1n politizados o participan en grupos y colectivos, sino que deciden manifestarse generando un momento de potencia colectiva que se vuelve contagioso, inaprehensible y no tiene due\u00f1o.<\/p>\n<p>El nuevo sujeto pol\u00edtico se construye a partir de la voz individual de m\u00faltiples personas y nadie delega, \u201ccada quien participa porque le da la gana y con su propia voz, no le gusta pasar por un mediador; esto es una especie de democracia de apropiaci\u00f3n y una pol\u00edtica pre-figurativa, no es una pol\u00edtica que se base en programas y aspiraciones sino en una especie de actuaci\u00f3n de ciudadan\u00eda de cada uno de los individuos, dando la cara y en primera persona\u201d.<\/p>\n<p>No obstante, advirti\u00f3 que estos espacios de comunicaci\u00f3n est\u00e1n siendo capturados por los intereses corporativos y de los estados nacionales. \u201cActualmente una realidad terror\u00edfica es la manipulaci\u00f3n de las redes a trav\u00e9s de ej\u00e9rcitos de robots para ensuciar el ambiente comunicativo y \u2018tirar\u2019 tendencias\u201d.<\/p>\n","protected":false},"excerpt":{"rendered":"<p><strong><em>David Sandoval.-<\/em><\/strong> En los \u00faltimos 20 a\u00f1os surgieron actores colectivos y formas de comunicaci\u00f3n que fomentaron un activismo distinto al que hemos conocido, se\u00f1al\u00f3 Guiomar Rovira, acad\u00e9mica de la Universidad Aut\u00f3noma Metropolitana<\/p>\n","protected":false},"author":1775,"featured_media":43543,"comment_status":"closed","ping_status":"closed","sticky":false,"template":"","format":"standard","meta":{"footnotes":""},"categories":[11],"tags":[523,94,922,591,4159,4245,628,200],"class_list":["post-43542","post","type-post","status-publish","format-standard","has-post-thumbnail","hentry","category-cultura","tag-academica","tag-cecc","tag-centro-de-estudios-de-la-cultura-y-la-comunicacion","tag-conferencia","tag-david-sandoval-rodriguez","tag-guiomar-rovira","tag-uam","tag-universidad-autonoma-metropolitana"],"_links":{"self":[{"href":"https:\/\/www.uv.mx\/prensa\/wp-json\/wp\/v2\/posts\/43542","targetHints":{"allow":["GET"]}}],"collection":[{"href":"https:\/\/www.uv.mx\/prensa\/wp-json\/wp\/v2\/posts"}],"about":[{"href":"https:\/\/www.uv.mx\/prensa\/wp-json\/wp\/v2\/types\/post"}],"author":[{"embeddable":true,"href":"https:\/\/www.uv.mx\/prensa\/wp-json\/wp\/v2\/users\/1775"}],"replies":[{"embeddable":true,"href":"https:\/\/www.uv.mx\/prensa\/wp-json\/wp\/v2\/comments?post=43542"}],"version-history":[{"count":1,"href":"https:\/\/www.uv.mx\/prensa\/wp-json\/wp\/v2\/posts\/43542\/revisions"}],"predecessor-version":[{"id":103208,"href":"https:\/\/www.uv.mx\/prensa\/wp-json\/wp\/v2\/posts\/43542\/revisions\/103208"}],"wp:featuredmedia":[{"embeddable":true,"href":"https:\/\/www.uv.mx\/prensa\/wp-json\/wp\/v2\/media\/43543"}],"wp:attachment":[{"href":"https:\/\/www.uv.mx\/prensa\/wp-json\/wp\/v2\/media?parent=43542"}],"wp:term":[{"taxonomy":"category","embeddable":true,"href":"https:\/\/www.uv.mx\/prensa\/wp-json\/wp\/v2\/categories?post=43542"},{"taxonomy":"post_tag","embeddable":true,"href":"https:\/\/www.uv.mx\/prensa\/wp-json\/wp\/v2\/tags?post=43542"}],"curies":[{"name":"wp","href":"https:\/\/api.w.org\/{rel}","templated":true}]}}