{"id":43520,"date":"2018-03-13T19:08:42","date_gmt":"2018-03-14T01:08:42","guid":{"rendered":"https:\/\/www.uv.mx\/prensa\/?p=43520"},"modified":"2021-10-20T11:10:42","modified_gmt":"2021-10-20T16:10:42","slug":"en-aumento-consumo-de-tabaco-entre-ninos-y-jovenes","status":"publish","type":"post","link":"https:\/\/www.uv.mx\/prensa\/general\/en-aumento-consumo-de-tabaco-entre-ninos-y-jovenes\/","title":{"rendered":"En aumento, consumo de tabaco entre ni\u00f1os y j\u00f3venes"},"content":{"rendered":"<ul>\n<li><em>La UV y la organizaci\u00f3n <\/em>C\u00f3dice<em> informaron los resultados de un monitoreo desarrollado en la entidad, sobre el cumplimiento de la Ley 327 \u201cProtecci\u00f3n de los no fumadores del estado de Veracruz\u201d y su reglamento<\/em><\/li>\n<\/ul>\n<div id=\"attachment_43521\" style=\"width: 732px\" class=\"wp-caption aligncenter\"><a href=\"https:\/\/www.uv.mx\/prensa\/files\/2018\/03\/031318-tabaco-100k.jpg\"><img loading=\"lazy\" decoding=\"async\" aria-describedby=\"caption-attachment-43521\" class=\"size-full wp-image-43521\" src=\"https:\/\/www.uv.mx\/prensa\/files\/2018\/03\/031318-tabaco-100k.jpg\" alt=\"\" width=\"722\" height=\"481\" srcset=\"https:\/\/www.uv.mx\/prensa\/files\/2018\/03\/031318-tabaco-100k.jpg 722w, https:\/\/www.uv.mx\/prensa\/files\/2018\/03\/031318-tabaco-100k-300x200.jpg 300w\" sizes=\"auto, (max-width: 722px) 100vw, 722px\" \/><\/a><p id=\"caption-attachment-43521\" class=\"wp-caption-text\">Acad\u00e9micos, autoridades y sociedad civil hablaron sobre el consumo de tabaco y sus repercusiones<\/p><\/div>\n<p><strong><em>Karina de la Paz Reyes D\u00edaz<\/em><\/strong><\/p>\n<p><strong><em>13\/03\/2018, Xalapa, Ver.- <\/em><\/strong>Las empresas tabacaleras, en su af\u00e1n de renovar mercados, han intensificado sus campa\u00f1as publicitarias entre la poblaci\u00f3n infantil y juvenil, alertaron Enrique Colar G\u00f3mez, investigador del <a href=\"https:\/\/www.uv.mx\/isp\/\" target=\"_blank\" rel=\"noopener\">Instituto de Salud P\u00fablica<\/a> (ISP) de la Universidad Veracruzana (UV), y Eduardo del Castillo Valadez, director de la organizaci\u00f3n Comunicaci\u00f3n, Di\u00e1logo y Conciencia (<em>C\u00f3dice<\/em>).<\/p>\n<p>En conferencia de prensa ofrecida el 13 de marzo, Colar G\u00f3mez se\u00f1al\u00f3: \u201cHemos ganado la batalla en los adultos, pero las tabacaleras nos la est\u00e1n ganando en los ni\u00f1os\u201d.<\/p>\n<p>El investigador detall\u00f3 que anteriormente el consumo de tabaco en ni\u00f1as de zonas urbanas iniciaba entre los 12 y 14 a\u00f1os, y actualmente el rango est\u00e1 entre los nueve y 12.<\/p>\n<p>Por su parte, Eduardo del Castillo inform\u00f3 que el consumo de tabaco en los varones es cuatro veces mayor que en las mujeres, tanto en la poblaci\u00f3n adulta como en la que va de los 12 a los 16 a\u00f1os.<\/p>\n<p>\u201cEso quiere decir que las mujeres ya fueron atra\u00eddas como consumidoras en la misma proporci\u00f3n que los hombres. Hay ciudades como M\u00e9xico, Tlaxcala y Quer\u00e9taro donde las mujeres j\u00f3venes fuman m\u00e1s que los hombres.\u201d<\/p>\n<p>De acuerdo con Del Castillo Valadez, la industria tabacalera utiliza el empoderamiento de la mujer en la sociedad para sacar provecho econ\u00f3mico: \u201cEl empoderamiento va en otro sentido, en la b\u00fasqueda de la igualdad y la equidad, pero no de la adicci\u00f3n\u201d.<\/p>\n<p><strong>Monitoreo de espacios libres de humo de tabaco<br \/>\n<\/strong>El investigador de la UV y el Director de <em>C\u00f3dice<\/em> \u2013organizaci\u00f3n que trabaja en 12 estados en defensa de la salud y la b\u00fasqueda de espacios 100 por ciento libres de humo de tabaco\u2013 dieron a conocer los resultados del tercer monitoreo observacional para evaluar el cumplimiento de la Ley 327 \u201cProtecci\u00f3n de los no fumadores del estado de Veracruz\u201d y su reglamento.<\/p>\n<p>El monitoreo, realizado en 2017 y aplicado en 66 centros de convivencia y hospitalidad en las zonas de Xalapa, Boca del R\u00edo y San Andr\u00e9s Tuxtla-Catemaco, indic\u00f3 que el 71 por ciento de dichos espacios cumple con la Ley 327.<\/p>\n<p>Lo anterior contrasta con los resultados del monitoreo realizado en 2016, que se\u00f1alaron que el 96 por ciento de los establecimientos no cumpl\u00eda la citada ley.<\/p>\n<p>Sin embargo, en general los lugares monitoreados no cuentan con suficiente se\u00f1alizaci\u00f3n o no la tienen. Adem\u00e1s, los resultados comprueban la necesidad de realizar programas de informaci\u00f3n sobre los da\u00f1os del tabaquismo y de los mecanismos de prevenci\u00f3n.<\/p>\n<p>Enrique Colar hizo notar que fue a partir de la actual administraci\u00f3n estatal que se implement\u00f3 la citada ley, pese a que se promulg\u00f3 en 2011 y su reglamento al a\u00f1o siguiente, pero fueron tomados como \u201cletra muerta\u201d.<\/p>\n<p>En la conferencia tambi\u00e9n participaron Julio C\u00e9sar Cruz, de la Secretar\u00eda de Desarrollo Institucional de la UV; Rosa Aurora Azamar Arizmendi y M\u00f3nica Rodr\u00edguez Carranza, directora de Protecci\u00f3n contra Riesgos Sanitarios y subdirectora de Operaci\u00f3n Sanitaria y Autorizaci\u00f3n de la Secretar\u00eda de Salud del Estado, respectivamente.<\/p>\n<p>Rosa Aurora Azamar habl\u00f3 de los avances y el trabajo que desarrolla esta casa de estudios: \u201cLa Universidad Veracruzana fue la primera declarada 100 por ciento libre de humo de tabaco y eso es un esfuerzo que la ha puesto como pionera en este tema\u201d.<\/p>\n<p>Por su parte, Julio C\u00e9sar Cruz record\u00f3 que fue en diciembre de 2011 cuando el Consejo Universitario General aprob\u00f3 que todos los espacios universitarios \u2013abiertos y cerrados\u2013 fueran considerados libres de humo de tabaco.<\/p>\n<p>Precis\u00f3 que a la fecha el 98 por ciento de los espacios universitarios han sido reconocidos por la Secretar\u00eda de Salud del estado como libres al 100 por ciento de humo de tabaco, y que actualmente trabajan para que el porcentaje restante logre dicha categor\u00eda.<\/p>\n","protected":false},"excerpt":{"rendered":"<p><strong><em>Karina Reyes.-<\/em><\/strong> La UV y la organizaci\u00f3n <em>C\u00f3dice<\/em> dieron a conocer los resultados de un monitoreo realizado en la entidad, sobre el cumplimiento de la Ley 327 \u201cProtecci\u00f3n de los no fumadores del estado de Veracruz\u201d y su reglamento<\/p>\n","protected":false},"author":1775,"featured_media":43521,"comment_status":"closed","ping_status":"closed","sticky":false,"template":"","format":"standard","meta":{"footnotes":""},"categories":[1],"tags":[4237,4236,1285,4234,4238,4233,1444,749,77,4015,4235],"class_list":["post-43520","post","type-post","status-publish","format-standard","has-post-thumbnail","hentry","category-general","tag-codice","tag-comunicacion-dialogo-y-conciencia","tag-director","tag-eduardo-del-castillo-valadez","tag-empresas-tabacaleras","tag-enrique-colar-gomez","tag-instituto-de-salud-publica","tag-investigador","tag-isp","tag-karina-de-la-paz-reyes-diaz","tag-organizacion"],"_links":{"self":[{"href":"https:\/\/www.uv.mx\/prensa\/wp-json\/wp\/v2\/posts\/43520","targetHints":{"allow":["GET"]}}],"collection":[{"href":"https:\/\/www.uv.mx\/prensa\/wp-json\/wp\/v2\/posts"}],"about":[{"href":"https:\/\/www.uv.mx\/prensa\/wp-json\/wp\/v2\/types\/post"}],"author":[{"embeddable":true,"href":"https:\/\/www.uv.mx\/prensa\/wp-json\/wp\/v2\/users\/1775"}],"replies":[{"embeddable":true,"href":"https:\/\/www.uv.mx\/prensa\/wp-json\/wp\/v2\/comments?post=43520"}],"version-history":[{"count":1,"href":"https:\/\/www.uv.mx\/prensa\/wp-json\/wp\/v2\/posts\/43520\/revisions"}],"predecessor-version":[{"id":103203,"href":"https:\/\/www.uv.mx\/prensa\/wp-json\/wp\/v2\/posts\/43520\/revisions\/103203"}],"wp:featuredmedia":[{"embeddable":true,"href":"https:\/\/www.uv.mx\/prensa\/wp-json\/wp\/v2\/media\/43521"}],"wp:attachment":[{"href":"https:\/\/www.uv.mx\/prensa\/wp-json\/wp\/v2\/media?parent=43520"}],"wp:term":[{"taxonomy":"category","embeddable":true,"href":"https:\/\/www.uv.mx\/prensa\/wp-json\/wp\/v2\/categories?post=43520"},{"taxonomy":"post_tag","embeddable":true,"href":"https:\/\/www.uv.mx\/prensa\/wp-json\/wp\/v2\/tags?post=43520"}],"curies":[{"name":"wp","href":"https:\/\/api.w.org\/{rel}","templated":true}]}}