{"id":43512,"date":"2018-03-13T18:15:07","date_gmt":"2018-03-14T00:15:07","guid":{"rendered":"https:\/\/www.uv.mx\/prensa\/?p=43512"},"modified":"2021-10-20T11:07:22","modified_gmt":"2021-10-20T16:07:22","slug":"diez-anos-celebrando-el-cerebro-proyectil-para-defender-la-ciencia","status":"publish","type":"post","link":"https:\/\/www.uv.mx\/prensa\/general\/diez-anos-celebrando-el-cerebro-proyectil-para-defender-la-ciencia\/","title":{"rendered":"Diez a\u00f1os celebrando el cerebro, proyectil para defender la ciencia"},"content":{"rendered":"<ul>\n<li><em>En 26 art\u00edculos, el <\/em>Cice<em> comparte en este libro trabajos de investigadores de distintas disciplinas<\/em><\/li>\n<\/ul>\n<div id=\"attachment_43513\" style=\"width: 732px\" class=\"wp-caption aligncenter\"><a href=\"https:\/\/www.uv.mx\/prensa\/files\/2018\/03\/130318-celebrando-el-cerebro-100k.jpg\"><img loading=\"lazy\" decoding=\"async\" aria-describedby=\"caption-attachment-43513\" class=\"size-full wp-image-43513\" src=\"https:\/\/www.uv.mx\/prensa\/files\/2018\/03\/130318-celebrando-el-cerebro-100k.jpg\" alt=\"\" width=\"722\" height=\"483\" srcset=\"https:\/\/www.uv.mx\/prensa\/files\/2018\/03\/130318-celebrando-el-cerebro-100k.jpg 722w, https:\/\/www.uv.mx\/prensa\/files\/2018\/03\/130318-celebrando-el-cerebro-100k-300x201.jpg 300w\" sizes=\"auto, (max-width: 722px) 100vw, 722px\" \/><\/a><p id=\"caption-attachment-43513\" class=\"wp-caption-text\">Manuel Mart\u00ednez, Pedro Paredes, Mar\u00eda Rebeca Toledo y Favio Alfredo Garc\u00eda presentaron el texto en la Unidad de Artes<\/p><\/div>\n<p><strong><em>Jos\u00e9 Luis <\/em><\/strong><strong><em>Couttolenc<\/em><\/strong><strong><em> Soto<\/em><\/strong><\/p>\n<p><strong><em>13\/03\/2018, Xalapa, Ver.-<\/em><\/strong> Como parte de los festejos por el d\u00e9cimo aniversario de la Semana Mundial del Cerebro, el <a href=\"https:\/\/www.uv.mx\/cice\/\" target=\"_blank\" rel=\"noopener\">Centro de Investigaciones Cerebrales<\/a> (<em>Cice<\/em>) de la Universidad Veracruzana (UV) present\u00f3 el libro digital <em>Diez a\u00f1os celebrando el cerebro<\/em>, que consta de una compilaci\u00f3n de art\u00edculos de divulgaci\u00f3n autor\u00eda de especialistas de distintas disciplinas, que tienen como punto en com\u00fan su inter\u00e9s por el estudio y funcionamiento de este \u00f3rgano.<\/p>\n<p>En la presentaci\u00f3n, que tuvo lugar el 12 de marzo en la Unidad de Artes, Manuel Mart\u00ednez Morales, director de Comunicaci\u00f3n de la Ciencia de la UV, reconoci\u00f3 que en la actualidad la ciencia atraviesa por momentos dif\u00edciles \u201cno s\u00f3lo en M\u00e9xico sino en el mundo entero pues hay recortes al financiamiento del trabajo cient\u00edfico, o bien existe una deliberada pol\u00edtica selectiva que propicia que se apoyen unos proyectos y otros no, como sucede en el vecino pa\u00eds del norte con los centros del cambio clim\u00e1tico\u201d.<\/p>\n<p>Por ello, se congratul\u00f3 porque la UV se preocupe por editar libros como \u00e9ste, \u201cporque como dec\u00edan los antiguos sabios guerreros, la mejor defensa es el ataque, y este libro puede ser un proyectil que llegue a todos los puntos del planeta para defender la ciencia, y en particular defender el estudio de las ciencias cerebrales\u201d.<\/p>\n<p>Consider\u00f3 que el texto cumple con su cometido de divulgar la ciencia, est\u00e1 hecho para llegar a un gran p\u00fablico, y dijo que esto se puede advertir desde la introducci\u00f3n, que estuvo a cargo de Jaime Fisher y Salazar, quien presenta un panorama muy atractivo y acertado del libro, que desde su primer p\u00e1rrafo invita a su lectura.<\/p>\n<p>En la presentaci\u00f3n participaron tambi\u00e9n como presentadores los investigadores Pedro Paredes Ramos, autor del art\u00edculo \u201cAlgunos cerebros ladran\u201d, y Favio Alfredo Garc\u00eda Garc\u00eda, investigador adscrito al<a href=\"https:\/\/www.uv.mx\/ics\/\" target=\"_blank\" rel=\"noopener\"> Instituto de Ciencias de la Salud,<\/a> y miembro del Sistema Nacional de Investigadores (SNI) Nivel 1.<\/p>\n<p>En la introducci\u00f3n del libro se puede leer que los textos compilados \u201cser\u00e1n capaces de despertar en el p\u00fablico lector el inter\u00e9s por el estudio y conocimiento del principal instrumento de conocimiento, de estudio y ocasionalmente de sabidur\u00eda; la maravilla m\u00e1s grande en el hombre y ante el hombre: el \u00f3rgano que nos hace ser lo que somos y lo que podemos llegar a ser. El cerebro es por ello nuestro \u00f3rgano favorito, pese a la conocida opini\u00f3n de Woody Allen en contra\u201d.<\/p>\n","protected":false},"excerpt":{"rendered":"<p><strong><em>Jos\u00e9 Luis Couttolenc.-<\/em><\/strong> Manuel Mart\u00ednez Morales, director de Comunicaci\u00f3n de la Ciencia, consider\u00f3 que el libro editado por la UV est\u00e1 hecho para llegar a un gran p\u00fablico, lo que se advierte desde la introducci\u00f3n<\/p>\n","protected":false},"author":1775,"featured_media":43513,"comment_status":"closed","ping_status":"closed","sticky":false,"template":"","format":"standard","meta":{"footnotes":""},"categories":[1],"tags":[519,520,4230,4162,4229,1715],"class_list":["post-43512","post","type-post","status-publish","format-standard","has-post-thumbnail","hentry","category-general","tag-centro-de-investigaciones-cerebrales","tag-cice","tag-diez-anos-celebrando-el-cerebro","tag-jose-luis-couttolenc-soto","tag-libro-digital","tag-semana-mundial-del-cerebro"],"_links":{"self":[{"href":"https:\/\/www.uv.mx\/prensa\/wp-json\/wp\/v2\/posts\/43512","targetHints":{"allow":["GET"]}}],"collection":[{"href":"https:\/\/www.uv.mx\/prensa\/wp-json\/wp\/v2\/posts"}],"about":[{"href":"https:\/\/www.uv.mx\/prensa\/wp-json\/wp\/v2\/types\/post"}],"author":[{"embeddable":true,"href":"https:\/\/www.uv.mx\/prensa\/wp-json\/wp\/v2\/users\/1775"}],"replies":[{"embeddable":true,"href":"https:\/\/www.uv.mx\/prensa\/wp-json\/wp\/v2\/comments?post=43512"}],"version-history":[{"count":1,"href":"https:\/\/www.uv.mx\/prensa\/wp-json\/wp\/v2\/posts\/43512\/revisions"}],"predecessor-version":[{"id":103201,"href":"https:\/\/www.uv.mx\/prensa\/wp-json\/wp\/v2\/posts\/43512\/revisions\/103201"}],"wp:featuredmedia":[{"embeddable":true,"href":"https:\/\/www.uv.mx\/prensa\/wp-json\/wp\/v2\/media\/43513"}],"wp:attachment":[{"href":"https:\/\/www.uv.mx\/prensa\/wp-json\/wp\/v2\/media?parent=43512"}],"wp:term":[{"taxonomy":"category","embeddable":true,"href":"https:\/\/www.uv.mx\/prensa\/wp-json\/wp\/v2\/categories?post=43512"},{"taxonomy":"post_tag","embeddable":true,"href":"https:\/\/www.uv.mx\/prensa\/wp-json\/wp\/v2\/tags?post=43512"}],"curies":[{"name":"wp","href":"https:\/\/api.w.org\/{rel}","templated":true}]}}