{"id":43306,"date":"2018-03-09T19:00:13","date_gmt":"2018-03-10T01:00:13","guid":{"rendered":"https:\/\/www.uv.mx\/prensa\/?p=43306"},"modified":"2018-03-09T15:43:54","modified_gmt":"2018-03-09T21:43:54","slug":"derechos-humanos-de-las-mujeres-conciernen-a-todos-universitarias","status":"publish","type":"post","link":"https:\/\/www.uv.mx\/prensa\/general\/derechos-humanos-de-las-mujeres-conciernen-a-todos-universitarias\/","title":{"rendered":"Derechos humanos de las mujeres conciernen a todos: universitarias"},"content":{"rendered":"<ul>\n<li><em>Acad\u00e9micas participaron en mesa redonda con motivo del D\u00eda Internacional de la Mujer, invitadas por la Facultad de Sociolog\u00eda de la UV<\/em><\/li>\n<li><em>La violencia hacia este sector est\u00e1 normalizada: Estela Casados<\/em><\/li>\n<\/ul>\n<p>&nbsp;<\/p>\n<div id=\"attachment_43307\" style=\"width: 732px\" class=\"wp-caption aligncenter\"><a href=\"https:\/\/www.uv.mx\/prensa\/files\/2018\/03\/Feminismo.jpg\"><img loading=\"lazy\" decoding=\"async\" aria-describedby=\"caption-attachment-43307\" class=\"size-full wp-image-43307\" src=\"https:\/\/www.uv.mx\/prensa\/files\/2018\/03\/Feminismo.jpg\" alt=\"\" width=\"722\" height=\"481\" srcset=\"https:\/\/www.uv.mx\/prensa\/files\/2018\/03\/Feminismo.jpg 722w, https:\/\/www.uv.mx\/prensa\/files\/2018\/03\/Feminismo-300x200.jpg 300w\" sizes=\"auto, (max-width: 722px) 100vw, 722px\" \/><\/a><p id=\"caption-attachment-43307\" class=\"wp-caption-text\">Acad\u00e9micas e investigadoras de la UV participaron en la mesa redonda \u201cEl d\u00eda internacional de la mujer y el feminismo\u201d<\/p><\/div>\n<p>&nbsp;<\/p>\n<p><strong><em>Claudia Peralta V\u00e1zquez<\/em><\/strong><\/p>\n<p><strong><em>11\/03\/18, Xalapa, Ver.- <\/em><\/strong>Acad\u00e9micas e investigadoras de la Universidad Veracruzana (UV) apelaron al reclamo social en defensa de los derechos humanos de las mujeres, ante la ola de violencia que deriva en una alta cifra de feminicidios, as\u00ed como en el acoso laboral y sexual.<\/p>\n<p>En el marco del D\u00eda Internacional de la Mujer, Estela Casados Gonz\u00e1lez, adscrita a la Facultad de Antropolog\u00eda; Ros\u00edo C\u00f3rdova Plaza, investigadora del Instituto de Investigaciones Hist\u00f3rico-Sociales (IIH-S), y Mar\u00eda Jos\u00e9 Garc\u00eda Oramas, de la Facultad de Psicolog\u00eda, coincidieron en que esta fecha no representa un festejo sino una conmemoraci\u00f3n y reflexi\u00f3n en torno a los derechos ciudadanos y humanos de las mujeres.<\/p>\n<p>Durante su participaci\u00f3n en la mesa redonda \u201cEl D\u00eda Internacional de la Mujer y el feminismo\u201d, invitadas por el Comit\u00e9 del Tercer Encuentro de Egresados 2018 de la Facultad de Sociolog\u00eda de la UV, Estela Casados resalt\u00f3 que a pesar de que existe todo un andamiaje legal que reconoce sus derechos, \u00e9stos no se respetan cabalmente ni se hace justicia cuando han sufrido un acto de violencia o perdido la vida.<\/p>\n<p>En el Auditorio \u201cJes\u00fas Morales Fern\u00e1ndez\u201d de la Unidad de Humanidades, mencion\u00f3 la Ley de Acceso a las Mujeres a una Vida Libre de Violencia, Ley de Igualdad entre Mujeres y Hombres, y la tipificaci\u00f3n del delito de feminicidio.<\/p>\n<p>\u201cA pesar de que las leyes y lo establecido en el C\u00f3digo Penal son perfectibles, lo cierto es que ni siquiera lo que est\u00e1 dentro de esos documentos se respeta cabalmente\u201d, dijo durante el desarrollo de la mesa moderada por Mayabel Ranero Castro, investigadora del Centro de Estudios de G\u00e9nero de esta casa de estudio (CEGUV).<\/p>\n<p>Critic\u00f3 que no se haya logrado el derecho de la mujer a decidir bajo sus propios criterios cu\u00e1ntos hijos tener, la interrupci\u00f3n del embarazo o seguir con el mismo.<\/p>\n<p>La investigadora dijo que no se sabe cu\u00e1l es el seguimiento que el Gobierno del Estado de Veracruz ha dado a las dos alertas de violencia de g\u00e9nero: una por feminicidio y otra por agravio comparado.<\/p>\n<p>A pesar de \u00e9stas, la violencia contra las mujeres sigue, ya sea en espacios p\u00fablicos o privados, y cada mes se conocen cifras oficiales sobre decesos vinculados con \u00e9sta.<\/p>\n<p>Al hablar de feminismo, Ros\u00edo C\u00f3rdova coment\u00f3 que este concepto no s\u00f3lo es una corriente de pensamiento o un conjunto de movimientos sociales, sino una directriz de vida.<\/p>\n<p>\u201cSi esperamos ser tratadas de una misma forma y que se nos d\u00e9 igualdad de oportunidades con nuestras diferencias, no se lograr\u00e1 porque no hay una suma masiva de hombres, mujeres y otras identidades gen\u00e9ricas y sexuales adheridas a esta idea\u201d, resalt\u00f3.<\/p>\n<p>Agreg\u00f3 que el feminismo es una forma de concebir un ideal de sociedad, es una postura pol\u00edtica de demandas y derechos igualitarios.<\/p>\n<p>Lament\u00f3 que la sociedad reste importancia a los temas que competen a las mujeres, por ejemplo el aborto o la venta de mujeres o ni\u00f1as a cambio de un bien econ\u00f3mico o especie.<\/p>\n<p>Es por ello que apel\u00f3 al reclamo social en defensa de los derechos humanos de las mujeres.<\/p>\n<p>Mar\u00eda Jos\u00e9 Garc\u00eda advirti\u00f3 que a diferencia de otros a\u00f1os las mujeres se han posicionado sobre el tema de lo que significa pertenecer a este g\u00e9nero. Lamentablemente a\u00fan existen muchas desventajas en materia laboral, social, violencia e inseguridad.<\/p>\n<p>Ante estudiantes, profesores y acad\u00e9micos, se\u00f1al\u00f3 que ser feminista y radical expresa tener una posici\u00f3n propia pero no representa estar en contra de nadie.<\/p>\n<p>No es una pol\u00edtica de odio u otra posici\u00f3n, el feminismo plantea querer un mundo diferente y tener una utop\u00eda.<\/p>\n","protected":false},"excerpt":{"rendered":"<p><strong><em>Claudia Peralta.-<\/em><\/strong> \u201cA pesar de que las leyes y lo establecido en el C\u00f3digo Penal son perfectibles, lo cierto es que ni siquiera lo que est\u00e1 dentro de esos documentos se respeta cabalmente\u201d: Estela Casados<\/p>\n","protected":false},"author":1869,"featured_media":43307,"comment_status":"closed","ping_status":"closed","sticky":false,"template":"","format":"standard","meta":{"footnotes":""},"categories":[1],"tags":[195,82],"class_list":["post-43306","post","type-post","status-publish","format-standard","has-post-thumbnail","hentry","category-general","tag-ceguv","tag-iih-s"],"_links":{"self":[{"href":"https:\/\/www.uv.mx\/prensa\/wp-json\/wp\/v2\/posts\/43306","targetHints":{"allow":["GET"]}}],"collection":[{"href":"https:\/\/www.uv.mx\/prensa\/wp-json\/wp\/v2\/posts"}],"about":[{"href":"https:\/\/www.uv.mx\/prensa\/wp-json\/wp\/v2\/types\/post"}],"author":[{"embeddable":true,"href":"https:\/\/www.uv.mx\/prensa\/wp-json\/wp\/v2\/users\/1869"}],"replies":[{"embeddable":true,"href":"https:\/\/www.uv.mx\/prensa\/wp-json\/wp\/v2\/comments?post=43306"}],"version-history":[{"count":0,"href":"https:\/\/www.uv.mx\/prensa\/wp-json\/wp\/v2\/posts\/43306\/revisions"}],"wp:featuredmedia":[{"embeddable":true,"href":"https:\/\/www.uv.mx\/prensa\/wp-json\/wp\/v2\/media\/43307"}],"wp:attachment":[{"href":"https:\/\/www.uv.mx\/prensa\/wp-json\/wp\/v2\/media?parent=43306"}],"wp:term":[{"taxonomy":"category","embeddable":true,"href":"https:\/\/www.uv.mx\/prensa\/wp-json\/wp\/v2\/categories?post=43306"},{"taxonomy":"post_tag","embeddable":true,"href":"https:\/\/www.uv.mx\/prensa\/wp-json\/wp\/v2\/tags?post=43306"}],"curies":[{"name":"wp","href":"https:\/\/api.w.org\/{rel}","templated":true}]}}