{"id":43281,"date":"2018-03-09T19:00:22","date_gmt":"2018-03-10T01:00:22","guid":{"rendered":"https:\/\/www.uv.mx\/prensa\/?p=43281"},"modified":"2018-03-09T14:30:18","modified_gmt":"2018-03-09T20:30:18","slug":"necesario-analizar-historicidad-de-las-formaciones-sociales","status":"publish","type":"post","link":"https:\/\/www.uv.mx\/prensa\/general\/necesario-analizar-historicidad-de-las-formaciones-sociales\/","title":{"rendered":"Necesario analizar historicidad de las formaciones sociales"},"content":{"rendered":"<ul>\n<li><em>Emilia Vel\u00e1zquez, acad\u00e9mica del CIESAS Golfo, particip\u00f3 en el homenaje a Joaqu\u00edn Gonz\u00e1lez Mart\u00ednez que efectu\u00f3 el IIH-S de la Universidad Veracruzana<\/em><\/li>\n<\/ul>\n<p>&nbsp;<\/p>\n<p>&nbsp;<\/p>\n<p><a href=\"https:\/\/www.uv.mx\/prensa\/files\/2018\/03\/Conferencia-emilia-vazquez-en-IIHS.jpg\"><img loading=\"lazy\" decoding=\"async\" class=\"aligncenter size-full wp-image-43282\" src=\"https:\/\/www.uv.mx\/prensa\/files\/2018\/03\/Conferencia-emilia-vazquez-en-IIHS.jpg\" alt=\"\" width=\"722\" height=\"483\" srcset=\"https:\/\/www.uv.mx\/prensa\/files\/2018\/03\/Conferencia-emilia-vazquez-en-IIHS.jpg 722w, https:\/\/www.uv.mx\/prensa\/files\/2018\/03\/Conferencia-emilia-vazquez-en-IIHS-300x201.jpg 300w\" sizes=\"auto, (max-width: 722px) 100vw, 722px\" \/><\/a><\/p>\n<p>&nbsp;<\/p>\n<p><strong><em>David Sandoval Rodr\u00edguez<\/em><\/strong><\/p>\n<p><strong><em>11\/03\/18, Xalapa, Ver.-<\/em><\/strong> Al participar en el Coloquio \u201cHistoria y Regi\u00f3n. Homenaje al Doctor Joaqu\u00edn Roberto Gonz\u00e1lez Mart\u00ednez\u201d, realizado por el Instituto de Investigaciones Hist\u00f3rico-Sociales (IIH-S) de la Universidad Veracruzana (UV), la investigadora Emilia Vel\u00e1zquez Hern\u00e1ndez recalc\u00f3 que el espacio es un constructo social al que se requiere analizar desde su historicidad.<\/p>\n<p>Vel\u00e1zquez Hern\u00e1ndez, acad\u00e9mica del Centro de Investigaciones y Estudios Superiores en Antropolog\u00eda Social (CIESAS), Unidad Golfo, dict\u00f3 la conferencia \u201cCon\ufb01guraci\u00f3n y recon\ufb01guraci\u00f3n regional: tres ejemplos de investigaci\u00f3n en el estado de Veracruz\u201d, como parte del evento efectuado el jueves 8 de marzo en el Auditorio \u201cGonzalo Aguirre Beltr\u00e1n\u201d del IIH-S.<\/p>\n<p>Filiberta G\u00f3mez Cruz, directora del instituto, present\u00f3 a Emilia Vel\u00e1zquez y dijo que ha realizado investigaciones en Jalisco, Guerrero, Michoac\u00e1n, as\u00ed como el norte y sur de Veracruz, siendo las tem\u00e1ticas centrales de su investigaci\u00f3n el an\u00e1lisis regional de procesos pol\u00edticos locales; sus l\u00edneas de investigaci\u00f3n son la antropolog\u00eda y estudios pol\u00edticos<\/p>\n<p>Su proyecto actual es sobre el impacto de la migraci\u00f3n y el acceso a la tierra de producci\u00f3n agr\u00edcola en una regi\u00f3n del istmo veracruzano.<\/p>\n<p>La ponente explic\u00f3 que su trabajo engloba reflexiones desde la disciplina antropol\u00f3gica para elaborar an\u00e1lisis regionales.<\/p>\n<p>Este trabajo fue presentado en la C\u00e1tedra de Estudios Regionales \u201cGuillermo de la Pe\u00f1a\u201d que organiza el CIESAS Occidente y la Universidad Aut\u00f3noma de Guadalajara (UAG).<\/p>\n<p>El objetivo de la charla fue reflexionar sobre tres acercamientos al estudio de la conformaci\u00f3n y la transformaci\u00f3n de los espacios regionales. \u201cSon investigaciones que he realizado a lo largo de mi carrera a partir de preguntas de investigaci\u00f3n diferentes pero en todas ellas han estado presentes dos planteamiento centrales: el espacio es un producto social y por lo tanto tenemos que dar cuenta de c\u00f3mo estos espacios se construyen; y analizar la historicidad de las formaciones espaciales\u201d.<\/p>\n<p>Su primer ejemplo fue el trabajo que realiz\u00f3 a mediados de la d\u00e9cada de 1980 en colaboraci\u00f3n con ge\u00f3grafos, donde se analizaron las redes de comercio en la zona del Totonacapan.<\/p>\n<p>Al analizar las rutas comerciales encontr\u00f3 que \u00e9stas exist\u00edan desde 1940 cuando fueron creadas por arrieros, previamente existi\u00f3 una fuerte integraci\u00f3n comercial entre la sierra y la llanura costera.<\/p>\n<p>\u201cLo que quisiera recalcar de este trabajo son dos cosas\u201d, precis\u00f3, \u201cno asumir que las regiones, tal como las identificamos, han permanecido inalterables y considerar el dinamismo de estas conformaciones como una de sus principales caracter\u00edsticas\u201d.<\/p>\n<p>El segundo ejemplo que refiri\u00f3 fue sobre su investigaci\u00f3n acerca de la organizaci\u00f3n espacial en el istmo veracruzano, particularmente en el municipio de Soteapan; su objetivo principal era \u201centender y analizar las contradicciones, conflictos y negociaciones que surg\u00edan cuando proyectos estatales se concretaban en espacios locales particulares, tomando como hilo conductor la historia agraria\u201d.<\/p>\n<p>El proceso de desamortizaci\u00f3n fue tard\u00edo e intenso en la regi\u00f3n y alrededor de 1890 los popolucas invirtieron mucho dinero y esfuerzo para delimitar sus tierras, pero en 1902 las pierden al ser reclamadas por las hijas de Manuel Romero Rubio, quienes a\u00f1os despu\u00e9s las arrendaron a la Compa\u00f1\u00eda Pearson que construir\u00e1 la red ferroviaria para conectar la costa atl\u00e1ntica y pac\u00edfica a trav\u00e9s del istmo de Tehuantepec.<\/p>\n<p>\u201cEncontr\u00e9 una historia que me pareci\u00f3 fascinante: la reorganizaci\u00f3n espacial durante los \u00faltimos 50 a\u00f1os del siglo XIX que tiene en Acayucan a su centro rector, hasta la consolidaci\u00f3n de Minatitl\u00e1n y posteriormente Coatzacoalcos como centros regionales\u201d.<\/p>\n<p>Se cre\u00f3 as\u00ed un nuevo orden regional en torno a centros rectores con distinta jerarqu\u00eda que permanece vigente a lo largo del siglo XX.<\/p>\n<p>Esta reorganizaci\u00f3n es producto de acciones de grupos diversos que buscan consolidar sus negocios mediante el asedio a las tierras ind\u00edgenas.<\/p>\n<p>El tercer ejemplo que comparti\u00f3 fue sobre la integraci\u00f3n de regiones distantes a trav\u00e9s de la migraci\u00f3n, en particular desde la sierra de Santa Marta a localidades del norte, Ciudad Ju\u00e1rez y el estado de Sinaloa, principalmente.<\/p>\n<p>En 1995 Coatzacoalcos registr\u00f3 un 9.8 por ciento de tasa de desempleo, de los m\u00e1s altos del pa\u00eds, reflejando la situaci\u00f3n en la regi\u00f3n.<\/p>\n<p>Como conclusiones expres\u00f3: \u201cEspacios dispersos de la geograf\u00eda con nulas o m\u00ednimas interacciones previas se han vuelto interdependientes\u201d, y recalc\u00f3: \u201cPensar estas regiones discontinuas es un nuevo reto para el an\u00e1lisis regional\u201d.<\/p>\n","protected":false},"excerpt":{"rendered":"<p><strong><em>David Sandoval.-<\/em><\/strong> El objetivo de la charla fue reflexionar sobre tres acercamientos al estudio de la conformaci\u00f3n y la transformaci\u00f3n de los espacios regionales<\/p>\n","protected":false},"author":1869,"featured_media":43282,"comment_status":"closed","ping_status":"closed","sticky":false,"template":"","format":"standard","meta":{"footnotes":""},"categories":[1],"tags":[199,82],"class_list":["post-43281","post","type-post","status-publish","format-standard","has-post-thumbnail","hentry","category-general","tag-ciesas","tag-iih-s"],"_links":{"self":[{"href":"https:\/\/www.uv.mx\/prensa\/wp-json\/wp\/v2\/posts\/43281","targetHints":{"allow":["GET"]}}],"collection":[{"href":"https:\/\/www.uv.mx\/prensa\/wp-json\/wp\/v2\/posts"}],"about":[{"href":"https:\/\/www.uv.mx\/prensa\/wp-json\/wp\/v2\/types\/post"}],"author":[{"embeddable":true,"href":"https:\/\/www.uv.mx\/prensa\/wp-json\/wp\/v2\/users\/1869"}],"replies":[{"embeddable":true,"href":"https:\/\/www.uv.mx\/prensa\/wp-json\/wp\/v2\/comments?post=43281"}],"version-history":[{"count":0,"href":"https:\/\/www.uv.mx\/prensa\/wp-json\/wp\/v2\/posts\/43281\/revisions"}],"wp:featuredmedia":[{"embeddable":true,"href":"https:\/\/www.uv.mx\/prensa\/wp-json\/wp\/v2\/media\/43282"}],"wp:attachment":[{"href":"https:\/\/www.uv.mx\/prensa\/wp-json\/wp\/v2\/media?parent=43281"}],"wp:term":[{"taxonomy":"category","embeddable":true,"href":"https:\/\/www.uv.mx\/prensa\/wp-json\/wp\/v2\/categories?post=43281"},{"taxonomy":"post_tag","embeddable":true,"href":"https:\/\/www.uv.mx\/prensa\/wp-json\/wp\/v2\/tags?post=43281"}],"curies":[{"name":"wp","href":"https:\/\/api.w.org\/{rel}","templated":true}]}}