{"id":43258,"date":"2018-03-09T10:26:19","date_gmt":"2018-03-09T16:26:19","guid":{"rendered":"https:\/\/www.uv.mx\/prensa\/?p=43258"},"modified":"2021-10-20T10:39:06","modified_gmt":"2021-10-20T15:39:06","slug":"revisteros-celebraron-alcance-de-las-palabras","status":"publish","type":"post","link":"https:\/\/www.uv.mx\/prensa\/cultura\/revisteros-celebraron-alcance-de-las-palabras\/","title":{"rendered":"\u201cRevisteros\u201d celebraron  alcance de las palabras"},"content":{"rendered":"<ul>\n<li><em>Programa <\/em>La Revista<em>, \u00edcono universitario: Rectora<\/em><\/li>\n<li><em> \u201cA trav\u00e9s de su voz \u2013la de Carlos Romano\u2013 ha logrado hacernos sentir que la radio es nuestra\u201d, expres\u00f3 el radioescucha Jahaciel Garc\u00eda<\/em><\/li>\n<\/ul>\n<div id=\"attachment_43259\" style=\"width: 732px\" class=\"wp-caption aligncenter\"><a href=\"https:\/\/www.uv.mx\/prensa\/files\/2018\/03\/La-Revista-1-100k.jpg\"><img loading=\"lazy\" decoding=\"async\" aria-describedby=\"caption-attachment-43259\" class=\"size-full wp-image-43259\" src=\"https:\/\/www.uv.mx\/prensa\/files\/2018\/03\/La-Revista-1-100k.jpg\" alt=\"\" width=\"722\" height=\"482\" srcset=\"https:\/\/www.uv.mx\/prensa\/files\/2018\/03\/La-Revista-1-100k.jpg 722w, https:\/\/www.uv.mx\/prensa\/files\/2018\/03\/La-Revista-1-100k-300x200.jpg 300w\" sizes=\"auto, (max-width: 722px) 100vw, 722px\" \/><\/a><p id=\"caption-attachment-43259\" class=\"wp-caption-text\">El panel se desarroll\u00f3 en el patio central de Radio UV<\/p><\/div>\n<p><strong><em>Karina de la Paz Reyes D\u00edaz<\/em><\/strong><\/p>\n<p><strong><em>10\/03\/2018, Xalapa, Ver.-<\/em><\/strong> En la celebraci\u00f3n del 30 aniversario de <em>La Revista<\/em>, de Radio Universidad Veracruzana (UV), cuya direcci\u00f3n y conducci\u00f3n est\u00e1 a cargo de Carlos Romano Allen, la rectora Sara Ladr\u00f3n de Guevara destac\u00f3 que este programa es un \u00edcono universitario.<\/p>\n<p>Tambi\u00e9n celebr\u00f3 el hecho de que Radio UV se transmita por el 90.5 de Frecuencia Modulada (FM), lo cual permite que su programaci\u00f3n sea escuchada m\u00e1s all\u00e1 de la capital veracruzana. Aunado a ello, est\u00e1 la posibilidad de seguir sus emisiones a trav\u00e9s de Internet, en <a href=\"https:\/\/www.uv.mx\/radio\">www.uv.mx\/radio<\/a>.<\/p>\n<p>\u201cLos xalape\u00f1os somos afortunados porque durante 30 a\u00f1os hemos escuchado la voz de Carlos Romano, la de sus invitados y la m\u00fasica elegida por \u2018Chuch\u00edn\u2019, pero ahora las compartimos m\u00e1s all\u00e1 de nuestras fronteras.\u201d<\/p>\n<p>Como parte del festejo, se desarroll\u00f3 un panel en el que participaron Jahaciel Garc\u00eda Venegas, radioescucha; Germ\u00e1n Mart\u00ednez Aceves, conductor de Radio UV e integrante de la Editorial de esta casa de estudios, as\u00ed como V\u00edctor Manuel Andrade Guevara, del Instituto de Investigaciones Hist\u00f3rico-Sociales (IIH-S).<\/p>\n<p>Jahaciel Garc\u00eda destac\u00f3 el horizonte literario trazado por <em>La Revista<\/em>, as\u00ed como el sentido de identificaci\u00f3n por parte de la sociedad con un programa de radio.<\/p>\n<p>\u201cPara aprender sobre la complejidad de lo humano, nada resulta m\u00e1s \u00fatil y fecundo que ese mundo de libros que Carlos Romano ha le\u00eddo y compartido, porque son las palabras las que permiten cifrar y descifrar lo que somos, los demonios que nos habitan, los sue\u00f1os que nos ensanchan\u201d, dijo.<\/p>\n<p>\u201cHa sido a trav\u00e9s de su voz, sus tonos, la precisi\u00f3n de sus inflexiones y\u00a0las\u00a0palabras escogidas\u00a0\u2013con una curia que nunca te agradeceremos lo bastante\u2013\u00a0que has logrado hacernos sentir que la radio es nuestra, que\u00a0<em>La Revista<\/em>\u00a0es nuestra, que\u00a0somos varios los que vamos en el mismo barco remando en\u00a0busca de esa\u00a0inexistente pero siempre so\u00f1ada tierra prometida\u201d.<\/p>\n<p>En su intervenci\u00f3n, Germ\u00e1n Mart\u00ednez mencion\u00f3 que los 30 a\u00f1os de <em>La Revista<\/em> son muy significativos, no s\u00f3lo porque se trata de un programa que se transmite por una radio universitaria, sino por el sentido comunitario que genera.<\/p>\n<p>\u201cNing\u00fan programa de radio en el pa\u00eds tiene esta caracter\u00edstica de <em>La Revista<\/em>, con estos elementos de pol\u00edtica, cultura, literatura, arte, m\u00fasica diversa, que hace posible que podamos escucharlo todas la ma\u00f1anas de lunes a viernes a trav\u00e9s de FM.\u201d<\/p>\n<p>Por su parte, el acad\u00e9mico V\u00edctor Manuel Andrade subray\u00f3 que la democracia no solamente consiste en elecciones libres, sino en la existencia de espacios de discusi\u00f3n e intercambio, donde haya deliberaci\u00f3n y argumentos, como en el caso de <em>La Revista<\/em>.<\/p>\n<p>Como parte del programa, la Rectora entreg\u00f3 reconocimientos a colaboradores y a quienes hacen posible el programa: Andr\u00e9s de Jes\u00fas Reyes S\u00e1nchez \u201cChuch\u00edn\u201d; Judith Guadalupe P\u00e1ez Paniagua; Enrique Reyes Guerrero; la agrupaci\u00f3n musical Combo Ninguno \u2013cuyo tema <em>Jarocho<\/em> es el que viste a<em> La Revista<\/em>\u2013; la Comi compa\u00f1\u00eda; Enrique Salmer\u00f3n C\u00f3rdoba; Francisco Arag\u00f3n Pale; V\u00edctor Manuel Andrade, y al propio Carlos Romano.<\/p>\n<p>Para concluir el panel, \u201cChuch\u00edn\u201d, quien se ha desempe\u00f1ado como operador del programa por 25 a\u00f1os, coment\u00f3 que <em>La Revista <\/em>fue pionera en tratar temas que hoy son cotidianos en los medios de comunicaci\u00f3n, como el feminismo, los derechos humanos, el cuidado de los animales, entre otros.<\/p>\n<div id='gallery-1' class='gallery galleryid-43258 gallery-columns-2 gallery-size-full'><dl class='gallery-item'>\n\t\t\t<dt class='gallery-icon landscape'>\n\t\t\t\t<a href='https:\/\/www.uv.mx\/prensa\/files\/2018\/03\/La-Revista-2-100k.jpg'><img loading=\"lazy\" decoding=\"async\" width=\"722\" height=\"482\" src=\"https:\/\/www.uv.mx\/prensa\/files\/2018\/03\/La-Revista-2-100k.jpg\" class=\"attachment-full size-full\" alt=\"\" aria-describedby=\"gallery-1-43260\" srcset=\"https:\/\/www.uv.mx\/prensa\/files\/2018\/03\/La-Revista-2-100k.jpg 722w, https:\/\/www.uv.mx\/prensa\/files\/2018\/03\/La-Revista-2-100k-300x200.jpg 300w\" sizes=\"auto, (max-width: 722px) 100vw, 722px\" \/><\/a>\n\t\t\t<\/dt>\n\t\t\t\t<dd class='wp-caption-text gallery-caption' id='gallery-1-43260'>\n\t\t\t\tLa Rectora entreg\u00f3 un reconocimiento a Carlos Romano\n\t\t\t\t<\/dd><\/dl><dl class='gallery-item'>\n\t\t\t<dt class='gallery-icon landscape'>\n\t\t\t\t<a href='https:\/\/www.uv.mx\/prensa\/files\/2018\/03\/La-Revista-3-100k.jpg'><img loading=\"lazy\" decoding=\"async\" width=\"722\" height=\"482\" src=\"https:\/\/www.uv.mx\/prensa\/files\/2018\/03\/La-Revista-3-100k.jpg\" class=\"attachment-full size-full\" alt=\"\" aria-describedby=\"gallery-1-43261\" srcset=\"https:\/\/www.uv.mx\/prensa\/files\/2018\/03\/La-Revista-3-100k.jpg 722w, https:\/\/www.uv.mx\/prensa\/files\/2018\/03\/La-Revista-3-100k-300x200.jpg 300w\" sizes=\"auto, (max-width: 722px) 100vw, 722px\" \/><\/a>\n\t\t\t<\/dt>\n\t\t\t\t<dd class='wp-caption-text gallery-caption' id='gallery-1-43261'>\n\t\t\t\t\u201cChuch\u00edn\u201d ha sido operador de La Revista por 25 a\u00f1os\n\t\t\t\t<\/dd><\/dl><br style=\"clear: both\" \/>\n\t\t<\/div>\n\n","protected":false},"excerpt":{"rendered":"<p>Karina Reyes.- El programa <em>La Revista<\/em> de Radio UV es un \u00edcono universitario, destac\u00f3 la rectora Sara Ladr\u00f3n de Guevara al participar en las actividades por el 30 aniversario de la emisi\u00f3n<\/p>\n","protected":false},"author":1775,"featured_media":43259,"comment_status":"closed","ping_status":"closed","sticky":false,"template":"","format":"standard","meta":{"footnotes":""},"categories":[11],"tags":[4194,4196,4015,4195,2391,549,58],"class_list":["post-43258","post","type-post","status-publish","format-standard","has-post-thumbnail","hentry","category-cultura","tag-30-aniversario","tag-carlos-romano-allen","tag-karina-de-la-paz-reyes-diaz","tag-la-revista","tag-radio","tag-rectora","tag-sara-ladron-de-guevara"],"_links":{"self":[{"href":"https:\/\/www.uv.mx\/prensa\/wp-json\/wp\/v2\/posts\/43258","targetHints":{"allow":["GET"]}}],"collection":[{"href":"https:\/\/www.uv.mx\/prensa\/wp-json\/wp\/v2\/posts"}],"about":[{"href":"https:\/\/www.uv.mx\/prensa\/wp-json\/wp\/v2\/types\/post"}],"author":[{"embeddable":true,"href":"https:\/\/www.uv.mx\/prensa\/wp-json\/wp\/v2\/users\/1775"}],"replies":[{"embeddable":true,"href":"https:\/\/www.uv.mx\/prensa\/wp-json\/wp\/v2\/comments?post=43258"}],"version-history":[{"count":1,"href":"https:\/\/www.uv.mx\/prensa\/wp-json\/wp\/v2\/posts\/43258\/revisions"}],"predecessor-version":[{"id":103186,"href":"https:\/\/www.uv.mx\/prensa\/wp-json\/wp\/v2\/posts\/43258\/revisions\/103186"}],"wp:featuredmedia":[{"embeddable":true,"href":"https:\/\/www.uv.mx\/prensa\/wp-json\/wp\/v2\/media\/43259"}],"wp:attachment":[{"href":"https:\/\/www.uv.mx\/prensa\/wp-json\/wp\/v2\/media?parent=43258"}],"wp:term":[{"taxonomy":"category","embeddable":true,"href":"https:\/\/www.uv.mx\/prensa\/wp-json\/wp\/v2\/categories?post=43258"},{"taxonomy":"post_tag","embeddable":true,"href":"https:\/\/www.uv.mx\/prensa\/wp-json\/wp\/v2\/tags?post=43258"}],"curies":[{"name":"wp","href":"https:\/\/api.w.org\/{rel}","templated":true}]}}