{"id":43153,"date":"2018-03-08T07:00:08","date_gmt":"2018-03-08T13:00:08","guid":{"rendered":"https:\/\/www.uv.mx\/prensa\/?p=43153"},"modified":"2021-10-20T10:17:31","modified_gmt":"2021-10-20T15:17:31","slug":"seleccion-de-softbol-busca-su-primera-universiada-nacional","status":"publish","type":"post","link":"https:\/\/www.uv.mx\/prensa\/deportes\/seleccion-de-softbol-busca-su-primera-universiada-nacional\/","title":{"rendered":"Selecci\u00f3n de Softbol busca su primera Universiada Nacional"},"content":{"rendered":"<ul>\n<li><em>Competir\u00e1 en la eliminatoria Regional, del 8 al 11 de abril en Xalapa<\/em><\/li>\n<\/ul>\n<p>&nbsp;<\/p>\n<div id=\"attachment_43154\" style=\"width: 732px\" class=\"wp-caption aligncenter\"><a href=\"https:\/\/www.uv.mx\/prensa\/files\/2018\/03\/080318-softbol-100k.jpg\"><img loading=\"lazy\" decoding=\"async\" aria-describedby=\"caption-attachment-43154\" class=\"size-full wp-image-43154\" src=\"https:\/\/www.uv.mx\/prensa\/files\/2018\/03\/080318-softbol-100k.jpg\" alt=\"\" width=\"722\" height=\"412\" srcset=\"https:\/\/www.uv.mx\/prensa\/files\/2018\/03\/080318-softbol-100k.jpg 722w, https:\/\/www.uv.mx\/prensa\/files\/2018\/03\/080318-softbol-100k-300x171.jpg 300w\" sizes=\"auto, (max-width: 722px) 100vw, 722px\" \/><\/a><p id=\"caption-attachment-43154\" class=\"wp-caption-text\">Las universitarias est\u00e1n bien preparadas y tienen un plantel experimentado<\/p><\/div>\n<p>&nbsp;<\/p>\n<p><strong><em>Santiago Morales Ortiz<\/em><\/strong><\/p>\n<p><strong><em>08\/03\/2018, Xalapa, Ver.-<\/em><\/strong> Con un plantel m\u00e1s experimentado, la Selecci\u00f3n Femenil de Softbol de <em>Halcones<\/em> de la Universidad Veracruzana (UV) buscar\u00e1 el pase a su primera Universiada Nacional, que este a\u00f1o se efectuar\u00e1 en Toluca, Estado de M\u00e9xico.<\/p>\n<p>As\u00ed lo se\u00f1al\u00f3 el entrenador Conrado Jim\u00e9nez Gonz\u00e1lez, quien destac\u00f3 la motivaci\u00f3n y entusiasmo de las integrantes del conjunto universitario por llegar al m\u00e1ximo evento estudiantil.<\/p>\n<p>\u201cPodemos calificar pues el equipo est\u00e1 muy bien, mejor preparado y con el reto de pasar la etapa Regional, en la que nos quedamos el a\u00f1o pasado.\u201d<\/p>\n<p>Explic\u00f3 que aprovechar\u00e1n que la Universidad ser\u00e1 sede del evento Regional en los deportes de conjunto, para buscar la calificaci\u00f3n entre los dos invitados que finalmente estar\u00e1n en la justa nacional.<\/p>\n<p>La competencia en el softbol femenil se realizar\u00e1 los d\u00edas 8, 9, 10 y 11 de abril, en los campos Deportivo \u201cCol\u00f3n\u201d y la Unidad Deportiva de la UV, donde enfrentar\u00e1n a los representativos de Oaxaca, Tlaxcala y Puebla, as\u00ed como al Instituto Tecnol\u00f3gico Superior de Poza Rica, que tambi\u00e9n calific\u00f3 al evento.<\/p>\n<p>Respecto a la conformaci\u00f3n del equipo, detall\u00f3 que hay varias jugadoras nuevas \u201cque junto con las experimentadas conforman un plantel que aspira a muchas cosas\u201d.<\/p>\n<p>Conrado Jim\u00e9nez agreg\u00f3 que se ha trabajado fuerte en varios aspectos, \u201cmejorando el pitcheo, donde ten\u00edamos algunos problemas, pero tenemos la rotaci\u00f3n correcta para encarar los encuentros. Una vez logrado el pase al Regional, habr\u00e1 que prepararse m\u00e1s pues ya en la Universiada Nacional asisten rivales fuertes como Monterrey, Coahuila y Sonora, donde se juega mucho este deporte\u201d.<\/p>\n<p>Agradeci\u00f3 el apoyo de las autoridades de la UV para la preparaci\u00f3n del equipo, esperando contar con el apoyo de la comunidad universitaria para los juegos en casa dentro del Regional.<\/p>\n<p>La Selecci\u00f3n Femenil de Softbol de <em>Halcones<\/em> UV est\u00e1 integrada por: Yuniet Ortu\u00f1o Espinoza, Aohly Rodr\u00edguez Ponce y Carolina Melgarejo Rivero (Pedagog\u00eda); Vanessa Campuzano Carvallo (Ingenier\u00eda Electr\u00f3nica); Soledad Romero V\u00e1zquez (Ingenier\u00eda Qu\u00edmica); Ang\u00e9lica Olmedo Jim\u00e9nez (Ingenier\u00eda Civil); Marta Norberto Flores (Nutrici\u00f3n), Diana Aponte Joach\u00edn y Milagros Blanco Rangel (Odontolog\u00eda); Azucena Rodr\u00edguez Vega (Medicina); Ver\u00f3nica L\u00f3pez Gonz\u00e1lez y Diana Alamilla Espinoza (Arquitectura); Indira Colorado P\u00e9rez (Administraci\u00f3n), y Mitzi S\u00e1nchez Rosas (Derecho).<\/p>\n","protected":false},"excerpt":{"rendered":"<p><strong><em>Santiago Morales.-<\/em><\/strong> El representativo de la UV competir\u00e1 en la eliminatoria Regional, del 8 al 11 de abril, en el Deportivo \u201cCol\u00f3n\u201d y la Unidad Deportiva Universitaria<\/p>\n","protected":false},"author":1775,"featured_media":43154,"comment_status":"closed","ping_status":"closed","sticky":false,"template":"","format":"standard","meta":{"footnotes":""},"categories":[12],"tags":[2660,106,4166,2657,2658,2659,1381],"class_list":["post-43153","post","type-post","status-publish","format-standard","has-post-thumbnail","hentry","category-deportes","tag-estado-de-mexico","tag-halcones","tag-santiago-morales-ortiz","tag-seleccion-femenil","tag-softbol","tag-toluca","tag-universiada-nacional"],"_links":{"self":[{"href":"https:\/\/www.uv.mx\/prensa\/wp-json\/wp\/v2\/posts\/43153","targetHints":{"allow":["GET"]}}],"collection":[{"href":"https:\/\/www.uv.mx\/prensa\/wp-json\/wp\/v2\/posts"}],"about":[{"href":"https:\/\/www.uv.mx\/prensa\/wp-json\/wp\/v2\/types\/post"}],"author":[{"embeddable":true,"href":"https:\/\/www.uv.mx\/prensa\/wp-json\/wp\/v2\/users\/1775"}],"replies":[{"embeddable":true,"href":"https:\/\/www.uv.mx\/prensa\/wp-json\/wp\/v2\/comments?post=43153"}],"version-history":[{"count":1,"href":"https:\/\/www.uv.mx\/prensa\/wp-json\/wp\/v2\/posts\/43153\/revisions"}],"predecessor-version":[{"id":96518,"href":"https:\/\/www.uv.mx\/prensa\/wp-json\/wp\/v2\/posts\/43153\/revisions\/96518"}],"wp:featuredmedia":[{"embeddable":true,"href":"https:\/\/www.uv.mx\/prensa\/wp-json\/wp\/v2\/media\/43154"}],"wp:attachment":[{"href":"https:\/\/www.uv.mx\/prensa\/wp-json\/wp\/v2\/media?parent=43153"}],"wp:term":[{"taxonomy":"category","embeddable":true,"href":"https:\/\/www.uv.mx\/prensa\/wp-json\/wp\/v2\/categories?post=43153"},{"taxonomy":"post_tag","embeddable":true,"href":"https:\/\/www.uv.mx\/prensa\/wp-json\/wp\/v2\/tags?post=43153"}],"curies":[{"name":"wp","href":"https:\/\/api.w.org\/{rel}","templated":true}]}}