{"id":43138,"date":"2018-03-08T07:00:42","date_gmt":"2018-03-08T13:00:42","guid":{"rendered":"https:\/\/www.uv.mx\/prensa\/?p=43138"},"modified":"2021-10-20T10:18:51","modified_gmt":"2021-10-20T15:18:51","slug":"hay-que-pasar-de-pedir-a-actuar-alvarez-gandara","status":"publish","type":"post","link":"https:\/\/www.uv.mx\/prensa\/entrevista\/hay-que-pasar-de-pedir-a-actuar-alvarez-gandara\/","title":{"rendered":"Hay que pasar de pedir a actuar: \u00c1lvarez G\u00e1ndara"},"content":{"rendered":"<style type=\"text\/css\">\n  blockquote p { color: #28519b; font-family: helvetica; font-size: 1.4em; }<br \/><\/style>\n<ul>\n<li><em>De acuerdo con el Premio Nacional de Derechos Humanos 2017, la clave para tratar las distintas violencias que vive el pa\u00eds est\u00e1 en la articulaci\u00f3n, pero tambi\u00e9n en la autonom\u00eda y el individuo<\/em><\/li>\n<\/ul>\n<p>&nbsp;<\/p>\n<p><a href=\"https:\/\/www.uv.mx\/prensa\/files\/2018\/03\/ALVAREZ-GANDARA-100k.jpg\"><img loading=\"lazy\" decoding=\"async\" class=\"size-full wp-image-43139 aligncenter\" src=\"https:\/\/www.uv.mx\/prensa\/files\/2018\/03\/ALVAREZ-GANDARA-100k.jpg\" alt=\"\" width=\"722\" height=\"483\" srcset=\"https:\/\/www.uv.mx\/prensa\/files\/2018\/03\/ALVAREZ-GANDARA-100k.jpg 722w, https:\/\/www.uv.mx\/prensa\/files\/2018\/03\/ALVAREZ-GANDARA-100k-300x201.jpg 300w\" sizes=\"auto, (max-width: 722px) 100vw, 722px\" \/><\/a><\/p>\n<p>&nbsp;<\/p>\n<blockquote><p>\u201cEstamos viviendo una profunda transici\u00f3n y hoy, en este proceso de convertirnos en actores, tenemos una creciente y diversificada sociedad civil\u201d<\/p><\/blockquote>\n<p>&nbsp;<\/p>\n<p><strong><em>Karina de la Paz Reyes D\u00edaz<\/em><\/strong><\/p>\n<p><strong><em>08\/03\/2018, Xalapa, Ver.-<\/em><\/strong> \u201cHay temas p\u00fablicos que si nosotros no somos los actores que nos ponemos de pie y los empujamos, no hay a qui\u00e9n ped\u00edrselos; hay una crisis del papel de los partidos (pol\u00edticos), de las pol\u00edticas p\u00fablicas\u201d, asever\u00f3 Miguel \u00c1lvarez G\u00e1ndara en entrevista exclusiva para <em>Universo<\/em> previo a su participaci\u00f3n en el Auditorio \u201cAlfonso Medell\u00edn Zenil\u201d del Museo de Antropolog\u00eda de Xalapa, donde recientemente imparti\u00f3 la conferencia \u201cCaminos civiles hacia la paz\u201d, en el marco del Programa Tendiendo Puentes para la Paz de la Universidad Veracruzana (UV).<\/p>\n<p>Ante la petici\u00f3n de definir a M\u00e9xico ante un ni\u00f1o, \u00c1lvarez G\u00e1ndara se remont\u00f3 a los pueblos y culturas \u201cmuy sabias\u201d, se refiri\u00f3 a quienes llegaron a imponerse y dominar, e incluso habl\u00f3 del surgimiento del mestizaje: \u201cM\u00e9xico es una naci\u00f3n llena de desigualdades\u201d, lament\u00f3.<\/p>\n<p><strong>\u00a0<\/strong><strong><em>\u00bfC\u00f3mo ve la situaci\u00f3n social?<br \/>\n<\/em><\/strong>M\u00e9xico hoy est\u00e1 viviendo muchas de sus tensiones, luchas y mejoras en un marco de violencias; hay negocios y trabajos donde funciona que la gente tenga pistolas y no sea capaz de dialogar y ponerse de acuerdo; y los gobiernos desgraciadamente no siempre han cuidado ese equilibrio.<\/p>\n<p>Muchas veces han servido m\u00e1s a los de arriba y mantienen los climas de violencia, en lugar de asumir proceso de interlocuci\u00f3n, que en t\u00e9rminos pac\u00edficos abrieran rutas de justicia. M\u00e9xico actualmente est\u00e1 marcado por violencias y sin ruta de justicia.<\/p>\n<p><strong><em>\u00bfVivimos tiempos oscuros?<br \/>\n<\/em><\/strong>Muy oscuros, sin embargo tambi\u00e9n es un momento en que las sociedades \u2013pueblos, organismos civiles\u2013 tenemos la grand\u00edsima responsabilidad de ser actores en este proceso, no ser s\u00f3lo los peticionarios, beneficiarios de acciones de Estado y de gobierno.<\/p>\n<p>Este proceso social tiene un enorme caudal de luces; de buenas experiencias, ejemplos y referencias; entonces, junto a este reto de que nos toca ser \u2018actores\u2019, al mismo tiempo hay muchas luces que nos indican por d\u00f3nde, a pesar de la oscuridad.<\/p>\n<p><strong><em>\u00bfTemas como pueblos ind\u00edgenas, EZLN, Ayotzinapa, Nochixtl\u00e1n, desaparecidos, migrantes y m\u00e1s, no son atendidos adecuadamente y \u201cpasan de moda\u201d?<br \/>\n<\/em><\/strong>Estamos viviendo una profunda transici\u00f3n y hoy, en este proceso de convertirnos en actores, tenemos una creciente y diversificada sociedad civil que ya no funciona s\u00f3lo en la l\u00f3gica de la solidaridad sino que va tomando agendas, causas y propuestas propias.<\/p>\n<p>Pero son tantos los dolores y tan larga la cola de retos y de procesos emblem\u00e1ticos que efectivamente no logramos mantener la solidaridad como proceso estable.<\/p>\n<p>Por eso creo que estamos viviendo un fen\u00f3meno de grandes luces: articulaci\u00f3n. Para todas esas tem\u00e1ticas tan diversas y para todos esos niveles de organizaci\u00f3n particular est\u00e1 surgiendo la claridad de que ante los grandes problemas y retos estructurales no hay manera de avanzar mediante casos aislados, s\u00f3lo vincul\u00e1ndolos y haciendo crecer a un sujeto nacional y m\u00e1s potente es que puede haber rutas, concepciones y propuestas con peso y viabilidad.<\/p>\n<p>Ciertamente, Chiapas tuvo un gran momento de convocatoria y movilidad, como la ha tenido Atenco y Alberto Patisht\u00e1n G\u00f3mez\u2026 la lista es enorme, pero en ese proceso de los sujetos tambi\u00e9n aprenden que la fuerza est\u00e1 en su propio proceso, no en el grado de convocatoria que logren.<\/p>\n<p>Entonces, yo agregar\u00eda otra palabrita que est\u00e1 sucediendo en esta transici\u00f3n que es, junto a las articulaciones, las autonom\u00edas. Venimos de una cultura pol\u00edtica fundada en que lo p\u00fablico s\u00f3lo le toca al Estado, al gobierno y a los partidos pol\u00edticos, la ciudadan\u00eda s\u00f3lo vota; no ha habido una cultura de propiciar nuestra participaci\u00f3n y responsabilidad.<\/p>\n<p>Pero ahora que est\u00e1 surgiendo esta movilizaci\u00f3n con organizaci\u00f3n y articulaci\u00f3n, yo s\u00ed noto que al mismo tiempo van surgiendo expresiones de autonom\u00eda en cuanto a que no s\u00f3lo presionan al Estado de lo que debe hacer, sino de que se plantean qu\u00e9 generar en cuanto a experiencias y alternativas propias.<\/p>\n<p>De esta ruta de la autonom\u00eda, siento que estamos pasando de la mera resistencia a generar iniciativas y propuestas. Cualitativamente, hoy hay m\u00e1s que el paso del \u2018No\u2019, y hay una maduraci\u00f3n con propuesta de fondo, estructural, estrat\u00e9gica, ya no s\u00f3lo de coyuntura.<\/p>\n<p>Creo que hay una mayor calidad en las reflexiones y propuestas, y aunque el momento sabe a dispersi\u00f3n \u2013y hoy, en momento electoral es claro que esto que platicamos va totalmente en otro carril muy distinto al de los partidos, y los medios (de comunicaci\u00f3n) no tienen antenas ni inter\u00e9s para captar estos fen\u00f3menos sociales\u2013, aunque no son visibles, cada vez me convenzo de que son un proceso s\u00f3lido, luminoso, fuerte y qu\u00e9 bueno que no sean tan medi\u00e1ticos, porque as\u00ed la energ\u00eda la ponen en el propio proceso y van generando sus propios medios.<\/p>\n<p><strong><em>\u00bfQu\u00e9 opini\u00f3n tiene de la reacci\u00f3n ante la aprobaci\u00f3n de la Ley de Seguridad Interior?<br \/>\n<\/em><\/strong>Es un claro ejemplo de lo diferente que es cuando hay movilizaci\u00f3n y propuesta ciudadana y civil, a cuando no la hay. Si nos acordamos, en este sexenio (se aprobaron) las reformas estructurales. Estoy convencido de que ellos calcularon aventar el paquete en un momento donde pensaron que no se iba a poner de pie una oposici\u00f3n, que las habr\u00eda a las tem\u00e1ticas particulares, por lo tanto, dispersas, y que el ciclo para levantar movimientos \u2013que siempre es m\u00e1s lento\u2013 iba a tardar.<\/p>\n<p>Para la Ley de Seguridad Interior tal vez tardamos un poquito m\u00e1s, pero fue m\u00e1s r\u00e1pido que otras veces y pudimos enmarcar el momento pol\u00edtico y legislativo que se estaba forzando a esta Ley \u2013que les urg\u00eda aprobar antes del proceso electoral.<\/p>\n<p>Lo cierto es que qued\u00f3 claro que es una Ley sin legitimidad, cuestionada, con serias dudas; y est\u00e1 el hecho de que todas las instancias \u2013tanto p\u00fablicas como de Derechos Humanos, organismos internacionales de todo tipo\u2013 se hayan pronunciado en la convicci\u00f3n de que esta Ley no es lo que M\u00e9xico necesita para enfrentar sus violencias.<\/p>\n<p>A m\u00ed me hacen seguir impulsando la convicci\u00f3n de que mientras sigamos movilizados y articulados en las propuestas \u2013no s\u00f3lo en las cr\u00edticas\u2013 de qu\u00e9 nueva estrategia de seguridad hace falta, enmarcada en qu\u00e9 concepto de paz, con qu\u00e9 medidas, mecanismos concretos para la formaci\u00f3n de polic\u00edas, etc\u00e9tera, aunque la Ley est\u00e1 formalmente aprobada, la operatividad es un proceso abierto, en juego, disperso, en pugna, variado en las distintas regiones.<\/p>\n<p>Creo que est\u00e1 abierto un terreno clave de participaci\u00f3n cr\u00edtica por sus defectos, por su mortandad, por su diversificaci\u00f3n de delitos, de cr\u00edmenes organizados. Antes eran nueve grandes c\u00e1rteles nacionales, la semana pasada sali\u00f3 la noticia de que s\u00f3lo en Acapulco hay 18 grupos criminales disput\u00e1ndose la plaza; entonces, esta apuesta de que los grandotes eran tema de seguridad nacional y que hab\u00eda que hacerlos chiquitos para que fueran s\u00f3lo de seguridad p\u00fablica no les funcion\u00f3, se multiplicaron a tal grado que diversificaron los delitos \u2013no s\u00f3lo la droga, sino secuestros, extorsiones, trata de personas.<\/p>\n<p>As\u00ed que ese tema de la Ley es exactamente uno de los focos rojos que tenemos como reto y tarea, y tal vez no se ve tanto en la institucionalidad, pero yo conozco en muy distintos lugares del pa\u00eds que la din\u00e1mica civil y alternativa est\u00e1 en pie, en t\u00e9rminos de propuesta, mecanismos, observancias y la insistencia de estar empujando otras rutas, otras v\u00edas.<\/p>\n<p><strong><em>\u00bfHa valido la pena su trabajo o alguna vez ha pensado que ha sido en vano?<br \/>\n<\/em><\/strong>Entiendo el tema. S\u00ed, s\u00ed pasa y pasa en las generaciones que despu\u00e9s de a\u00f1os de esfuerzos valoran que no lograron el cambio sustantivo que se intent\u00f3. Pero a\u00fan as\u00ed, cuando lo conviertes en un proyecto de vida, donde ya no dependes estrictamente ni de logros ni de resultados ni del premio, sino de que los sujetos avancen\u2026 para m\u00ed la clave est\u00e1 en los sujetos.<\/p>\n<p>Entonces, todav\u00eda encuentro razones que me alimentan y creo que alimentan la esperanza, y estas luces que hoy tenemos que ver, creo que ah\u00ed est\u00e1n precisamente, para que a pesar de la oscuridad y las dificultades encontremos siempre razones para pensar que tiene sentido poner la vida en estos esfuerzos, y que incluso lo debemos hacer con la visi\u00f3n en alto, a lo largo del proceso y no s\u00f3lo el paso inmediato, y tambi\u00e9n sonriendo.<\/p>\n<p><strong>\u00a0<\/strong><strong>Sobre el entrevistado<br \/>\n<\/strong>Miguel \u00c1lvarez G\u00e1ndara, presidente de Servicios y Asesor\u00eda para la Paz (<em>Serapaz<\/em>), ha dedicado m\u00e1s de 50 a\u00f1os al trabajo en defensa de las garant\u00edas fundamentales y di\u00e1logo permanente en favor de la construcci\u00f3n de la paz tanto en M\u00e9xico como en Am\u00e9rica Latina. A pesar de haber experimentado en alg\u00fan momento el sentimiento de desilusi\u00f3n, asegura que vale la pena seguir y, pese a todo, sonre\u00edr.<\/p>\n<p>Junto con el obispo em\u00e9rito de San Crist\u00f3bal de las Casas, Chiapas, Samuel Ruiz, \u00c1lvarez G\u00e1ndara es fundador de <em>Serapaz<\/em> y su trabajo fue recientemente reconocido con el Premio Nacional de Derechos Humanos 2017 que la sociedad mexicana concede a trav\u00e9s de la Comisi\u00f3n Nacional de los Derechos Humanos a quienes han destacado en la promoci\u00f3n y defensa de los mismos.<\/p>\n<p>Se trata de una persona entre cuyas influencias est\u00e1n el obispo Sergio M\u00e9ndez Arceo, historiador e ide\u00f3logo de la Teor\u00eda de la Liberaci\u00f3n; el propio Samuel Ruiz, de quien fue secretario; incluso el ex rector de la Universidad Nacional Aut\u00f3noma de M\u00e9xico, Pablo Gonz\u00e1lez Casanova.<\/p>\n","protected":false},"excerpt":{"rendered":"<p><strong><em>Karina Reyes.-<\/em><\/strong> M\u00e9xico est\u00e1 viviendo muchas de sus tensiones, luchas y mejoras en un marco de violencias, asever\u00f3 en entrevista el Premio Nacional de Derechos Humanos 2017<\/p>\n","protected":false},"author":1775,"featured_media":43139,"comment_status":"closed","ping_status":"closed","sticky":false,"template":"","format":"standard","meta":{"footnotes":""},"categories":[13],"tags":[2531,2496,2681,591,2679,4015,2678,1012,2682,2680],"class_list":["post-43138","post","type-post","status-publish","format-standard","has-post-thumbnail","hentry","category-entrevista","tag-alfonso-medellin-zenil","tag-auditorio","tag-caminos-civiles-hacia-la-paz","tag-conferencia","tag-entrevista-exclusiva","tag-karina-de-la-paz-reyes-diaz","tag-miguel-alvarez-gandara","tag-museo-de-antropologia-de-xalapa","tag-programa-tendiendo-puentes-para-la-paz","tag-universo"],"_links":{"self":[{"href":"https:\/\/www.uv.mx\/prensa\/wp-json\/wp\/v2\/posts\/43138","targetHints":{"allow":["GET"]}}],"collection":[{"href":"https:\/\/www.uv.mx\/prensa\/wp-json\/wp\/v2\/posts"}],"about":[{"href":"https:\/\/www.uv.mx\/prensa\/wp-json\/wp\/v2\/types\/post"}],"author":[{"embeddable":true,"href":"https:\/\/www.uv.mx\/prensa\/wp-json\/wp\/v2\/users\/1775"}],"replies":[{"embeddable":true,"href":"https:\/\/www.uv.mx\/prensa\/wp-json\/wp\/v2\/comments?post=43138"}],"version-history":[{"count":1,"href":"https:\/\/www.uv.mx\/prensa\/wp-json\/wp\/v2\/posts\/43138\/revisions"}],"predecessor-version":[{"id":96527,"href":"https:\/\/www.uv.mx\/prensa\/wp-json\/wp\/v2\/posts\/43138\/revisions\/96527"}],"wp:featuredmedia":[{"embeddable":true,"href":"https:\/\/www.uv.mx\/prensa\/wp-json\/wp\/v2\/media\/43139"}],"wp:attachment":[{"href":"https:\/\/www.uv.mx\/prensa\/wp-json\/wp\/v2\/media?parent=43138"}],"wp:term":[{"taxonomy":"category","embeddable":true,"href":"https:\/\/www.uv.mx\/prensa\/wp-json\/wp\/v2\/categories?post=43138"},{"taxonomy":"post_tag","embeddable":true,"href":"https:\/\/www.uv.mx\/prensa\/wp-json\/wp\/v2\/tags?post=43138"}],"curies":[{"name":"wp","href":"https:\/\/api.w.org\/{rel}","templated":true}]}}