{"id":43073,"date":"2018-03-06T15:44:22","date_gmt":"2018-03-06T21:44:22","guid":{"rendered":"https:\/\/www.uv.mx\/prensa\/?p=43073"},"modified":"2018-03-06T15:44:22","modified_gmt":"2018-03-06T21:44:22","slug":"osx-recorre-xalapa-y-sus-alrededores","status":"publish","type":"post","link":"https:\/\/www.uv.mx\/prensa\/cultura\/osx-recorre-xalapa-y-sus-alrededores\/","title":{"rendered":"OSX recorre Xalapa y sus alrededores"},"content":{"rendered":"<ul>\n<li><em>La iniciativa <\/em>Ensamble de trombones y tuba<em>,\u00a0impulsada por la UV y el Ayuntamiento de Xalapa, \u00a0lleva a la agrupaci\u00f3n a congregaciones de la ciudad y municipios aleda\u00f1os<\/em><\/li>\n<\/ul>\n<p>&nbsp;<\/p>\n<div id=\"attachment_43074\" style=\"width: 732px\" class=\"wp-caption aligncenter\"><a href=\"https:\/\/www.uv.mx\/prensa\/files\/2018\/03\/060318-Trombones-y-Tuba-1.jpg\"><img loading=\"lazy\" decoding=\"async\" aria-describedby=\"caption-attachment-43074\" class=\"size-full wp-image-43074\" src=\"https:\/\/www.uv.mx\/prensa\/files\/2018\/03\/060318-Trombones-y-Tuba-1.jpg\" alt=\"\" width=\"722\" height=\"481\" srcset=\"https:\/\/www.uv.mx\/prensa\/files\/2018\/03\/060318-Trombones-y-Tuba-1.jpg 722w, https:\/\/www.uv.mx\/prensa\/files\/2018\/03\/060318-Trombones-y-Tuba-1-300x200.jpg 300w\" sizes=\"auto, (max-width: 722px) 100vw, 722px\" \/><\/a><p id=\"caption-attachment-43074\" class=\"wp-caption-text\">La gira inici\u00f3 en la Colonia Higueras<\/p><\/div>\n<p>&nbsp;<\/p>\n<p><strong><em>Carlos Hugo Hermida Rosales<\/em><\/strong><\/p>\n<p><strong><em>06\/03\/2018, Xalapa, Ver. <\/em><\/strong>La Orquesta Sinf\u00f3nica de Xalapa (OSX) de la Universidad Veracruzana (UV) arranc\u00f3 el 6 de marzo en la Colonia Higueras la gira del concierto <em>Ensamble de trombones y tuba<\/em>, organizada por esta casa de estudios en conjunto con el Ayuntamiento de la ciudad de Xalapa.<\/p>\n<p>Con este ciclo de presentaciones se pretende que personas de diversas colonias de Xalapa y localidades aleda\u00f1as conozcan el gran talento de esta agrupaci\u00f3n musical.<\/p>\n<p>En el Taller de Arte Popular ubicado en la Colonia Higueras de la ciudad de Xalapa, John Stringer, Jkub Dedina y John Day en los trombones, y Eric Fritz en la tuba, interpretaron las piezas <em>Allegro r\u00edtmico<\/em>, <em>Adagio<\/em>, <em>Allegro giocoso<\/em>, <em>Allegro vivace<\/em> y <em>Jaketones<\/em>.<\/p>\n<p>Estudiantes de jard\u00edn de ni\u00f1os, primaria, secundaria y bachillerato, adem\u00e1s de amas de casa y trabajadores, abarrotaron las instalaciones del Taller de Arte Popular para escuchar a los m\u00fasicos, quienes se brindaron al p\u00fablico con gran calidad y profesionalismo.<\/p>\n<p>Elsileny Olivares Ria\u00f1o, jefa de Mercadotecnia de la OSX, declar\u00f3 que a veces es muy dif\u00edcil para esta agrupaci\u00f3n acudir a otros lugares debido a la ausencia de foros adecuados y a los gastos de traslado, pero gracias a la alianza de la UV con el Ayuntamiento de Xalapa esto se hizo posible.<\/p>\n<p>\u201cMuchas de las personas que asistieron dif\u00edcilmente acuden a una presentaci\u00f3n de la OSX, por lo cual los maestros que participaron en el concierto lo hicieron con mucho entusiasmo y profesionalidad.\u201d<\/p>\n<p>John Stringer coment\u00f3 que hay sectores de la sociedad que tienen poco acceso a la sala de conciertos de esta agrupaci\u00f3n, por lo cual para \u00e9l es muy gratificante acercarse a ellos pues es una gran alegr\u00eda hacer m\u00fasica y compartirla con todos los p\u00fablicos.<\/p>\n<p>\u201cEs muy alentador ver c\u00f3mo la gente respondi\u00f3 a este concierto y llen\u00f3 el lugar\u201d, asegur\u00f3.<\/p>\n<p>Alejandro Schwartz Hern\u00e1ndez, encargado de Actividades Culturales de la Direcci\u00f3n de Cultura, Educaci\u00f3n y Deporte del Ayuntamiento de Xalapa, mencion\u00f3 que la m\u00fasica no s\u00f3lo debe ser difundida en los espacios tradicionales, y que es de suma importancia la alianza entre el gobierno e instituciones de educaci\u00f3n superior para llevarla a todos los sectores de la sociedad.<\/p>\n<p>El p\u00fablico aplaudi\u00f3 esta iniciativa y agradeci\u00f3 la oportunidad de poder disfrutar de este concierto.<\/p>\n<p>Juana P\u00e9rez Gonz\u00e1lez declar\u00f3 que nunca hab\u00eda escuchado a la OSX, pero que gracias a este evento pudo ver que la m\u00fasica que interpreta es realmente bella.<\/p>\n<p>\u201cMi abuelito pon\u00eda m\u00fasica cl\u00e1sica todas las noches, por lo cual este evento me trajo recuerdos muy hermosos\u201d, afirm\u00f3.<\/p>\n<p>Gloria Solares Melgarejo opin\u00f3 que es muy bueno que tanto ni\u00f1os como adultos hayan accedido a este concierto de m\u00fasica cl\u00e1sica, la cual muchos nunca hab\u00edan escuchado.<\/p>\n<p>\u201cA las personas les agrada este tipo de melod\u00edas pero muchas veces no pueden acudir a los conciertos\u201d, coment\u00f3.<\/p>\n<p>Petra N\u00fa\u00f1ez Peralta declar\u00f3 que es perfecto que la OSX haya acudido al Taller de Arte Popular, ya que dif\u00edcilmente las personas que habitan en los alrededores de Xalapa pueden escuchar a m\u00fasicos tan preparados.<\/p>\n<p>\u201c(Aqu\u00ed) muy pocas personas hab\u00edan escuchado a esta agrupaci\u00f3n, y gracias a esta iniciativa, tanto adultos como ni\u00f1os aprender\u00e1n que existe otro tipo de m\u00fasica aparte de la que escuchan en la radio o Internet\u201d, expres\u00f3.<\/p>\n<p>El evento tambi\u00e9n cont\u00f3 con la asistencia de Rodolfo Mendoza Rosendo, director general de Difusi\u00f3n Cultural de la UV; Hip\u00f3lito Rodr\u00edguez Herrero, alcalde de Xalapa, y Rosa Aurora Hern\u00e1ndez Morales, directora del Jard\u00edn de Ni\u00f1os \u201cMar\u00eda Rodr\u00edguez Rivera\u201d.<\/p>\n<p>El concierto <em>Ensamble de trombones y tuba<\/em> se presentar\u00e1 el mi\u00e9rcoles 7 de marzo a las 10:30 horas en la Escuela Primaria \u201cCasiano Conzatti\u201d de la localidad de Actopan; el jueves 8 a las 10:00 horas en el Centro de Alta Especialidad \u201cDr. Rafael Lucio\u201d, y el viernes 9 a las 19:45 horas en Tlaqn\u00e1, Centro Cultural.<\/p>\n<p>&nbsp;<\/p>\n<div id=\"attachment_43075\" style=\"width: 732px\" class=\"wp-caption aligncenter\"><a href=\"https:\/\/www.uv.mx\/prensa\/files\/2018\/03\/060318-Trombones-y-Tuba-2.jpg\"><img loading=\"lazy\" decoding=\"async\" aria-describedby=\"caption-attachment-43075\" class=\"size-full wp-image-43075\" src=\"https:\/\/www.uv.mx\/prensa\/files\/2018\/03\/060318-Trombones-y-Tuba-2.jpg\" alt=\"\" width=\"722\" height=\"481\" srcset=\"https:\/\/www.uv.mx\/prensa\/files\/2018\/03\/060318-Trombones-y-Tuba-2.jpg 722w, https:\/\/www.uv.mx\/prensa\/files\/2018\/03\/060318-Trombones-y-Tuba-2-300x200.jpg 300w\" sizes=\"auto, (max-width: 722px) 100vw, 722px\" \/><\/a><p id=\"caption-attachment-43075\" class=\"wp-caption-text\">El p\u00fablico abarrot\u00f3 el Taller de Arte Popular<\/p><\/div>\n<p>&nbsp;<\/p>\n","protected":false},"excerpt":{"rendered":"<p><strong><em>Carlos Hermida.-<\/em><\/strong> La iniciativa <em>Ensamble de trombones y tuba<\/em> inici\u00f3 el 6 de marzo en la Colonia Higueras y continuar\u00e1 el mi\u00e9rcoles 7 en Actopan;  el jueves 8 en el Centro de Alta Especialidad \u201cDr. Rafael Lucio\u201d, y el viernes 9 en Tlaqn\u00e1<\/p>\n","protected":false},"author":1508,"featured_media":43074,"comment_status":"closed","ping_status":"closed","sticky":false,"template":"","format":"standard","meta":{"footnotes":""},"categories":[11],"tags":[],"class_list":["post-43073","post","type-post","status-publish","format-standard","has-post-thumbnail","hentry","category-cultura"],"_links":{"self":[{"href":"https:\/\/www.uv.mx\/prensa\/wp-json\/wp\/v2\/posts\/43073","targetHints":{"allow":["GET"]}}],"collection":[{"href":"https:\/\/www.uv.mx\/prensa\/wp-json\/wp\/v2\/posts"}],"about":[{"href":"https:\/\/www.uv.mx\/prensa\/wp-json\/wp\/v2\/types\/post"}],"author":[{"embeddable":true,"href":"https:\/\/www.uv.mx\/prensa\/wp-json\/wp\/v2\/users\/1508"}],"replies":[{"embeddable":true,"href":"https:\/\/www.uv.mx\/prensa\/wp-json\/wp\/v2\/comments?post=43073"}],"version-history":[{"count":0,"href":"https:\/\/www.uv.mx\/prensa\/wp-json\/wp\/v2\/posts\/43073\/revisions"}],"wp:featuredmedia":[{"embeddable":true,"href":"https:\/\/www.uv.mx\/prensa\/wp-json\/wp\/v2\/media\/43074"}],"wp:attachment":[{"href":"https:\/\/www.uv.mx\/prensa\/wp-json\/wp\/v2\/media?parent=43073"}],"wp:term":[{"taxonomy":"category","embeddable":true,"href":"https:\/\/www.uv.mx\/prensa\/wp-json\/wp\/v2\/categories?post=43073"},{"taxonomy":"post_tag","embeddable":true,"href":"https:\/\/www.uv.mx\/prensa\/wp-json\/wp\/v2\/tags?post=43073"}],"curies":[{"name":"wp","href":"https:\/\/api.w.org\/{rel}","templated":true}]}}