{"id":4303,"date":"2015-10-30T12:12:13","date_gmt":"2015-10-30T18:12:13","guid":{"rendered":"https:\/\/www.uv.mx\/prensa\/?p=4303"},"modified":"2015-10-30T12:12:13","modified_gmt":"2015-10-30T18:12:13","slug":"registro-de-marcas-importante-por-el-valor-que-llegan-a-alcanzar","status":"publish","type":"post","link":"https:\/\/www.uv.mx\/prensa\/general\/registro-de-marcas-importante-por-el-valor-que-llegan-a-alcanzar\/","title":{"rendered":"Registro de marcas, importante por el valor que llegan a alcanzar"},"content":{"rendered":"<ul>\n<li><i><em>Sergio Gabriel Aguilar ofreci\u00f3 conferencia en la USBI, en torno de la conveniencia del registro<\/em><\/i><\/li>\n<\/ul>\n<p>&nbsp;<\/p>\n<p><strong><em>Jorge V\u00e1zquez Pacheco<\/em><\/strong><\/p>\n<p>&nbsp;<\/p>\n<p>Sergio Gabriel Aguilar, del Instituto Mexicano de la Propiedad Intelectual, ofreci\u00f3 la conferencia magistral \u201cPropiedad intelectual\u201d en la Unidad de Servicios Bibliotecarios y de Informaci\u00f3n (USBI) de la Universidad Veracruzana (UV), y remarc\u00f3 la necesidad de registro en lo que respecta a invenciones, signos distintivos y obras.<\/p>\n<p>Los signos distintivos pueden ser marca, nombre, aviso comercial y denominaci\u00f3n de origen; en tanto, las obras pueden ser literarias, musicales, art\u00edsticas, cinematogr\u00e1ficas, fotogr\u00e1ficas y hasta programas de c\u00f3mputo.<\/p>\n<div id=\"attachment_4319\" style=\"width: 310px\" class=\"wp-caption aligncenter\"><a href=\"https:\/\/www.uv.mx\/prensa\/files\/2015\/10\/Conferencia-Propiedad-Intelectual.jpg\"><img loading=\"lazy\" decoding=\"async\" aria-describedby=\"caption-attachment-4319\" class=\"size-medium wp-image-4319\" src=\"https:\/\/www.uv.mx\/prensa\/files\/2015\/10\/Conferencia-Propiedad-Intelectual-300x247.jpg\" alt=\"Sergio Gabriel Aguilar, del Instituto Mexicano de la Propiedad Intelectual.\" width=\"300\" height=\"247\" srcset=\"https:\/\/www.uv.mx\/prensa\/files\/2015\/10\/Conferencia-Propiedad-Intelectual-300x247.jpg 300w, https:\/\/www.uv.mx\/prensa\/files\/2015\/10\/Conferencia-Propiedad-Intelectual.jpg 471w\" sizes=\"auto, (max-width: 300px) 100vw, 300px\" \/><\/a><p id=\"caption-attachment-4319\" class=\"wp-caption-text\">Sergio Gabriel Aguilar, del Instituto Mexicano de la Propiedad Intelectual.<\/p><\/div>\n<p>El registro de marcas es particularmente importante por el valor que pueden llegar a alcanzar. Por ejemplo, <em>Apple<\/em> se ha tasado en 98 mil 316 millones de d\u00f3lares; <em>Google<\/em>, en 93 mil 291; Coca Cola, en 79 mil 213; IBM, en 78 mil 808, y as\u00ed contin\u00faa una lista en que se incluyen nombres de lo m\u00e1s variado y con tasas estratosf\u00e9ricas.<\/p>\n<p>En M\u00e9xico, registrar una marca es relativamente sencillo y su costo no es considerable, con permanencia de 10 a\u00f1os y con plazo prorrogable. Pero desgraciadamente no se ha arraigado del todo la costumbre de registrar; en este sentido, indic\u00f3 que en 2013 se dio un total de apenas mil 211 solicitudes de registro y mil 244 en 2014, lo cual contrasta notablemente con los millones de solicitudes que se solicitan anualmente en pa\u00edses desarrollados.<\/p>\n<p>Indic\u00f3 que en el mundo existe una enorme diferencia entre pa\u00edses ricos que no poseen recursos naturales, y pa\u00edses pobres que s\u00ed los tienen. La brecha se significa por el potencial creativo de su gente y por la productividad de cada uno de los ciudadanos promedio. As\u00ed, pa\u00edses como Jap\u00f3n cuentan con escaso territorio pero con una gran capacidad creativa e innovadora. En lo mismo, es de vital importancia la protecci\u00f3n de esa creatividad.<\/p>\n<p>\u00bfPor qu\u00e9 proteger? Para tener el derecho a impedir su reproducci\u00f3n il\u00edcita, como elemento de disuasi\u00f3n contra la pirater\u00eda, a\u00f1ade valor al producto, fomenta la competencia leal y es un poderoso activo empresarial, asegur\u00f3 Aguilar.<\/p>\n<p><span style=\"color: #000000;font-family: Times New Roman;font-size: small\">\u00a0<\/span><\/p>\n<p><span style=\"color: #000000;font-family: Times New Roman;font-size: small\">\u00a0<\/span><\/p>\n<p><span style=\"color: #000000;font-family: Times New Roman;font-size: small\">\u00a0<\/span><\/p>\n<p>&nbsp;<\/p>\n<p><span style=\"color: #000000;font-family: Times New Roman;font-size: small\">\u00a0<\/span><\/p>\n","protected":false},"excerpt":{"rendered":"<p>Sergio Gabriel Aguilar ofreci\u00f3 conferencia en la USBI, en torno de la conveniencia del registro &nbsp; Jorge V\u00e1zquez Pacheco &nbsp; Sergio Gabriel Aguilar, del Instituto Mexicano de la Propiedad Intelectual, ofreci\u00f3 la [&hellip;]<\/p>\n","protected":false},"author":1809,"featured_media":4320,"comment_status":"closed","ping_status":"closed","sticky":false,"template":"","format":"standard","meta":{"footnotes":""},"categories":[1],"tags":[3],"class_list":["post-4303","post","type-post","status-publish","format-standard","has-post-thumbnail","hentry","category-general","tag-secundarias"],"_links":{"self":[{"href":"https:\/\/www.uv.mx\/prensa\/wp-json\/wp\/v2\/posts\/4303","targetHints":{"allow":["GET"]}}],"collection":[{"href":"https:\/\/www.uv.mx\/prensa\/wp-json\/wp\/v2\/posts"}],"about":[{"href":"https:\/\/www.uv.mx\/prensa\/wp-json\/wp\/v2\/types\/post"}],"author":[{"embeddable":true,"href":"https:\/\/www.uv.mx\/prensa\/wp-json\/wp\/v2\/users\/1809"}],"replies":[{"embeddable":true,"href":"https:\/\/www.uv.mx\/prensa\/wp-json\/wp\/v2\/comments?post=4303"}],"version-history":[{"count":0,"href":"https:\/\/www.uv.mx\/prensa\/wp-json\/wp\/v2\/posts\/4303\/revisions"}],"wp:featuredmedia":[{"embeddable":true,"href":"https:\/\/www.uv.mx\/prensa\/wp-json\/wp\/v2\/media\/4320"}],"wp:attachment":[{"href":"https:\/\/www.uv.mx\/prensa\/wp-json\/wp\/v2\/media?parent=4303"}],"wp:term":[{"taxonomy":"category","embeddable":true,"href":"https:\/\/www.uv.mx\/prensa\/wp-json\/wp\/v2\/categories?post=4303"},{"taxonomy":"post_tag","embeddable":true,"href":"https:\/\/www.uv.mx\/prensa\/wp-json\/wp\/v2\/tags?post=4303"}],"curies":[{"name":"wp","href":"https:\/\/api.w.org\/{rel}","templated":true}]}}