{"id":43022,"date":"2018-03-05T20:37:30","date_gmt":"2018-03-06T02:37:30","guid":{"rendered":"https:\/\/www.uv.mx\/prensa\/?p=43022"},"modified":"2018-03-05T20:38:28","modified_gmt":"2018-03-06T02:38:28","slug":"participantes-del-diplomado-en-produccion-audiovisual-mostraron-proyectos","status":"publish","type":"post","link":"https:\/\/www.uv.mx\/prensa\/general\/participantes-del-diplomado-en-produccion-audiovisual-mostraron-proyectos\/","title":{"rendered":"Participantes del Diplomado en Producci\u00f3n Audiovisual mostraron proyectos"},"content":{"rendered":"<ul>\n<li><em>Estudiantes de esta capacitaci\u00f3n impartida por Tele UV exhibieron el aprendizaje adquirido a lo largo de seis meses<\/em><\/li>\n<\/ul>\n<p>&nbsp;<\/p>\n<div id=\"attachment_42987\" style=\"width: 732px\" class=\"wp-caption aligncenter\"><a href=\"https:\/\/www.uv.mx\/prensa\/files\/2018\/03\/050318-Diplomado-en-Produccion-Audiovisual-1.jpg\"><img loading=\"lazy\" decoding=\"async\" aria-describedby=\"caption-attachment-42987\" class=\"size-full wp-image-42987\" src=\"https:\/\/www.uv.mx\/prensa\/files\/2018\/03\/050318-Diplomado-en-Produccion-Audiovisual-1.jpg\" alt=\"\" width=\"722\" height=\"481\" srcset=\"https:\/\/www.uv.mx\/prensa\/files\/2018\/03\/050318-Diplomado-en-Produccion-Audiovisual-1.jpg 722w, https:\/\/www.uv.mx\/prensa\/files\/2018\/03\/050318-Diplomado-en-Produccion-Audiovisual-1-300x200.jpg 300w\" sizes=\"auto, (max-width: 722px) 100vw, 722px\" \/><\/a><p id=\"caption-attachment-42987\" class=\"wp-caption-text\">Participantes aprendieron a realizar una narrativa audiovisual<\/p><\/div>\n<p>&nbsp;<\/p>\n<p><strong><em>Carlos Hugo Hermida Rosales<\/em><\/strong><\/p>\n<p><strong><em>05\/03\/2018, Xalapa, Ver.- <\/em><\/strong>Estudiantes del Diplomado Producci\u00f3n Audiovisual, herramienta acad\u00e9mica y creativa, realizado del 22 de septiembre al 16 de febrero por la Universidad Veracruzana (UV) a trav\u00e9s de su Departamento de Medios Audiovisuales (Tele UV), presentaron sus proyectos finales en los cuales plasmaron el aprendizaje adquirido en esta capacitaci\u00f3n.<\/p>\n<p>Arleth Barradas Padilla, titular de Tele UV, coment\u00f3 que el objetivo del diplomado fue que los participantes obtuvieran y desarrollaran las herramientas necesarias para realizar una narrativa audiovisual, y as\u00ed pudieran atender la necesidad de comunicar en forma creativa distintas disciplinas y temas.<\/p>\n<p>\u201cMuchos de los asistentes se acercaron al diplomado para realizar productos acad\u00e9micos y plasmar sus ideas en un lenguaje mucho m\u00e1s sencillo.\u201d<\/p>\n<p>Mencion\u00f3 que al equipo organizador de esta capacitaci\u00f3n le sorprendi\u00f3 la cantidad de asistentes que laboran en el \u00e1mbito de los medios de comunicaci\u00f3n, quienes complementaron su aprendizaje y aumentaron su comprensi\u00f3n sobre los productos con los que trabajan.<\/p>\n<p>Los participantes del diplomado afirmaron que fue de una gran calidad, al tiempo que aseguraron que la ense\u00f1anza adquirida les ser\u00e1 de gran ayuda en el \u00e1mbito profesional.<\/p>\n<p>&nbsp;<\/p>\n<div id=\"attachment_42985\" style=\"width: 732px\" class=\"wp-caption aligncenter\"><a href=\"https:\/\/www.uv.mx\/prensa\/files\/2018\/03\/050318-Diplomado-en-Produccion-Audiovisual.-3.jpg\"><img loading=\"lazy\" decoding=\"async\" aria-describedby=\"caption-attachment-42985\" class=\"size-full wp-image-42985\" src=\"https:\/\/www.uv.mx\/prensa\/files\/2018\/03\/050318-Diplomado-en-Produccion-Audiovisual.-3.jpg\" alt=\"\" width=\"722\" height=\"482\" srcset=\"https:\/\/www.uv.mx\/prensa\/files\/2018\/03\/050318-Diplomado-en-Produccion-Audiovisual.-3.jpg 722w, https:\/\/www.uv.mx\/prensa\/files\/2018\/03\/050318-Diplomado-en-Produccion-Audiovisual.-3-300x200.jpg 300w\" sizes=\"auto, (max-width: 722px) 100vw, 722px\" \/><\/a><p id=\"caption-attachment-42985\" class=\"wp-caption-text\">Ver\u00f3nica Soria Cervantes<\/p><\/div>\n<p>&nbsp;<\/p>\n<p>Ver\u00f3nica Soria Cervantes, quien se desenvuelve como abogada, relat\u00f3 que pese a ser una gran fan\u00e1tica del cine nunca hab\u00eda tenido una experiencia con los medios audiovisuales, por lo cual al ver la convocatoria para este diplomado no dud\u00f3 en inscribirse.<\/p>\n<p>\u201cFue una experiencia extraordinaria ya que los profesores que impartieron las clases son de primer nivel y pusieron gran empe\u00f1o y pasi\u00f3n en transmitir sus conocimientos\u201d, expres\u00f3.<\/p>\n<p>La jurista declar\u00f3 que al concluir este diplomado entiende las producciones cinematogr\u00e1ficas de otra manera y las disfruta en mayor medida.<\/p>\n<p>\u201cEs excelente que la UV abra estas capacitaciones a todo el p\u00fablico, pues quienes no nos desenvolvemos en determinado medio tenemos un inter\u00e9s pasional por conocer estos temas\u201d, enunci\u00f3.<\/p>\n<p>Julio Vallejo, fotoperiodista independiente, narr\u00f3 que dentro de este diplomado aprendi\u00f3 nuevas habilidades y conocimientos, sobre todo a utilizar herramientas que en el \u00e1mbito de la informaci\u00f3n son necesarias para dar a entender a la sociedad en un video informaci\u00f3n de diversos tipos.<\/p>\n<p>\u201cEs de gran importancia que la Universidad contin\u00fae con este tipo de cursos, los cuales actualizan a sus asistentes en el uso de herramientas tecnol\u00f3gicas, tan necesarias en el entorno globalizado de hoy\u201d, enfatiz\u00f3.<\/p>\n<p>&nbsp;<\/p>\n<div id=\"attachment_42986\" style=\"width: 732px\" class=\"wp-caption aligncenter\"><a href=\"https:\/\/www.uv.mx\/prensa\/files\/2018\/03\/050318-Diplomado-en-Produccion-Audiovisual.-2.jpg\"><img loading=\"lazy\" decoding=\"async\" aria-describedby=\"caption-attachment-42986\" class=\"size-full wp-image-42986\" src=\"https:\/\/www.uv.mx\/prensa\/files\/2018\/03\/050318-Diplomado-en-Produccion-Audiovisual.-2.jpg\" alt=\"\" width=\"722\" height=\"481\" srcset=\"https:\/\/www.uv.mx\/prensa\/files\/2018\/03\/050318-Diplomado-en-Produccion-Audiovisual.-2.jpg 722w, https:\/\/www.uv.mx\/prensa\/files\/2018\/03\/050318-Diplomado-en-Produccion-Audiovisual.-2-300x200.jpg 300w\" sizes=\"auto, (max-width: 722px) 100vw, 722px\" \/><\/a><p id=\"caption-attachment-42986\" class=\"wp-caption-text\">Julio Vallejo<\/p><\/div>\n","protected":false},"excerpt":{"rendered":"<p><strong><em>Carlos Hermida.-<\/em><\/strong> Arleth Barradas Padilla, titular de Tele UV, coment\u00f3 que el objetivo fue que los asistentes obtuvieran y desarrollaran herramientas para realizar una narrativa audiovisual<\/p>\n","protected":false},"author":1508,"featured_media":42987,"comment_status":"closed","ping_status":"closed","sticky":false,"template":"","format":"standard","meta":{"footnotes":""},"categories":[1],"tags":[],"class_list":["post-43022","post","type-post","status-publish","format-standard","has-post-thumbnail","hentry","category-general"],"_links":{"self":[{"href":"https:\/\/www.uv.mx\/prensa\/wp-json\/wp\/v2\/posts\/43022","targetHints":{"allow":["GET"]}}],"collection":[{"href":"https:\/\/www.uv.mx\/prensa\/wp-json\/wp\/v2\/posts"}],"about":[{"href":"https:\/\/www.uv.mx\/prensa\/wp-json\/wp\/v2\/types\/post"}],"author":[{"embeddable":true,"href":"https:\/\/www.uv.mx\/prensa\/wp-json\/wp\/v2\/users\/1508"}],"replies":[{"embeddable":true,"href":"https:\/\/www.uv.mx\/prensa\/wp-json\/wp\/v2\/comments?post=43022"}],"version-history":[{"count":0,"href":"https:\/\/www.uv.mx\/prensa\/wp-json\/wp\/v2\/posts\/43022\/revisions"}],"wp:featuredmedia":[{"embeddable":true,"href":"https:\/\/www.uv.mx\/prensa\/wp-json\/wp\/v2\/media\/42987"}],"wp:attachment":[{"href":"https:\/\/www.uv.mx\/prensa\/wp-json\/wp\/v2\/media?parent=43022"}],"wp:term":[{"taxonomy":"category","embeddable":true,"href":"https:\/\/www.uv.mx\/prensa\/wp-json\/wp\/v2\/categories?post=43022"},{"taxonomy":"post_tag","embeddable":true,"href":"https:\/\/www.uv.mx\/prensa\/wp-json\/wp\/v2\/tags?post=43022"}],"curies":[{"name":"wp","href":"https:\/\/api.w.org\/{rel}","templated":true}]}}