{"id":42993,"date":"2018-03-05T20:41:38","date_gmt":"2018-03-06T02:41:38","guid":{"rendered":"https:\/\/www.uv.mx\/prensa\/?p=42993"},"modified":"2018-03-05T20:41:32","modified_gmt":"2018-03-06T02:41:32","slug":"division-de-la-izquierda-afecta-al-pais","status":"publish","type":"post","link":"https:\/\/www.uv.mx\/prensa\/general\/division-de-la-izquierda-afecta-al-pais\/","title":{"rendered":"Divisi\u00f3n de la izquierda afecta al pa\u00eds"},"content":{"rendered":"<ul>\n<li><em>Enrique Calder\u00f3n present\u00f3 su libro <\/em>Escenarios rumbo a las elecciones de 2018<em>, en \u201cMartes de Lectores y Lecturas\u201d<\/em><\/li>\n<\/ul>\n<p>&nbsp;<\/p>\n<div id=\"attachment_43008\" style=\"width: 732px\" class=\"wp-caption aligncenter\"><a href=\"https:\/\/www.uv.mx\/prensa\/files\/2018\/03\/050318-Libro-Elecciones-2018-1.jpg\"><img loading=\"lazy\" decoding=\"async\" aria-describedby=\"caption-attachment-43008\" class=\"size-full wp-image-43008\" src=\"https:\/\/www.uv.mx\/prensa\/files\/2018\/03\/050318-Libro-Elecciones-2018-1.jpg\" alt=\"\" width=\"722\" height=\"481\" srcset=\"https:\/\/www.uv.mx\/prensa\/files\/2018\/03\/050318-Libro-Elecciones-2018-1.jpg 722w, https:\/\/www.uv.mx\/prensa\/files\/2018\/03\/050318-Libro-Elecciones-2018-1-300x200.jpg 300w\" sizes=\"auto, (max-width: 722px) 100vw, 722px\" \/><\/a><p id=\"caption-attachment-43008\" class=\"wp-caption-text\">Enrique Calder\u00f3n expres\u00f3 que la divisi\u00f3n de la izquierda mexicana perjudic\u00f3 al pa\u00eds<\/p><\/div>\n<p>&nbsp;<\/p>\n<p><strong><em>Paola Cort\u00e9s P\u00e9rez<\/em><\/strong><\/p>\n<p><strong><em>05\/03\/2018, Xalapa, Ver.-<\/em><\/strong> En el libro <em>Escenarios rumbo a las elecciones de 2018<\/em>, de Enrique Calder\u00f3n Alzati, se analizan las circunstancias de tres elecciones y, con uso de la literatura, se sustituye la realidad por la ficci\u00f3n para narrar un M\u00e9xico que pudo ser si hubiera ganado la izquierda mexicana.<\/p>\n<p>El libro fue presentado por el autor la tarde del martes 27 de febrero, en el marco del programa \u201cMartes de Lectores y Lecturas\u201d de la Universidad Veracruzana (UV).<\/p>\n<p>Los presentadores fueron Rafael Castillo, gerente de la Divisi\u00f3n Oriente de la Comisi\u00f3n Federal de Electricidad (CFE); Leopoldo Gavito Nanson, periodista y director de la <em>Jornada Veracruz<\/em>, y Rub\u00e9n Dar\u00edo G\u00f3mez Garc\u00eda, responsable del \u00c1rea de Servicios Escolares de la Maestr\u00eda en Tecnolog\u00eda Educativa del Instituto Galileo de Innovaci\u00f3n Educativa.<\/p>\n<p>Leopoldo Gavito dijo que este libro es la reconciliaci\u00f3n con una historia posible, aquella que ha sido arrancada por prestidigitadores electorales. Consider\u00f3 que la historia del pa\u00eds ha sido y es la de imposici\u00f3n de los modelos de las facciones vencedoras.<\/p>\n<p>\u201cNunca ha habido una construcci\u00f3n real de un proyecto de naci\u00f3n incluyente, nuestras instituciones son d\u00e9biles y, por lo tanto, es preciso refundar y redefinir un nuevo pacto nacional e incluyente, sin vencedores y vencidos, sino con actores y sociedad civil por encima de los gobernadores.\u201d<\/p>\n<p>Rafael Castillo coment\u00f3 que este texto es un recordatorio de lo cerca que ha estado la ciudadan\u00eda por corregir el rumbo del pa\u00eds, objetivo que a\u00fan no se alcanza porque la participaci\u00f3n de los ciudadanos no ha sido suficiente para contrarrestar las trampas electorales.<\/p>\n<p>\u201cEl libro tiene un objetivo al describir una realidad posible, pretende contribuir a que en el pr\u00f3ximo proceso electoral, mediante una votaci\u00f3n masiva, la voluntad ciudadana logre finalmente desterrar a los grupos que se han arraigado y enriquecido en el poder.<\/p>\n<p>\u201dNos han robado el futuro mediante el enga\u00f1o, la demagogia, la compra del voto y de las autoridades electorales. Razonemos nuestro voto y logremos los cambios que los mexicanos reclamamos.\u201d<\/p>\n<p>En tanto, Rub\u00e9n G\u00f3mez dijo que el autor nos invita a hacer una reflexi\u00f3n a trav\u00e9s del recorrido electoral, por ejemplo, \u201cnos lleva a identificar que el cambio que Vicente Fox ofreci\u00f3 durante su campa\u00f1a s\u00f3lo llego a existir en Foxilandia\u201d.<\/p>\n<p>Por \u00faltimo, Enrique Calder\u00f3n, f\u00edsico-te\u00f3rico de la Universidad Nacional Aut\u00f3noma de M\u00e9xico (UNAM) y articulista del diario <em>La Jornada<\/em>, resalt\u00f3 que la divisi\u00f3n de la izquierda mexicana \u2013no s\u00f3lo en referencia a los partidos pol\u00edticos\u2013 ha causado mucho da\u00f1o al pa\u00eds.<\/p>\n<p>\u201cCon este libro quiero hacer ver lo cerca que hemos estado de ganar, de realizar el sue\u00f1o que Ricardo Flores Mag\u00f3n tuvo hace m\u00e1s de un siglo: un gobierno justo, un gobierno realmente interesado en que el pa\u00eds mejorara.\u201d<\/p>\n<p>&nbsp;<\/p>\n<div id=\"attachment_43007\" style=\"width: 732px\" class=\"wp-caption aligncenter\"><a href=\"https:\/\/www.uv.mx\/prensa\/files\/2018\/03\/050318-Libro-Elecciones-2018-2.jpg\"><img loading=\"lazy\" decoding=\"async\" aria-describedby=\"caption-attachment-43007\" class=\"size-full wp-image-43007\" src=\"https:\/\/www.uv.mx\/prensa\/files\/2018\/03\/050318-Libro-Elecciones-2018-2.jpg\" alt=\"\" width=\"722\" height=\"481\" srcset=\"https:\/\/www.uv.mx\/prensa\/files\/2018\/03\/050318-Libro-Elecciones-2018-2.jpg 722w, https:\/\/www.uv.mx\/prensa\/files\/2018\/03\/050318-Libro-Elecciones-2018-2-300x200.jpg 300w\" sizes=\"auto, (max-width: 722px) 100vw, 722px\" \/><\/a><p id=\"caption-attachment-43007\" class=\"wp-caption-text\">Present\u00f3 su libro en \u201cMartes de Lectores y Lecturas\u201d<\/p><\/div>\n","protected":false},"excerpt":{"rendered":"<p><strong><em>Paola Cort\u00e9s.-<\/em><\/strong> Enrique Calder\u00f3n present\u00f3 su libro <em>Escenarios rumbo a las elecciones de 2018<\/em>, en el que narra \u00abun M\u00e9xico que pudo ser si hubiera ganado la izquierda mexicana\u00bb<\/p>\n","protected":false},"author":1508,"featured_media":43008,"comment_status":"closed","ping_status":"closed","sticky":false,"template":"","format":"standard","meta":{"footnotes":""},"categories":[1],"tags":[],"class_list":["post-42993","post","type-post","status-publish","format-standard","has-post-thumbnail","hentry","category-general"],"_links":{"self":[{"href":"https:\/\/www.uv.mx\/prensa\/wp-json\/wp\/v2\/posts\/42993","targetHints":{"allow":["GET"]}}],"collection":[{"href":"https:\/\/www.uv.mx\/prensa\/wp-json\/wp\/v2\/posts"}],"about":[{"href":"https:\/\/www.uv.mx\/prensa\/wp-json\/wp\/v2\/types\/post"}],"author":[{"embeddable":true,"href":"https:\/\/www.uv.mx\/prensa\/wp-json\/wp\/v2\/users\/1508"}],"replies":[{"embeddable":true,"href":"https:\/\/www.uv.mx\/prensa\/wp-json\/wp\/v2\/comments?post=42993"}],"version-history":[{"count":0,"href":"https:\/\/www.uv.mx\/prensa\/wp-json\/wp\/v2\/posts\/42993\/revisions"}],"wp:featuredmedia":[{"embeddable":true,"href":"https:\/\/www.uv.mx\/prensa\/wp-json\/wp\/v2\/media\/43008"}],"wp:attachment":[{"href":"https:\/\/www.uv.mx\/prensa\/wp-json\/wp\/v2\/media?parent=42993"}],"wp:term":[{"taxonomy":"category","embeddable":true,"href":"https:\/\/www.uv.mx\/prensa\/wp-json\/wp\/v2\/categories?post=42993"},{"taxonomy":"post_tag","embeddable":true,"href":"https:\/\/www.uv.mx\/prensa\/wp-json\/wp\/v2\/tags?post=42993"}],"curies":[{"name":"wp","href":"https:\/\/api.w.org\/{rel}","templated":true}]}}