{"id":42779,"date":"2018-02-28T17:57:50","date_gmt":"2018-02-28T23:57:50","guid":{"rendered":"https:\/\/www.uv.mx\/prensa\/?p=42779"},"modified":"2018-03-23T11:52:50","modified_gmt":"2018-03-23T17:52:50","slug":"el-met-de-nueva-york-presenta-acervo-del-max","status":"publish","type":"post","link":"https:\/\/www.uv.mx\/prensa\/cultura\/el-met-de-nueva-york-presenta-acervo-del-max\/","title":{"rendered":"El MET de Nueva York presenta acervo del MAX"},"content":{"rendered":"<ul>\n<li><em>Nueve obras se exhibir\u00e1n en la exposici\u00f3n <\/em>Reinos de oro: lujo y legado en la antigua Am\u00e9rica<\/li>\n<li><em>La exposici\u00f3n est\u00e1 conformada por m\u00e1s de 300 objetos de 50 museos de 12 pa\u00edses<\/em><\/li>\n<\/ul>\n<p><iframe loading=\"lazy\" width=\"300\" height=\"150\" frameborder=\"0\" src=\"https:\/\/players.brightcove.net\/911432378001\/SkBUku4V_default\/index.html?videoId=5713591556001\"><\/iframe><\/p>\n<p>&nbsp;<\/p>\n<div id=\"attachment_42772\" style=\"width: 732px\" class=\"wp-caption aligncenter\"><a href=\"https:\/\/www.uv.mx\/prensa\/files\/2018\/02\/MET-2.jpg\"><img loading=\"lazy\" decoding=\"async\" aria-describedby=\"caption-attachment-42772\" class=\"size-full wp-image-42772\" src=\"https:\/\/www.uv.mx\/prensa\/files\/2018\/02\/MET-2.jpg\" alt=\"\" width=\"722\" height=\"481\" srcset=\"https:\/\/www.uv.mx\/prensa\/files\/2018\/02\/MET-2.jpg 722w, https:\/\/www.uv.mx\/prensa\/files\/2018\/02\/MET-2-300x200.jpg 300w\" sizes=\"auto, (max-width: 722px) 100vw, 722px\" \/><\/a><p id=\"caption-attachment-42772\" class=\"wp-caption-text\">Diego Prieto, director general del INAH; Sara Ladr\u00f3n de Guevara, rectora de la UV; Maura Ord\u00f3\u00f1ez, directora del MAX, y Antonio Saborit, director del Museo Nacional de Antropolog\u00eda<\/p><\/div>\n<p>&nbsp;<\/p>\n<p><strong><em>Edgar Onofre<\/em><\/strong><\/p>\n<p><strong><em>28\/02\/18, Xalapa, Ver.-<\/em><\/strong> Parte del acervo que resguarda el <a href=\"https:\/\/www.uv.mx\/max\/\" target=\"_blank\" rel=\"noopener\">Museo de Antropolog\u00eda de Xalapa<\/a> (MAX), de la Universidad Veracruzana (UV), ser\u00e1 mostrado en el Museo Metropolitano de Arte de Nueva York, en Estados Unidos, mundialmente conocido como MET.<\/p>\n<p>La exposici\u00f3n <em>Golden Kingdoms: Luxury and Legacy in the Ancient Americas<\/em> (<em>Reinos de oro: lujo y legado en la antigua Am\u00e9rica<\/em>) ser\u00e1 inaugurada hoy en Nueva York; est\u00e1 conformada por m\u00e1s de 300 objetos facilitados en pr\u00e9stamo por m\u00e1s de 50 museos de 12 pa\u00edses distintos, de acuerdo con informaci\u00f3n del propio MET.<\/p>\n<p>La directora del MAX, Maura Ord\u00f3\u00f1ez Valenzuela, explic\u00f3 que el MET es la segunda sede de esta magn\u00edfica exposici\u00f3n en los Estados Unidos, la cual se present\u00f3 antes en el Museo \u201cJ. Paul Getty\u201d, de Los \u00c1ngeles, California, y al respecto coment\u00f3: \u201cNos sentimos orgullosos con la invitaci\u00f3n que nos hicieron estos importantes museos. Hemos participado en museos del mundo, incluyendo Estados Unidos, pero es la primera vez que el MAX expone en el \u2018Getty\u2019 y en el MET\u201d.<\/p>\n<p>De acuerdo con la Directora del MAX, en la exposici\u00f3n <em>Golden Kingdoms: Luxury and Legacy in the Ancient Americas<\/em> el museo universitario participa con nueve piezas: cinco de la cultura Huasteca y cuatro de la cultura Olmeca.<\/p>\n<p>&nbsp;<\/p>\n<div id='gallery-1' class='gallery galleryid-42779 gallery-columns-3 gallery-size-full'><dl class='gallery-item'>\n\t\t\t<dt class='gallery-icon portrait'>\n\t\t\t\t<a href='https:\/\/www.uv.mx\/prensa\/files\/2018\/02\/MET-1-1.jpg'><img loading=\"lazy\" decoding=\"async\" width=\"722\" height=\"1087\" src=\"https:\/\/www.uv.mx\/prensa\/files\/2018\/02\/MET-1-1.jpg\" class=\"attachment-full size-full\" alt=\"\" aria-describedby=\"gallery-1-42790\" srcset=\"https:\/\/www.uv.mx\/prensa\/files\/2018\/02\/MET-1-1.jpg 722w, https:\/\/www.uv.mx\/prensa\/files\/2018\/02\/MET-1-1-199x300.jpg 199w, https:\/\/www.uv.mx\/prensa\/files\/2018\/02\/MET-1-1-680x1024.jpg 680w\" sizes=\"auto, (max-width: 722px) 100vw, 722px\" \/><\/a>\n\t\t\t<\/dt>\n\t\t\t\t<dd class='wp-caption-text gallery-caption' id='gallery-1-42790'>\n\t\t\t\tEl Pr\u00edncipe, escultura de la cultura Olmeca\n\t\t\t\t<\/dd><\/dl><dl class='gallery-item'>\n\t\t\t<dt class='gallery-icon portrait'>\n\t\t\t\t<a href='https:\/\/www.uv.mx\/prensa\/files\/2018\/02\/MET-3.jpg'><img loading=\"lazy\" decoding=\"async\" width=\"722\" height=\"1087\" src=\"https:\/\/www.uv.mx\/prensa\/files\/2018\/02\/MET-3.jpg\" class=\"attachment-full size-full\" alt=\"\" aria-describedby=\"gallery-1-42773\" srcset=\"https:\/\/www.uv.mx\/prensa\/files\/2018\/02\/MET-3.jpg 722w, https:\/\/www.uv.mx\/prensa\/files\/2018\/02\/MET-3-199x300.jpg 199w, https:\/\/www.uv.mx\/prensa\/files\/2018\/02\/MET-3-680x1024.jpg 680w\" sizes=\"auto, (max-width: 722px) 100vw, 722px\" \/><\/a>\n\t\t\t<\/dt>\n\t\t\t\t<dd class='wp-caption-text gallery-caption' id='gallery-1-42773'>\n\t\t\t\tM\u00e1scara esculpida en piedra, cultura Olmeca\n\t\t\t\t<\/dd><\/dl><dl class='gallery-item'>\n\t\t\t<dt class='gallery-icon portrait'>\n\t\t\t\t<a href='https:\/\/www.uv.mx\/prensa\/files\/2018\/02\/MET-4.jpg'><img loading=\"lazy\" decoding=\"async\" width=\"722\" height=\"1087\" src=\"https:\/\/www.uv.mx\/prensa\/files\/2018\/02\/MET-4.jpg\" class=\"attachment-full size-full\" alt=\"\" aria-describedby=\"gallery-1-42774\" srcset=\"https:\/\/www.uv.mx\/prensa\/files\/2018\/02\/MET-4.jpg 722w, https:\/\/www.uv.mx\/prensa\/files\/2018\/02\/MET-4-199x300.jpg 199w, https:\/\/www.uv.mx\/prensa\/files\/2018\/02\/MET-4-680x1024.jpg 680w\" sizes=\"auto, (max-width: 722px) 100vw, 722px\" \/><\/a>\n\t\t\t<\/dt>\n\t\t\t\t<dd class='wp-caption-text gallery-caption' id='gallery-1-42774'>\n\t\t\t\tM\u00e1scara esculpida en piedra, cultura Olmeca\n\t\t\t\t<\/dd><\/dl><br style=\"clear: both\" \/>\n\t\t<\/div>\n\n<p>&nbsp;<\/p>\n<p>De las obras que pertenecen a esta \u00faltima cultura se exponen en el MET una m\u00e1scara y dos hachas de jade\u00edta, adem\u00e1s de la escultura en basalto denominada El Pr\u00edncipe. De la cultura Huasteca, son dos esculturas en piedra arenisca: El Se\u00f1or de Ozuluama y Tlazolteotl, adem\u00e1s de un sartal conformado por 16 cascabeles de cobre de distintos tama\u00f1os, un pectoral de concha esgrafiado y un cascabel de cobre de 16 cent\u00edmetros de alto grabado con un rostro humano.<\/p>\n<p>Mientras que en el MET dos de las curadoras de la exposici\u00f3n esperan registrar siete millones de visitantes, la Directora del MAX apuesta porque la presencia del acervo universitario en estas iniciativas devenga en mayor n\u00famero de visitantes al museo veracruzano.<\/p>\n<p>Por otra parte, con informaci\u00f3n oficial del propio MET, para conformar esta exposici\u00f3n se hizo necesaria una investigaci\u00f3n de cinco a\u00f1os que conjunt\u00f3 a acad\u00e9micos de Latinoam\u00e9rica y de los Estados Unidos, de acuerdo con declaraciones de Daniel H. Weiss, presidente y CEO del museo norteamericano, en comunicado del propio organismo.<\/p>\n<p>Joanne Pillsbury, curadora del museo, explic\u00f3 en el comunicado oficial de la exposici\u00f3n que \u201clas ideas sobre la producci\u00f3n art\u00edstica de la Am\u00e9rica precolombina se han basado tradicionalmente en las obras de cer\u00e1mica y piedra, ya que son objetos de materiales duraderos, pero tambi\u00e9n exist\u00edan objetos de materiales fr\u00e1giles y poco comunes que presentaban un trabajo exquisito\u201d.<\/p>\n<p>&nbsp;<\/p>\n<div id='gallery-2' class='gallery galleryid-42779 gallery-columns-2 gallery-size-full'><dl class='gallery-item'>\n\t\t\t<dt class='gallery-icon portrait'>\n\t\t\t\t<a href='https:\/\/www.uv.mx\/prensa\/files\/2018\/02\/MET-5.jpg'><img loading=\"lazy\" decoding=\"async\" width=\"722\" height=\"1087\" src=\"https:\/\/www.uv.mx\/prensa\/files\/2018\/02\/MET-5.jpg\" class=\"attachment-full size-full\" alt=\"\" aria-describedby=\"gallery-2-42775\" srcset=\"https:\/\/www.uv.mx\/prensa\/files\/2018\/02\/MET-5.jpg 722w, https:\/\/www.uv.mx\/prensa\/files\/2018\/02\/MET-5-199x300.jpg 199w, https:\/\/www.uv.mx\/prensa\/files\/2018\/02\/MET-5-680x1024.jpg 680w\" sizes=\"auto, (max-width: 722px) 100vw, 722px\" \/><\/a>\n\t\t\t<\/dt>\n\t\t\t\t<dd class='wp-caption-text gallery-caption' id='gallery-2-42775'>\n\t\t\t\tFigura femenina, cultura Huasteca\n\t\t\t\t<\/dd><\/dl><dl class='gallery-item'>\n\t\t\t<dt class='gallery-icon portrait'>\n\t\t\t\t<a href='https:\/\/www.uv.mx\/prensa\/files\/2018\/02\/MET-6.jpg'><img loading=\"lazy\" decoding=\"async\" width=\"722\" height=\"1087\" src=\"https:\/\/www.uv.mx\/prensa\/files\/2018\/02\/MET-6.jpg\" class=\"attachment-full size-full\" alt=\"\" aria-describedby=\"gallery-2-42776\" srcset=\"https:\/\/www.uv.mx\/prensa\/files\/2018\/02\/MET-6.jpg 722w, https:\/\/www.uv.mx\/prensa\/files\/2018\/02\/MET-6-199x300.jpg 199w, https:\/\/www.uv.mx\/prensa\/files\/2018\/02\/MET-6-680x1024.jpg 680w\" sizes=\"auto, (max-width: 722px) 100vw, 722px\" \/><\/a>\n\t\t\t<\/dt>\n\t\t\t\t<dd class='wp-caption-text gallery-caption' id='gallery-2-42776'>\n\t\t\t\tCampana, instrumento musical huasteco o totonaco\n\t\t\t\t<\/dd><\/dl><br style=\"clear: both\" \/>\n\t\t<\/div>\n\n","protected":false},"excerpt":{"rendered":"<p><strong><em>Edgar Onofre.-<\/em><\/strong> La exposici\u00f3n Reinos de oro: lujo y legado en la antigua Am\u00e9rica, inaugurada hoy en Nueva York, est\u00e1 conformada por m\u00e1s de 300 objetos facilitados en pr\u00e9stamo por m\u00e1s de 50 museos de 12 pa\u00edses, entre ellos el de Antropolog\u00eda de Xalapa<\/p>\n","protected":false},"author":1869,"featured_media":42780,"comment_status":"closed","ping_status":"closed","sticky":false,"template":"","format":"standard","meta":{"footnotes":""},"categories":[11,61],"tags":[102,187],"class_list":["post-42779","post","type-post","status-publish","format-standard","has-post-thumbnail","hentry","category-cultura","category-banner","tag-max","tag-met"],"_links":{"self":[{"href":"https:\/\/www.uv.mx\/prensa\/wp-json\/wp\/v2\/posts\/42779","targetHints":{"allow":["GET"]}}],"collection":[{"href":"https:\/\/www.uv.mx\/prensa\/wp-json\/wp\/v2\/posts"}],"about":[{"href":"https:\/\/www.uv.mx\/prensa\/wp-json\/wp\/v2\/types\/post"}],"author":[{"embeddable":true,"href":"https:\/\/www.uv.mx\/prensa\/wp-json\/wp\/v2\/users\/1869"}],"replies":[{"embeddable":true,"href":"https:\/\/www.uv.mx\/prensa\/wp-json\/wp\/v2\/comments?post=42779"}],"version-history":[{"count":0,"href":"https:\/\/www.uv.mx\/prensa\/wp-json\/wp\/v2\/posts\/42779\/revisions"}],"wp:featuredmedia":[{"embeddable":true,"href":"https:\/\/www.uv.mx\/prensa\/wp-json\/wp\/v2\/media\/42780"}],"wp:attachment":[{"href":"https:\/\/www.uv.mx\/prensa\/wp-json\/wp\/v2\/media?parent=42779"}],"wp:term":[{"taxonomy":"category","embeddable":true,"href":"https:\/\/www.uv.mx\/prensa\/wp-json\/wp\/v2\/categories?post=42779"},{"taxonomy":"post_tag","embeddable":true,"href":"https:\/\/www.uv.mx\/prensa\/wp-json\/wp\/v2\/tags?post=42779"}],"curies":[{"name":"wp","href":"https:\/\/api.w.org\/{rel}","templated":true}]}}