{"id":42598,"date":"2018-02-26T19:40:12","date_gmt":"2018-02-27T01:40:12","guid":{"rendered":"https:\/\/www.uv.mx\/prensa\/?p=42598"},"modified":"2018-04-03T10:48:36","modified_gmt":"2018-04-03T15:48:36","slug":"en-el-origen-del-jazz-hay-influencia-mexicana","status":"publish","type":"post","link":"https:\/\/www.uv.mx\/prensa\/cultura\/en-el-origen-del-jazz-hay-influencia-mexicana\/","title":{"rendered":"En el origen del jazz hay influencia mexicana"},"content":{"rendered":"<ul>\n<li><em>Luc Delannoy imparti\u00f3 la conferencia \u201cUna sociolog\u00eda del jazz latino\u201d en la Casa del Lago UV<\/em><\/li>\n<\/ul>\n<p>&nbsp;<\/p>\n<div id=\"attachment_42599\" style=\"width: 732px\" class=\"wp-caption aligncenter\"><a href=\"https:\/\/www.uv.mx\/prensa\/files\/2018\/02\/260218-conferencia-jazz.jpg\"><img loading=\"lazy\" decoding=\"async\" aria-describedby=\"caption-attachment-42599\" class=\"size-full wp-image-42599\" src=\"https:\/\/www.uv.mx\/prensa\/files\/2018\/02\/260218-conferencia-jazz.jpg\" alt=\"\" width=\"722\" height=\"481\" srcset=\"https:\/\/www.uv.mx\/prensa\/files\/2018\/02\/260218-conferencia-jazz.jpg 722w, https:\/\/www.uv.mx\/prensa\/files\/2018\/02\/260218-conferencia-jazz-300x200.jpg 300w\" sizes=\"auto, (max-width: 722px) 100vw, 722px\" \/><\/a><p id=\"caption-attachment-42599\" class=\"wp-caption-text\">Luc Delannoy durante su conferencia en la Casa del Lago UV<\/p><\/div>\n<p>&nbsp;<\/p>\n<p><strong><em>David Sandoval Rodr\u00edguez<\/em><\/strong><\/p>\n<p><strong><em>26\/02\/2018, Xalapa, Ver.- <\/em><\/strong>En el origen del jazz debe considerarse la influencia de un m\u00fasico mexicano, resalt\u00f3 Luc Delannoy, doctor en Filosof\u00eda por la Universidad de Cambridge, m\u00fasico y cr\u00edtico musical, quien, invitado por la <a href=\"https:\/\/www.uv.mx\/difusioncultural\/\" target=\"_blank\" rel=\"noopener\">Direcci\u00f3n General de Difusi\u00f3n Cultural de la Universidad Veracruzana<\/a> (UV), imparti\u00f3 la conferencia \u201cUna sociolog\u00eda del jazz latino\u201d el lunes 26 de febrero en la Casa del Lago, Centro Cultural.<\/p>\n<p>El tambi\u00e9n miembro de la Academia de Ciencias de Nueva York, explic\u00f3 que dentro de la g\u00e9nesis del jazz los m\u00fasicos mexicanos han tenido un papel determinante en el sur de los Estados Unidos, en particular en el puerto de Nueva Orle\u00e1ns del estado de Luisiana, donde en 1844 Lorenzo Ramos, oriundo de Nuevo Le\u00f3n, como integrante del octavo regimiento de caballer\u00eda del ej\u00e9rcito mexicano, fue quien llev\u00f3 el saxof\u00f3n a los ensambles musicales de la ciudad, que en ese entonces tiene como instrumento privilegiado al clarinete.<\/p>\n<p>La orquesta mencionada, con 67 m\u00fasicos, inaugur\u00f3 en dicho a\u00f1o la exposici\u00f3n mundial del algod\u00f3n en Nueva Orleans y para 1880 hubo una presencia del instrumentista en diversas agrupaciones.<\/p>\n<p>\u201cLorenzo Ramos tuvo un efecto determinante en Nueva Orleans, fue el primer m\u00fasico mexicano de importancia que se estableci\u00f3 de manera permanente en dicha ciudad, donde organiz\u00f3 la banda del octavo regimiento de caballer\u00eda y posteriormente, instalado en el barrio espa\u00f1ol, se public\u00f3 una mazurca para piano de su autor\u00eda, <em>Dorados ensue\u00f1os<\/em>, que s\u00fabitamente lo hizo c\u00e9lebre\u201d, precis\u00f3 Delannoy.<\/p>\n<p>\u201cRamos fue el primer m\u00fasico que introdujo el saxof\u00f3n en Nueva Orleans, que no se encontraba en todas las historias oficiales del jazz, fue el \u00fanico que se estableci\u00f3 definitivamente en esta ciudad.\u201d<\/p>\n<p>En la d\u00e9cada de los a\u00f1os noventa del siglo pasado, Delannoy comenz\u00f3 con la idea de contar una historia del jazz latino, pero \u201ctodo mundo pensaba que era una historia de blancos y negros, que exist\u00eda una frontera muy clara pero no se puede ser tan simple\u201d.<\/p>\n<p>Plante\u00f3 que en la b\u00fasqueda de la armon\u00eda entre razas y culturas est\u00e1 el futuro de la humanidad, que acabar\u00e1 siendo una mezcla de todas ellas y el jazz \u201ces entonces una m\u00fasica que ofrece un espacio de di\u00e1logo entre diferentes nacionalidades culturales y musicales; siempre ha sido y ser\u00e1 una m\u00fasica mestiza, es evidente que tenemos una criatura h\u00edbrida que ha logrado integrar elementos de diversas \u00e9pocas y lugares en que apareci\u00f3\u201d.<\/p>\n<p>En ese sentido, el jazz latino est\u00e1 siempre en movimiento, pone su futuro en las manos de otras m\u00fasicas a las que ayuda a proteger de la exclusi\u00f3n y es en el movimiento donde reside su fuerza, recalc\u00f3; \u201cel jazz latino es un fen\u00f3meno cultural, es una fotograf\u00eda de lo que la cultura latina est\u00e1 haciendo alrededor del mundo y c\u00f3mo influye en otras culturas y c\u00f3mo \u00e9stas han influido en \u00e9l\u201d.<\/p>\n<p>El m\u00fasico record\u00f3 que lo primordial en la m\u00fasica es el uso emp\u00e1tico de sus sonidos y silencios, \u201csiempre he se\u00f1alado que la m\u00fasica en general y el jazz en particular tienen un aspecto social muy importante, las obras de los artistas reflejan una necesidad y vivimos en tiempos turbulentos, tal vez m\u00e1s turbulentos hoy que antes, y creo que es importante recordar a los m\u00fasicos que en el siglo pasado han tenido un impacto social a trav\u00e9s de su m\u00fasica y como integrantes de luchas sociales y de los derechos civiles\u201d.<\/p>\n<p>Asimismo, al dirigirse al p\u00fablico compuesto principalmente por estudiantes de la UV, coment\u00f3: \u201cCreo que es muy importante pensar que todos nosotros tambi\u00e9n formamos parte de la sociedad y debemos recordar el aporte de aquellos m\u00fasicos que han expresado sus preocupaciones y su responsabilidad social\u201d.<\/p>\n<p>Enfatiz\u00f3 que la historia de las m\u00fasicas y la historia del jazz en sus diferentes encarnaciones, como del arte en general, \u201ces una historia de los hombres y de sus ideas, sus pasiones, sus herramientas, instrumentos y t\u00e9cnicas\u201d.<\/p>\n","protected":false},"excerpt":{"rendered":"<p><strong><em>David Sandoval.-<\/em><\/strong> Lorenzo Ramos, m\u00fasico mexicano, fue el responsable de llevar el saxof\u00f3n a las bandas de Nueva Orleans en la d\u00e9cada de 1880, destac\u00f3 Luc Delannoy en la conferencia \u201cUna sociolog\u00eda del jazz latino\u201d<\/p>\n","protected":false},"author":1508,"featured_media":42599,"comment_status":"closed","ping_status":"closed","sticky":false,"template":"","format":"standard","meta":{"footnotes":""},"categories":[11],"tags":[],"class_list":["post-42598","post","type-post","status-publish","format-standard","has-post-thumbnail","hentry","category-cultura"],"_links":{"self":[{"href":"https:\/\/www.uv.mx\/prensa\/wp-json\/wp\/v2\/posts\/42598","targetHints":{"allow":["GET"]}}],"collection":[{"href":"https:\/\/www.uv.mx\/prensa\/wp-json\/wp\/v2\/posts"}],"about":[{"href":"https:\/\/www.uv.mx\/prensa\/wp-json\/wp\/v2\/types\/post"}],"author":[{"embeddable":true,"href":"https:\/\/www.uv.mx\/prensa\/wp-json\/wp\/v2\/users\/1508"}],"replies":[{"embeddable":true,"href":"https:\/\/www.uv.mx\/prensa\/wp-json\/wp\/v2\/comments?post=42598"}],"version-history":[{"count":0,"href":"https:\/\/www.uv.mx\/prensa\/wp-json\/wp\/v2\/posts\/42598\/revisions"}],"wp:featuredmedia":[{"embeddable":true,"href":"https:\/\/www.uv.mx\/prensa\/wp-json\/wp\/v2\/media\/42599"}],"wp:attachment":[{"href":"https:\/\/www.uv.mx\/prensa\/wp-json\/wp\/v2\/media?parent=42598"}],"wp:term":[{"taxonomy":"category","embeddable":true,"href":"https:\/\/www.uv.mx\/prensa\/wp-json\/wp\/v2\/categories?post=42598"},{"taxonomy":"post_tag","embeddable":true,"href":"https:\/\/www.uv.mx\/prensa\/wp-json\/wp\/v2\/tags?post=42598"}],"curies":[{"name":"wp","href":"https:\/\/api.w.org\/{rel}","templated":true}]}}