{"id":42574,"date":"2018-02-26T14:47:02","date_gmt":"2018-02-26T20:47:02","guid":{"rendered":"https:\/\/www.uv.mx\/prensa\/?p=42574"},"modified":"2018-04-03T11:07:19","modified_gmt":"2018-04-03T16:07:19","slug":"neuroetologia-uv-referente-nacional-en-estudios-sobre-comportamiento","status":"publish","type":"post","link":"https:\/\/www.uv.mx\/prensa\/ciencia\/neuroetologia-uv-referente-nacional-en-estudios-sobre-comportamiento\/","title":{"rendered":"Neuroetolog\u00eda UV, referente nacional en estudios sobre comportamiento"},"content":{"rendered":"<ul>\n<li><em>Las investigaciones del instituto se centran en organismos animales y humanos, y tienen impacto nacional e internacional<\/em><\/li>\n<li><em>Tiene bajo su resguardo y protecci\u00f3n cinco ANP del sur del estado de Veracruz<\/em><\/li>\n<\/ul>\n<p>&nbsp;<\/p>\n<div id=\"attachment_42573\" style=\"width: 732px\" class=\"wp-caption aligncenter\"><a href=\"https:\/\/www.uv.mx\/prensa\/files\/2018\/02\/260218-Neuroetologia.jpg\"><img loading=\"lazy\" decoding=\"async\" aria-describedby=\"caption-attachment-42573\" class=\"size-full wp-image-42573\" src=\"https:\/\/www.uv.mx\/prensa\/files\/2018\/02\/260218-Neuroetologia.jpg\" alt=\"\" width=\"722\" height=\"483\" srcset=\"https:\/\/www.uv.mx\/prensa\/files\/2018\/02\/260218-Neuroetologia.jpg 722w, https:\/\/www.uv.mx\/prensa\/files\/2018\/02\/260218-Neuroetologia-300x201.jpg 300w\" sizes=\"auto, (max-width: 722px) 100vw, 722px\" \/><\/a><p id=\"caption-attachment-42573\" class=\"wp-caption-text\">Jorge Morales M\u00e1vil, director del Instituto de Neuroetolog\u00eda de la UV<\/p><\/div>\n<p>&nbsp;<\/p>\n<p><strong><em>Claudia Peralta V\u00e1zquez<\/em><\/strong><\/p>\n<p><strong><em>26\/02\/2018, Xalapa, Ver.- <\/em><\/strong><a href=\"https:\/\/www.uv.mx\/neuro\/\" target=\"_blank\" rel=\"noopener\">El Instituto de Neuroetolog\u00eda<\/a> (IN) de la Universidad Veracruzana (UV) representa a nivel nacional un referente en estudios del comportamiento tanto en organismos animales como en humanos, principalmente en el \u00e1rea de primatolog\u00eda donde se han realizado investigaciones en la regi\u00f3n de Los Tuxtlas, al sur del estado de Veracruz.<\/p>\n<p>Como resultado de estos logros relacionados con la biolog\u00eda del comportamiento con animales silvestres, la Secretar\u00eda del Medio Ambiente y Recursos Naturales (<em>Semarnat<\/em>), en coordinaci\u00f3n con la Comisi\u00f3n Nacional de \u00c1reas Naturales Protegidas (<em>Conanp<\/em>), cedi\u00f3 al IN la protecci\u00f3n y resguardo \u2013por un tiempo de 15 a 20 a\u00f1os\u2013 cinco \u00c1reas Naturales Protegidas (ANP) de Los Tuxtlas.<\/p>\n<p>Esto a solicitud del propio instituto y con el fin de desarrollar estudios de ecolog\u00eda, comportamiento y conservaci\u00f3n de los recursos naturales, dio a conocer Jorge Morales M\u00e1vil, director de este organismo fundado en 1992.<\/p>\n<p>Coment\u00f3 que estas \u00e1reas son las islas de Algatepec, Totohuichillo y Tanaxpillo, ubicadas en la Laguna de Catemaco, donde existen colonias de primates.<\/p>\n<p>Otra se encuentra en la zona boscosa de esa misma regi\u00f3n con una extensi\u00f3n de 220 hect\u00e1reas. Ah\u00ed se cuenta con una Unidad de Manejo Ambiental (UMA), en la que se realizan trabajos de rehabilitaci\u00f3n de las especies para su futura liberaci\u00f3n.<\/p>\n<p>La \u00faltima de estas cinco ANP se localiza en el manglar de la Laguna de Sontecomapan.<\/p>\n<p>Coment\u00f3 que desde sus inicios, el objetivo del IN fue proponer estudios relacionados con las neurociencias y la etolog\u00eda; sin embargo, en los \u00faltimos tiempos la neuroetolog\u00eda es una ciencia que ha tomado mucho auge dentro de las neurociencias y el comportamiento.<\/p>\n<p>El Instituto de Neuroetolog\u00eda, \u00fanico en el pa\u00eds, se conforma de tres laboratorios: Neurofarmacolog\u00eda de la conducta; Neurofisiolog\u00eda de la conducta; y Biolog\u00eda de la conducta.<\/p>\n<p>El primero se centra en conocer lo que ocurre a nivel neuronal en los organismos \u2013tanto animales como humanos\u2013 por la utilizaci\u00f3n de f\u00e1rmacos de diferentes condiciones.<\/p>\n<p>Los estudios sobre ansiedad y depresi\u00f3n basados en modelos murinos como ratas Wistar y con v\u00edas a entender lo que ocurre en los humanos, han tenido impacto principalmente a nivel nacional e internacional.<\/p>\n<p>El segundo, intenta buscar la comprensi\u00f3n de las neurociencias, del sistema nervioso y del humano, tambi\u00e9n a trav\u00e9s de modelos animales.<\/p>\n<p>\u201cSe busca informaci\u00f3n del comportamiento reproductivo, anatom\u00eda de los procesos del conocimiento del sue\u00f1o, aprendizaje, pero siempre basado en cuestiones anat\u00f3micas.\u201d<\/p>\n<p>El \u00faltimo, el m\u00e1s grande por el mayor n\u00famero de acad\u00e9micos, se encarga de estudiar el comportamiento animal y humano. Ah\u00ed se desarrollan los estudios de primates, los cuales se han extendido hacia la pen\u00ednsula de Yucat\u00e1n y Centroam\u00e9rica. A ra\u00edz de esto, se han establecidos convenios de colaboraci\u00f3n con investigadores de Sudam\u00e9rica.<\/p>\n<p>No obstante, el investigador con 19 a\u00f1os de antig\u00fcedad resalt\u00f3 que tambi\u00e9n se trabaja con otro tipo de especies animales como: anfibios, reptiles, aves, siempre relacionado con cuestiones del comportamiento y ecolog\u00eda.<\/p>\n<p>\u201cHay estudios muy fuertes que han sido apoyados por agentes nacionales e internacionales con tortugas marinas, iguanas, aves rapaces, as\u00ed como comportamiento reproductivo y desplazamiento de animales.\u201d<\/p>\n<p>Al referirse a la plantilla acad\u00e9mica, dio a conocer que el IN est\u00e1 integrado por 16 investigadores, tres de ellos pertenecen a las c\u00e1tedras del Consejo Nacional de Ciencia y Tecnolog\u00eda (<em>Conacyt<\/em>); dos docentes, un t\u00e9cnico acad\u00e9mico y 14 miembros del personal administrativo.<\/p>\n<p>Con dos meses de haber sido designado como director de este instituto, Jorge Morales subray\u00f3 que se ha decidido continuar con las l\u00edneas establecidas dentro del Plan de Desarrollo de las Entidades Acad\u00e9micas (<em>PlaDEA<\/em>), ya que es uno de los organismos m\u00e1s productivos de la UV.<\/p>\n<p>Respecto a lo anterior, precis\u00f3 que a nivel institucional la producci\u00f3n cient\u00edfica del IN est\u00e1 por encima de la media de la UV, pero a\u00fan por debajo de la media nacional en producci\u00f3n individual.<\/p>\n<p>\u201cEstamos hablando de 3.9 art\u00edculos por investigador, cuando la media de la UV es de 2.6 y a nivel nacional es de cinco; estamos produciendo bien pero podemos producir m\u00e1s.\u201d<\/p>\n<p>Por ello, a fin de incrementar la producci\u00f3n cient\u00edfica, plante\u00f3 la necesidad de contar con mejores espacios, equipos y mayor presupuesto, situaci\u00f3n que se lograr\u00eda con proyectos de financiamiento externos y vinculaci\u00f3n con otros organismos.<\/p>\n<p>En ese sentido, acad\u00e9micos del \u00e1rea de primatolog\u00eda se han vinculado con National Geographic, el Fondo Mundial para la Naturaleza, y otras empresas como la Volkswagen que tambi\u00e9n aportan recursos.<\/p>\n<p>Asimismo, destac\u00f3 los logros alcanzados por otros miembros del IN pertenecientes al Sistema Nacional de Investigadores (SNI), quienes han impartido c\u00e1tedras y conferencias en instituciones de Espa\u00f1a, Portugal, Brasil y Estados Unidos.<\/p>\n<p>Tambi\u00e9n se han establecido convenios con la Universidad Nacional Aut\u00f3noma de M\u00e9xico, Instituto de Ecolog\u00eda, A.C., Universidad Aut\u00f3noma de Tlaxcala, Universidad de Guadalajara y Universidad Aut\u00f3noma del Estado de Morelos, entre otras.<\/p>\n<p>En entrevista, resalt\u00f3 el posicionamiento tanto de la Maestr\u00eda como del Doctorado en Neuroetolog\u00eda que este a\u00f1o cumplir\u00e1n 25 a\u00f1os de haberse fundado y que est\u00e1n dentro del Programa Nacional de Posgrados de Calidad (PNPC) del <em>Conacyt<\/em> y con aspirantes tanto nacionales como extranjeros.<\/p>\n<p>Con motivo de este acontecimiento, se prev\u00e9 la realizaci\u00f3n de festejos en los que se espera la participaci\u00f3n de invitados internacionales de alto prestigio.<\/p>\n","protected":false},"excerpt":{"rendered":"<p><strong><em>Claudia Peralta.-<\/em><\/strong> El Instituto de Neuroetolog\u00eda, \u00fanico en el pa\u00eds, se conforma de tres laboratorios: Neurofarmacolog\u00eda de la conducta, Neurofisiolog\u00eda de la conducta y Biolog\u00eda de la conducta<\/p>\n","protected":false},"author":1508,"featured_media":42571,"comment_status":"closed","ping_status":"closed","sticky":false,"template":"","format":"standard","meta":{"footnotes":""},"categories":[45,61],"tags":[],"class_list":["post-42574","post","type-post","status-publish","format-standard","has-post-thumbnail","hentry","category-ciencia","category-banner"],"_links":{"self":[{"href":"https:\/\/www.uv.mx\/prensa\/wp-json\/wp\/v2\/posts\/42574","targetHints":{"allow":["GET"]}}],"collection":[{"href":"https:\/\/www.uv.mx\/prensa\/wp-json\/wp\/v2\/posts"}],"about":[{"href":"https:\/\/www.uv.mx\/prensa\/wp-json\/wp\/v2\/types\/post"}],"author":[{"embeddable":true,"href":"https:\/\/www.uv.mx\/prensa\/wp-json\/wp\/v2\/users\/1508"}],"replies":[{"embeddable":true,"href":"https:\/\/www.uv.mx\/prensa\/wp-json\/wp\/v2\/comments?post=42574"}],"version-history":[{"count":0,"href":"https:\/\/www.uv.mx\/prensa\/wp-json\/wp\/v2\/posts\/42574\/revisions"}],"wp:featuredmedia":[{"embeddable":true,"href":"https:\/\/www.uv.mx\/prensa\/wp-json\/wp\/v2\/media\/42571"}],"wp:attachment":[{"href":"https:\/\/www.uv.mx\/prensa\/wp-json\/wp\/v2\/media?parent=42574"}],"wp:term":[{"taxonomy":"category","embeddable":true,"href":"https:\/\/www.uv.mx\/prensa\/wp-json\/wp\/v2\/categories?post=42574"},{"taxonomy":"post_tag","embeddable":true,"href":"https:\/\/www.uv.mx\/prensa\/wp-json\/wp\/v2\/tags?post=42574"}],"curies":[{"name":"wp","href":"https:\/\/api.w.org\/{rel}","templated":true}]}}