{"id":42568,"date":"2018-02-23T10:00:37","date_gmt":"2018-02-23T16:00:37","guid":{"rendered":"https:\/\/www.uv.mx\/prensa\/?p=42568"},"modified":"2018-02-26T14:23:45","modified_gmt":"2018-02-26T20:23:45","slug":"estudiantes-y-academicos-aplicaron-encuesta-en-torno-a-temas-de-violencia","status":"publish","type":"post","link":"https:\/\/www.uv.mx\/prensa\/general\/estudiantes-y-academicos-aplicaron-encuesta-en-torno-a-temas-de-violencia\/","title":{"rendered":"Estudiantes y acad\u00e9micos aplicaron encuesta en torno a temas de violencia"},"content":{"rendered":"<ul>\n<li><em>En las cinco regiones universitarias, como parte del Proyecto \u201cLa UV como constructora de paz: alternativas a las violencias en Veracruz\u201d <\/em><\/li>\n<\/ul>\n<p>&nbsp;<\/p>\n<div id=\"attachment_42569\" style=\"width: 732px\" class=\"wp-caption aligncenter\"><a href=\"https:\/\/www.uv.mx\/prensa\/files\/2018\/02\/230218-ENCUESTA.jpg\"><img loading=\"lazy\" decoding=\"async\" aria-describedby=\"caption-attachment-42569\" class=\"size-full wp-image-42569\" src=\"https:\/\/www.uv.mx\/prensa\/files\/2018\/02\/230218-ENCUESTA.jpg\" alt=\"\" width=\"722\" height=\"482\" srcset=\"https:\/\/www.uv.mx\/prensa\/files\/2018\/02\/230218-ENCUESTA.jpg 722w, https:\/\/www.uv.mx\/prensa\/files\/2018\/02\/230218-ENCUESTA-300x200.jpg 300w\" sizes=\"auto, (max-width: 722px) 100vw, 722px\" \/><\/a><p id=\"caption-attachment-42569\" class=\"wp-caption-text\">Ros\u00edo C\u00f3rdova, Mayra Ledesma y Zulma Amador<\/p><\/div>\n<p>&nbsp;<\/p>\n<p>&nbsp;<\/p>\n<p><strong><em>Claudia Peralta V\u00e1zquez<\/em><\/strong><\/p>\n<p><strong><em>23\/02\/2018, Xalapa, Ver.-<\/em><\/strong> Alumnos, personal manual, administrativo y acad\u00e9mico de la Universidad Veracruzana (UV) y de la Universidad Veracruzana Intercultural (UVI) participaron en la aplicaci\u00f3n de la encuesta \u201cContexto y percepci\u00f3n de la violencia en la comunidad universitaria\u201d, como parte del proyecto \u201cLa UV como constructora de paz: alternativas a las violencias en Veracruz\u201d.<\/p>\n<p>El objetivo de este estudio de tipo cualitativo y cuantitativo, realizado a iniciativa del cuerpo acad\u00e9mico (CA) Estudios Socioculturales y la red tem\u00e1tica de colaboraci\u00f3n acad\u00e9mica \u201cAntropolog\u00eda de g\u00e9nero y emociones en grupos vulnerables\u201d, del Instituto de Investigaciones Hist\u00f3rico-Sociales (IIHS), es obtener un diagn\u00f3stico de los tipos y modalidades de la violencia, tanto fuera como dentro de la instituci\u00f3n educativa.<\/p>\n<p>Gracias a esto tambi\u00e9n se tendr\u00e1 una percepci\u00f3n de los delitos de alta visibilidad como: homicidio, feminicidio, levantones, tortura, violaci\u00f3n y secuestro; y otros como: acoso sexual, violencia f\u00edsica, amenazas, hostigamiento, robo, <em>bullying<\/em>, entre otros.<\/p>\n<p>Al dar a conocer los resultados obtenidos hasta el momento, Ros\u00edo C\u00f3rdova Plaza, investigadora del IIH-S, coment\u00f3 que de abril a noviembre del a\u00f1o pasado, se aplic\u00f3 el 80 por ciento de un total de ocho mil 500 encuestas en las cinco regiones de la UV y sedes UVI.<\/p>\n<p>A la fecha, ha sido capturado el 30 por ciento de estas encuestas (de un total de dos mil 500, aproximadamente), que constan de cinco apartados, algunos de ellos son: datos socioecon\u00f3micos, tipos, espacios y percepci\u00f3n de la violencia.<\/p>\n<p>Durante el foro de presentaci\u00f3n de resultados del proyecto, la investigadora dio a conocer que la encuesta contiene adem\u00e1s 26 rubros y alrededor de 200 reactivos.<\/p>\n<p>\u201cCada participante nos da su propia visi\u00f3n de los delitos que pudieron haber sufrido sus familiares, amistades y entornos.\u201d<\/p>\n<p>Revel\u00f3 que de acuerdo con los datos obtenidos, el 10 por ciento de los alumnos ha sufrido acoso sexual y 20 por ciento ha sido v\u00edctima de robos fuera de los espacios universitarios.<\/p>\n<p>El uno por ciento han padecido levantones, secuestros y secuestros expr\u00e9s; el 25 por ciento revel\u00f3 haber vivido esta experiencia con un familiar, amistad o conocido; el tres por ciento dijo que alg\u00fan compa\u00f1ero o colega ha sido desaparecido, y el 7.3 habl\u00f3 de la desaparici\u00f3n de un familiar.<\/p>\n<p>La muestra de tipo estricto tom\u00f3 en cuenta \u00e1rea, facultad, carrera, g\u00e9nero y semestre; tambi\u00e9n determina que 273 personas saben que alguien fue asesinado dentro de su c\u00edrculo.<\/p>\n<p>El 15.3 por ciento ha sufrido violencia sexual, sobre todo las mujeres. En cuanto a extorsi\u00f3n, el 11.8 por ciento dijo que familiares, amistades y compa\u00f1eros han sido v\u00edctimas de este delito.<\/p>\n<p>Al respecto, C\u00f3rdova Plaza lament\u00f3 que las condiciones que se viven hayan generado cambios de h\u00e1bitos de movilidad entre la comunidad universitaria para evitar ser v\u00edctimas de delitos.<\/p>\n<p>Por su parte, Mayra Ledesma y Zulma Amador Rodr\u00edguez, investigadoras de la Facultad de Sociolog\u00eda y del Centro de Eco-Alfabetizaci\u00f3n y Di\u00e1logo de Saberes (<em>EcoDi\u00e1logo<\/em>), respectivamente, destacaron que se contempla la impartici\u00f3n de talleres de diagn\u00f3stico participativo en las cinco regiones universitarias, dirigidos a actores locales, integrantes de colectivos y comunidad universitaria.<\/p>\n<p>Asimismo, habr\u00e1 talleres de teatro como agente curativo, social y comunitario, as\u00ed como cursos de actualizaci\u00f3n de peritos, de antropolog\u00eda forense en el sistema penal acusatorio, y un Diplomado en Cultura de la Paz.<\/p>\n<p>Mientras que para 2019 se contemplan posgrados en derecho de estudios de g\u00e9nero y paz, y en antropolog\u00eda forense.<\/p>\n","protected":false},"excerpt":{"rendered":"<p><strong><em>Claudia Peralta.-<\/em><\/strong> En las cinco regiones universitarias, como parte del Proyecto \u201cLa UV como constructora de paz: alternativas a las violencias en Veracruz\u201d<\/p>\n","protected":false},"author":1869,"featured_media":42569,"comment_status":"closed","ping_status":"closed","sticky":false,"template":"","format":"standard","meta":{"footnotes":""},"categories":[1],"tags":[],"class_list":["post-42568","post","type-post","status-publish","format-standard","has-post-thumbnail","hentry","category-general"],"_links":{"self":[{"href":"https:\/\/www.uv.mx\/prensa\/wp-json\/wp\/v2\/posts\/42568","targetHints":{"allow":["GET"]}}],"collection":[{"href":"https:\/\/www.uv.mx\/prensa\/wp-json\/wp\/v2\/posts"}],"about":[{"href":"https:\/\/www.uv.mx\/prensa\/wp-json\/wp\/v2\/types\/post"}],"author":[{"embeddable":true,"href":"https:\/\/www.uv.mx\/prensa\/wp-json\/wp\/v2\/users\/1869"}],"replies":[{"embeddable":true,"href":"https:\/\/www.uv.mx\/prensa\/wp-json\/wp\/v2\/comments?post=42568"}],"version-history":[{"count":0,"href":"https:\/\/www.uv.mx\/prensa\/wp-json\/wp\/v2\/posts\/42568\/revisions"}],"wp:featuredmedia":[{"embeddable":true,"href":"https:\/\/www.uv.mx\/prensa\/wp-json\/wp\/v2\/media\/42569"}],"wp:attachment":[{"href":"https:\/\/www.uv.mx\/prensa\/wp-json\/wp\/v2\/media?parent=42568"}],"wp:term":[{"taxonomy":"category","embeddable":true,"href":"https:\/\/www.uv.mx\/prensa\/wp-json\/wp\/v2\/categories?post=42568"},{"taxonomy":"post_tag","embeddable":true,"href":"https:\/\/www.uv.mx\/prensa\/wp-json\/wp\/v2\/tags?post=42568"}],"curies":[{"name":"wp","href":"https:\/\/api.w.org\/{rel}","templated":true}]}}