{"id":42549,"date":"2018-02-23T21:19:32","date_gmt":"2018-02-24T03:19:32","guid":{"rendered":"https:\/\/www.uv.mx\/prensa\/?p=42549"},"modified":"2018-04-03T11:39:13","modified_gmt":"2018-04-03T16:39:13","slug":"jazzuv-referente-musical-a-nivel-nacional","status":"publish","type":"post","link":"https:\/\/www.uv.mx\/prensa\/cultura\/jazzuv-referente-musical-a-nivel-nacional\/","title":{"rendered":"Jazzuv, referente musical a nivel nacional"},"content":{"rendered":"<ul>\n<li><em>El maestro Edgar Dorantes junto con la Big Band Jazzuv e invitados, ofrecieron concierto para celebrar el 10\u00ba aniversario<\/em><\/li>\n<\/ul>\n<p>&nbsp;<\/p>\n<div id=\"attachment_42545\" style=\"width: 732px\" class=\"wp-caption aligncenter\"><a href=\"https:\/\/www.uv.mx\/prensa\/files\/2018\/02\/230218-jazzuv-1.jpg\"><img loading=\"lazy\" decoding=\"async\" aria-describedby=\"caption-attachment-42545\" class=\"size-full wp-image-42545\" src=\"https:\/\/www.uv.mx\/prensa\/files\/2018\/02\/230218-jazzuv-1.jpg\" alt=\"\" width=\"722\" height=\"482\" srcset=\"https:\/\/www.uv.mx\/prensa\/files\/2018\/02\/230218-jazzuv-1.jpg 722w, https:\/\/www.uv.mx\/prensa\/files\/2018\/02\/230218-jazzuv-1-300x200.jpg 300w\" sizes=\"auto, (max-width: 722px) 100vw, 722px\" \/><\/a><p id=\"caption-attachment-42545\" class=\"wp-caption-text\">Edgar Dorantes, fundador de Jazzuv, ofreci\u00f3 concierto junto con la Big Band Jazzuv e invitados<\/p><\/div>\n<p>&nbsp;<\/p>\n<p><strong><em>Paola Cort\u00e9s P\u00e9rez<\/em><\/strong><\/p>\n<p><strong><em>23\/02\/18, Xalapa, Ver.-<\/em><\/strong> El m\u00fasico y compositor Edgar Dorantes Dosamantes present\u00f3 un programa musical que escribi\u00f3 especialmente para celebrar el d\u00e9cimo aniversario de la fundaci\u00f3n del <a href=\"https:\/\/www.uv.mx\/jazzuv\" target=\"_blank\" rel=\"noopener\">Centro de Estudios de Jazz de la Universidad Veracruzana<\/a> (<em>Jazzuv<\/em>).<\/p>\n<p>El concierto se llev\u00f3 a cabo la noche del mi\u00e9rcoles 21 de febrero en la Casa del Lago UV, con la presencia de la rectora Sara Ladr\u00f3n de Guevara; la secretaria Acad\u00e9mica, Magdalena Hern\u00e1ndez Alarc\u00f3n; el director general del \u00c1rea Acad\u00e9mica de Artes, Miguel Flores Covarrubias, as\u00ed como estudiantes, profesores y p\u00fablico en general.<\/p>\n<p>Ante un foro que result\u00f3 insuficiente para la cantidad de personas que asistieron a celebrar los 10 a\u00f1os de <em>Jazzuv<\/em>, Edgar Dorantes, fundador de este centro educativo, present\u00f3 el programa musical intitulado <em>Suite para Big Band<\/em>, conformado por ocho piezas, de ellas la mayor\u00eda fueron compuestas especialmente para este evento.<\/p>\n<p>Rafael Alcal\u00e1 Hinojosa, coordinador del <em>Jazzuv<\/em>, coment\u00f3 que el proyecto surgi\u00f3 el 18 de febrero de 2008 y para celebrar 10 a\u00f1os de trayectoria se eligi\u00f3 presentar un ensamble musical de estudiantes y profesores dirigidos por Edgar Dorantes, fundador del movimiento.<\/p>\n<p>Al respecto, Dorantes expres\u00f3: \u201cEs m\u00fasica nueva para ensamble, escrib\u00ed canciones para este programa, con lo cual recuerdo a muchos m\u00fasicos que ya se fueron\u201d.<\/p>\n<p>&nbsp;<\/p>\n<div id=\"attachment_42555\" style=\"width: 732px\" class=\"wp-caption aligncenter\"><a href=\"https:\/\/www.uv.mx\/prensa\/files\/2018\/02\/230218-jazzuv-2.jpg\"><img loading=\"lazy\" decoding=\"async\" aria-describedby=\"caption-attachment-42555\" class=\"size-full wp-image-42555\" src=\"https:\/\/www.uv.mx\/prensa\/files\/2018\/02\/230218-jazzuv-2.jpg\" alt=\"\" width=\"722\" height=\"481\" srcset=\"https:\/\/www.uv.mx\/prensa\/files\/2018\/02\/230218-jazzuv-2.jpg 722w, https:\/\/www.uv.mx\/prensa\/files\/2018\/02\/230218-jazzuv-2-300x200.jpg 300w\" sizes=\"auto, (max-width: 722px) 100vw, 722px\" \/><\/a><p id=\"caption-attachment-42555\" class=\"wp-caption-text\">La rectora Sara Ladr\u00f3n de Guevara estuvo presente<\/p><\/div>\n<p>&nbsp;<\/p>\n<p>La pieza que abri\u00f3 la presentaci\u00f3n musical fue <em>Gran fuga<\/em>, Edgar Dorantes explic\u00f3 que es un encuentro imaginario entre Charles Mingus y Johann Sebastian Bach. Le sigui\u00f3 <em>Fantas\u00eda<\/em>, dedicada a la cantante y pianista Shirley Hon.<\/p>\n<p>El concierto continu\u00f3 con <em>Movimiento<\/em>, que es un encuentro musical entre Mozart y Warby Parker; <em>Coral<\/em>, dedicada a Bill Evans; <em>Improvisaci\u00f3n<\/em>, fue escrita para Erik Satie; <em>He\u00b4s coming!<\/em>, comparti\u00f3 que la compuso cuando \u00e9l y su esposa esperaban la llegada de su hijo.<\/p>\n<p>Con cada una de las interpretaciones emocion\u00f3 a los asistentes, quienes lo expresaron con aplausos constantes, ovaciones e incluso chiflidos. En tanto, el maestro en todo momento estuvo contento y emocionado de volver a dirigir a la Big Band <em>Jazzuv<\/em>.<\/p>\n<p>Antes de concluir la velada musical, se hizo un breve receso para que la Rectora y Rafael Alcal\u00e1 partieran un pastel conmemorativo, mientras se interpretaban las ma\u00f1anitas por los 10 a\u00f1os de arduo trabajo educativo y de difusi\u00f3n musical.<\/p>\n<p>El concierto finaliz\u00f3 con las dos \u00faltimas piezas musicales: <em>Transici\u00f3n<\/em> y <em>Revelaci\u00f3n<\/em>.<\/p>\n<p>El festejo continu\u00f3 con una <em>jam Session <\/em>en las instalaciones del <em>Jazzuv<\/em>, donde convivieron m\u00fasicos, estudiantes, profesores y dem\u00e1s invitados.<\/p>\n<p>&nbsp;<\/p>\n<p><strong><em>Jazzuv<\/em><\/strong><strong> ha consolidado su programa educativo<\/strong><\/p>\n<p>Rafael Alcal\u00e1 comparti\u00f3 que a lo largo de 10 a\u00f1os, el centro de estudios ha consolidado su programa educativo no s\u00f3lo en Xalapa, tambi\u00e9n en el estado y el pa\u00eds, gracias al apoyo recibido por las autoridades de la UV, sector p\u00fablico y privado, as\u00ed como de todo el p\u00fablico.<\/p>\n<p>Mencion\u00f3 que durante esta d\u00e9cada han contado con estudiantes provenientes de m\u00e1s de 20 estados de la Rep\u00fablica Mexicana y de cinco pa\u00edses latinoamericanos. Adem\u00e1s de la docencia, esta entidad acad\u00e9mica realiza m\u00e1s de 50 presentaciones art\u00edsticas cada semestre.<\/p>\n<p>Han contado con la presencia y participaci\u00f3n de m\u00e1s de 150 m\u00fasicos en las ocho ediciones del Festival Internacional <em>Jazzuv<\/em>, en los seminarios, conciertos, clases maestras, foros acad\u00e9micos y diversas actividades art\u00edsticas.<\/p>\n<p>En este semestre, <em>Jazzuv<\/em> tiene nueve estudiantes de movilidad de M\u00e9xico, Cuba y Colombia, \u201ces la primera vez que tenemos a tantos alumnos que vienen de fuera a estudiar jazz\u201d.<\/p>\n<p>&nbsp;<\/p>\n<div id=\"attachment_42543\" style=\"width: 732px\" class=\"wp-caption aligncenter\"><a href=\"https:\/\/www.uv.mx\/prensa\/files\/2018\/02\/230218-jazzuv-4.jpg\"><img loading=\"lazy\" decoding=\"async\" aria-describedby=\"caption-attachment-42543\" class=\"size-full wp-image-42543\" src=\"https:\/\/www.uv.mx\/prensa\/files\/2018\/02\/230218-jazzuv-4.jpg\" alt=\"\" width=\"722\" height=\"481\" srcset=\"https:\/\/www.uv.mx\/prensa\/files\/2018\/02\/230218-jazzuv-4.jpg 722w, https:\/\/www.uv.mx\/prensa\/files\/2018\/02\/230218-jazzuv-4-300x200.jpg 300w\" sizes=\"auto, (max-width: 722px) 100vw, 722px\" \/><\/a><p id=\"caption-attachment-42543\" class=\"wp-caption-text\">Asisti\u00f3 un importante n\u00famero de j\u00f3venes y p\u00fablico diverso<\/p><\/div>\n<p>&nbsp;<\/p>\n","protected":false},"excerpt":{"rendered":"<p><strong><em>Paola Cort\u00e9s.-<\/em><\/strong> Durante esta d\u00e9cada han contado con estudiantes provenientes de m\u00e1s de 20 estados de la Rep\u00fablica Mexicana y de cinco pa\u00edses latinoamericanos.<\/p>\n","protected":false},"author":1869,"featured_media":42545,"comment_status":"closed","ping_status":"closed","sticky":false,"template":"","format":"standard","meta":{"footnotes":""},"categories":[11],"tags":[162],"class_list":["post-42549","post","type-post","status-publish","format-standard","has-post-thumbnail","hentry","category-cultura","tag-jazzuv"],"_links":{"self":[{"href":"https:\/\/www.uv.mx\/prensa\/wp-json\/wp\/v2\/posts\/42549","targetHints":{"allow":["GET"]}}],"collection":[{"href":"https:\/\/www.uv.mx\/prensa\/wp-json\/wp\/v2\/posts"}],"about":[{"href":"https:\/\/www.uv.mx\/prensa\/wp-json\/wp\/v2\/types\/post"}],"author":[{"embeddable":true,"href":"https:\/\/www.uv.mx\/prensa\/wp-json\/wp\/v2\/users\/1869"}],"replies":[{"embeddable":true,"href":"https:\/\/www.uv.mx\/prensa\/wp-json\/wp\/v2\/comments?post=42549"}],"version-history":[{"count":0,"href":"https:\/\/www.uv.mx\/prensa\/wp-json\/wp\/v2\/posts\/42549\/revisions"}],"wp:featuredmedia":[{"embeddable":true,"href":"https:\/\/www.uv.mx\/prensa\/wp-json\/wp\/v2\/media\/42545"}],"wp:attachment":[{"href":"https:\/\/www.uv.mx\/prensa\/wp-json\/wp\/v2\/media?parent=42549"}],"wp:term":[{"taxonomy":"category","embeddable":true,"href":"https:\/\/www.uv.mx\/prensa\/wp-json\/wp\/v2\/categories?post=42549"},{"taxonomy":"post_tag","embeddable":true,"href":"https:\/\/www.uv.mx\/prensa\/wp-json\/wp\/v2\/tags?post=42549"}],"curies":[{"name":"wp","href":"https:\/\/api.w.org\/{rel}","templated":true}]}}