{"id":42547,"date":"2018-02-26T09:18:30","date_gmt":"2018-02-26T15:18:30","guid":{"rendered":"https:\/\/www.uv.mx\/prensa\/?p=42547"},"modified":"2018-04-03T11:24:48","modified_gmt":"2018-04-03T16:24:48","slug":"en-la-uv-expertos-en-salud-compartiran-conocimientos","status":"publish","type":"post","link":"https:\/\/www.uv.mx\/prensa\/eventos\/en-la-uv-expertos-en-salud-compartiran-conocimientos\/","title":{"rendered":"En la UV, expertos en salud compartir\u00e1n conocimientos"},"content":{"rendered":"<ul>\n<li><em>El 1er Congreso de Salud Sexual y Reproductiva es organizado por la Cl\u00ednica de Salud Reproductiva y Sexual<\/em><\/li>\n<li><em>Se desarrollar\u00e1 del 19 al 21 de abril y est\u00e1 dirigido a m\u00e9dicos, investigadores, profesionales de la salud y p\u00fablico interesado<\/em><\/li>\n<\/ul>\n<p>&nbsp;<\/p>\n<div id=\"attachment_42553\" style=\"width: 732px\" class=\"wp-caption aligncenter\"><a href=\"https:\/\/www.uv.mx\/prensa\/files\/2018\/02\/250218-edusex-2.jpg\"><img loading=\"lazy\" decoding=\"async\" aria-describedby=\"caption-attachment-42553\" class=\"wp-image-42553 size-full\" src=\"https:\/\/www.uv.mx\/prensa\/files\/2018\/02\/250218-edusex-2.jpg\" alt=\"\" width=\"722\" height=\"481\" srcset=\"https:\/\/www.uv.mx\/prensa\/files\/2018\/02\/250218-edusex-2.jpg 722w, https:\/\/www.uv.mx\/prensa\/files\/2018\/02\/250218-edusex-2-300x200.jpg 300w\" sizes=\"auto, (max-width: 722px) 100vw, 722px\" \/><\/a><p id=\"caption-attachment-42553\" class=\"wp-caption-text\">Se aproxima el 1er Congreso de Salud Sexual y Reproductiva<\/p><\/div>\n<p>&nbsp;<\/p>\n<p><strong><em>Jos\u00e9 Luis <\/em><\/strong><strong><em>Couttolenc<\/em><\/strong><strong><em> Soto<\/em><\/strong><\/p>\n<p><strong><em>26\/02\/2018, Xalapa, Ver.-<\/em><\/strong> Destacados profesionales de la medicina compartir\u00e1n conocimientos durante el 1er Congreso de Salud Sexual y Reproductiva, organizado por la <a href=\"https:\/\/www.uv.mx\/cusrs\" target=\"_blank\" rel=\"noopener\">Cl\u00ednica Universitaria de Salud Reproductiva y Sexual<\/a> (CUSRS) de la Universidad Veracruzana (UV) y que tendr\u00e1 lugar del 19 al 21 de abril.<\/p>\n<p>El evento se llevar\u00e1 a cabo en coordinaci\u00f3n con el Centro Nacional de Equidad de G\u00e9nero y Salud Reproductiva (CNEGSR) de la Secretar\u00eda de Salud (SS) Federal y el Instituto Nacional de Perinatolog\u00eda (<em>INPer<\/em>), y tendr\u00e1 como sede conocido hotel del centro de la capital veracruzana.<\/p>\n<p>Constituir\u00e1 un espacio com\u00fan para m\u00e9dicos, investigadores, acad\u00e9micos, profesionales de la salud, estudiantes y p\u00fablico interesado en los temas de la salud sexual y reproductiva con perspectiva de g\u00e9nero.<\/p>\n<p>A la fecha han confirmado su participaci\u00f3n Aurora del R\u00edo Zolezzi, directora general adjunta de Equidad de G\u00e9nero y Salud Reproductiva del CNEGSR, quien abordar\u00e1 el tema \u201cEquidad de g\u00e9nero\u201d; Mireya Toto Guti\u00e9rrez, del Instituto de Investigaciones Jur\u00eddicas (IIJ) de la UV, hablar\u00e1 de \u201cDerechos Humanos y v\u00edctimas\u201d; Juan Moreno Espinosa, gerente de Asuntos Cient\u00edficos IDD. Latinoam\u00e9rica. ICTZE-M\u00e9xico, expondr\u00e1 \u201cVIH-SIDA, de la evaluaci\u00f3n del diagn\u00f3stico a la erradicaci\u00f3n\u201d.<\/p>\n<p>Francisco Rodr\u00edguez Covarrubias, del Instituto Nacional de Ciencias M\u00e9dicas y Nutrici\u00f3n \u201cSalvador Zubir\u00e1n\u201d, participar\u00e1 con la exposici\u00f3n \u201cC\u00e1ncer de pr\u00f3stata. Estado actual\u201d; Gerardo Eloy Aureoles L\u00f3pez, de la Federaci\u00f3n Mexicana de Ginecolog\u00eda y Obstetricia, abordar\u00e1 \u201cMarcadores gen\u00e9ticos y estudio estructural en embarazo obtenidos por m\u00e9todos de alta complejidad\u201d; Eduardo Antonio Maafs Molina, del Hospital \u00c1ngeles Londres, ofrecer\u00e1 su charla sobre \u201cC\u00e1ncer de mama\u201d.<\/p>\n<p>Asimismo, Jos\u00e9 \u00c1ngel Aguilar Gil, coordinador de la Red Nacional Democracia y Salud, expondr\u00e1 \u201cLa sexualidad de los varones\u201d; Jos\u00e9 de Jes\u00fas S\u00e1nchez Dom\u00ednguez, del Colegio Xalape\u00f1o de Ginecolog\u00eda y Obstetricia, hablar\u00e1 sobre \u201cObesidad y embarazo. Una epidemia en M\u00e9xico\u201d; Jos\u00e9 Alan\u00eds Fuentes, del Hospital General \u201cManuel Gea Gonz\u00e1lez\u201d, abordar\u00e1 \u201cHisteroscop\u00eda en el embarazo\u201d.<\/p>\n<p>Adem\u00e1s, Nancy Sierra Lozada, directora del Centro de Diagn\u00f3stico Prenatal Diapren, har\u00e1 lo propio con el tema \u201cImportancia e implementaci\u00f3n del escrutinio de cardiopat\u00eda fetal\u201d; M\u00f3nica Aguinaga R\u00edos, jefa del Departamento de Gen\u00e9tica y Gen\u00f3mica Humana del <em>INPer<\/em>, expondr\u00e1 \u201cEstrategia de manejo interdisciplinario de muerte fetal en un centro de tercer nivel\u201d, y Rodrigo Zamora Escudero, director m\u00e9dico del <em>INPer<\/em>, hablar\u00e1 sobre \u201cMortalidad materna y perinatal en M\u00e9xico y experiencia en un centro de tercer nivel\u201d.<\/p>\n<p>Para mayores informes llamar al tel\u00e9fono (228) 8421700, extensiones 10352 y 10355, o dirigirse a los correos <a href=\"mailto:cydiaz@uv.mx\">cydiaz@uv.mx<\/a> y <a href=\"mailto:cihernandez@uv.mx\">cihernandez@uv.mx<\/a><\/p>\n<p>&nbsp;<\/p>\n<p>&nbsp;<\/p>\n","protected":false},"excerpt":{"rendered":"<p><strong> <em>Jos\u00e9 Luis Couttolenc.-<\/em> <\/strong> Asistir\u00e1n Aurora del R\u00edo Zolezzi, Juan Moreno Espinosa, Francisco Rodr\u00edguez Covarrubias, Gerardo Eloy Aureoles L\u00f3pez y Jos\u00e9 \u00c1ngel Aguilar Gil, entre otros especialistas<\/p>\n","protected":false},"author":1508,"featured_media":42572,"comment_status":"closed","ping_status":"closed","sticky":false,"template":"","format":"standard","meta":{"footnotes":""},"categories":[47,61],"tags":[],"class_list":["post-42547","post","type-post","status-publish","format-standard","has-post-thumbnail","hentry","category-eventos","category-banner"],"_links":{"self":[{"href":"https:\/\/www.uv.mx\/prensa\/wp-json\/wp\/v2\/posts\/42547","targetHints":{"allow":["GET"]}}],"collection":[{"href":"https:\/\/www.uv.mx\/prensa\/wp-json\/wp\/v2\/posts"}],"about":[{"href":"https:\/\/www.uv.mx\/prensa\/wp-json\/wp\/v2\/types\/post"}],"author":[{"embeddable":true,"href":"https:\/\/www.uv.mx\/prensa\/wp-json\/wp\/v2\/users\/1508"}],"replies":[{"embeddable":true,"href":"https:\/\/www.uv.mx\/prensa\/wp-json\/wp\/v2\/comments?post=42547"}],"version-history":[{"count":0,"href":"https:\/\/www.uv.mx\/prensa\/wp-json\/wp\/v2\/posts\/42547\/revisions"}],"wp:featuredmedia":[{"embeddable":true,"href":"https:\/\/www.uv.mx\/prensa\/wp-json\/wp\/v2\/media\/42572"}],"wp:attachment":[{"href":"https:\/\/www.uv.mx\/prensa\/wp-json\/wp\/v2\/media?parent=42547"}],"wp:term":[{"taxonomy":"category","embeddable":true,"href":"https:\/\/www.uv.mx\/prensa\/wp-json\/wp\/v2\/categories?post=42547"},{"taxonomy":"post_tag","embeddable":true,"href":"https:\/\/www.uv.mx\/prensa\/wp-json\/wp\/v2\/tags?post=42547"}],"curies":[{"name":"wp","href":"https:\/\/api.w.org\/{rel}","templated":true}]}}