{"id":42522,"date":"2018-02-23T20:53:51","date_gmt":"2018-02-24T02:53:51","guid":{"rendered":"https:\/\/www.uv.mx\/prensa\/?p=42522"},"modified":"2018-04-03T12:00:37","modified_gmt":"2018-04-03T17:00:37","slug":"naturaleza-cerebro-y-conducta-recopila-logros-del-instituto-de-neuroetologia","status":"publish","type":"post","link":"https:\/\/www.uv.mx\/prensa\/general\/naturaleza-cerebro-y-conducta-recopila-logros-del-instituto-de-neuroetologia\/","title":{"rendered":"Naturaleza, cerebro y conducta recopila logros del Instituto de Neuroetolog\u00eda"},"content":{"rendered":"<ul>\n<li><em>Es un libro conformado por 300 p\u00e1ginas y 17 cap\u00edtulos que destaca los logros de grupos de investigaci\u00f3n<\/em><\/li>\n<\/ul>\n<p><em>\u00a0<\/em><\/p>\n<div id=\"attachment_42520\" style=\"width: 732px\" class=\"wp-caption aligncenter\"><a href=\"https:\/\/www.uv.mx\/prensa\/files\/2018\/02\/220218-libro-neuroetologia-1.jpg\"><img loading=\"lazy\" decoding=\"async\" aria-describedby=\"caption-attachment-42520\" class=\"size-full wp-image-42520\" src=\"https:\/\/www.uv.mx\/prensa\/files\/2018\/02\/220218-libro-neuroetologia-1.jpg\" alt=\"\" width=\"722\" height=\"661\" srcset=\"https:\/\/www.uv.mx\/prensa\/files\/2018\/02\/220218-libro-neuroetologia-1.jpg 722w, https:\/\/www.uv.mx\/prensa\/files\/2018\/02\/220218-libro-neuroetologia-1-300x275.jpg 300w\" sizes=\"auto, (max-width: 722px) 100vw, 722px\" \/><\/a><p id=\"caption-attachment-42520\" class=\"wp-caption-text\">Porfirio Carrillo Castilla, investigador del Instituto de Neuroetolog\u00eda<\/p><\/div>\n<p>&nbsp;<\/p>\n<p><strong><em>Claudia Peralta V\u00e1zquez<\/em><\/strong><\/p>\n<p><strong><em>23\/02\/2018, Xalapa, Ver.- <\/em><\/strong><em>Naturaleza, cerebro y conducta<\/em> es un libro que recopila los 25 a\u00f1os de existencia del <a href=\"https:\/\/www.uv.mx\/neuro\/\" target=\"_blank\" rel=\"noopener\">Instituto de Neuroetolog\u00eda<\/a> (IN) de la Universidad Veracruzana (UV), y que a partir de marzo estar\u00e1 disponible para los lectores a trav\u00e9s de la Biblioteca Virtual de esta casa de estudios.<\/p>\n<p>El a\u00f1o pasado, con motivo del festejo de aniversario, fue presentado dicho trabajo editorial producto de la aportaci\u00f3n y esfuerzo de investigadores, estudiantes de licenciatura, maestr\u00eda, doctorado, prestadores de servicio social y becarios.<\/p>\n<p>Sobre este ejemplar conformado por 300 p\u00e1ginas, 17 cap\u00edtulos y publicado por las editoriales C\u00f3dice y de la UV, Porfirio Carrillo Castilla, acad\u00e9mico del IN, destac\u00f3 que cualquier libro abre un conjunto de conocimientos, historias, datos, mapas o figuras, pero tambi\u00e9n una tradici\u00f3n porque \u00e9ste no se entiende si no es a trav\u00e9s de un proceso hist\u00f3rico de un lugar en el tiempo y en el espacio.<\/p>\n<p><em>Naturaleza, cerebro y conducta<\/em>, dirigido a lectores interesados en estos temas, refleja el trabajo del IN, referente hist\u00f3rico de la ciencia de la m\u00e1xima casa de estudios, sobre todo de la experimental y biol\u00f3gica.<\/p>\n<p>\u201cLos grupos de investigaci\u00f3n que hacemos Neuroetolog\u00eda decidimos elaborar un libro para describir qu\u00e9 hemos hecho en estos cinco lustros, cu\u00e1l es el estado que guarda la investigaci\u00f3n, cu\u00e1les son los principales hallazgos e ideas, c\u00f3mo ha cambiado el estudio de la naturaleza y de la conducta.\u201d<\/p>\n<p>Dentro de la parte acad\u00e9mica y de conocimiento, el interesado en consultar este trabajo editorial tambi\u00e9n leer\u00e1 sobre la adaptaci\u00f3n de los humanos como entes biol\u00f3gicos y sociales a la naturaleza, para lo cual nos hemos valido de una herramienta poderosa que es la conducta, que a su vez es tan variada, diversa y permite adecuarnos a los cambios y situaciones que la naturaleza nos impone.<\/p>\n<p>El mediador entre la naturaleza y la conducta es el cerebro, que junto con el sistema nervioso central regula y controla las conductas que forman parte de nuestro incre\u00edble mecanismo de adaptaci\u00f3n, subray\u00f3.<\/p>\n<p>Es as\u00ed como se expresa la neuroetolog\u00eda, a trav\u00e9s del estudio de las conductas en los medios ambientes naturales, en laboratorios, del cerebro, emociones en modelos animales, depresi\u00f3n, efecto de las neuronas tiroideas durante la gestaci\u00f3n de la madre y su influencia en el feto.<\/p>\n<p>El libro tambi\u00e9n aborda el desarrollo de las cr\u00edas posterior a su nacimiento y c\u00f3mo su cerebro crece exponencialmente, qu\u00e9 le pasa a los primates cuando ocurren los ciclones y c\u00f3mo se adaptan a los cambios ambientales.<\/p>\n<p>Asimismo, incluye estudios de la migraci\u00f3n de tortugas al mar, de las hormigas y sus modelos de comportamiento, y de c\u00f3mo se adaptan a las sequ\u00edas.<\/p>\n<p>Tambi\u00e9n sobresalen investigaciones acerca de modelos que desde la neuroetolog\u00eda sirven para estudiar enfermedades propias del ser humano, as\u00ed como el avance de la gen\u00e9tica.<\/p>\n<p>Carrillo Castilla dio a conocer que desde la coordinaci\u00f3n del posgrado fue escrito un cap\u00edtulo que habla de la formaci\u00f3n de recursos humanos, \u201cc\u00f3mo estamos formando a los nuevos maestros y doctores en Neuroetolog\u00eda, cu\u00e1l es la filosof\u00eda detr\u00e1s de esto y c\u00f3mo se busca la calidad a trav\u00e9s del padr\u00f3n del Consejo Nacional de Ciencia y Tecnolog\u00eda (<em>Conacyt<\/em>)\u201d.<\/p>\n<p>Para concluir, resalt\u00f3 que los cap\u00edtulos est\u00e1n escritos con un lenguaje acad\u00e9mico muy riguroso y cuidado para ser entendido por el p\u00fablico en general.<\/p>\n","protected":false},"excerpt":{"rendered":"<p><strong><em>Claudia Peralta.-<\/em><\/strong> El volumen es de f\u00e1cil lectura para todo p\u00fablico; estar\u00e1 disponible a partir de marzo, a trav\u00e9s de la Biblioteca Virtual de la UV<\/p>\n","protected":false},"author":1869,"featured_media":42520,"comment_status":"closed","ping_status":"closed","sticky":false,"template":"","format":"standard","meta":{"footnotes":""},"categories":[1],"tags":[179,79],"class_list":["post-42522","post","type-post","status-publish","format-standard","has-post-thumbnail","hentry","category-general","tag-instituto-de-neuroetologia","tag-neuroetologia"],"_links":{"self":[{"href":"https:\/\/www.uv.mx\/prensa\/wp-json\/wp\/v2\/posts\/42522","targetHints":{"allow":["GET"]}}],"collection":[{"href":"https:\/\/www.uv.mx\/prensa\/wp-json\/wp\/v2\/posts"}],"about":[{"href":"https:\/\/www.uv.mx\/prensa\/wp-json\/wp\/v2\/types\/post"}],"author":[{"embeddable":true,"href":"https:\/\/www.uv.mx\/prensa\/wp-json\/wp\/v2\/users\/1869"}],"replies":[{"embeddable":true,"href":"https:\/\/www.uv.mx\/prensa\/wp-json\/wp\/v2\/comments?post=42522"}],"version-history":[{"count":0,"href":"https:\/\/www.uv.mx\/prensa\/wp-json\/wp\/v2\/posts\/42522\/revisions"}],"wp:featuredmedia":[{"embeddable":true,"href":"https:\/\/www.uv.mx\/prensa\/wp-json\/wp\/v2\/media\/42520"}],"wp:attachment":[{"href":"https:\/\/www.uv.mx\/prensa\/wp-json\/wp\/v2\/media?parent=42522"}],"wp:term":[{"taxonomy":"category","embeddable":true,"href":"https:\/\/www.uv.mx\/prensa\/wp-json\/wp\/v2\/categories?post=42522"},{"taxonomy":"post_tag","embeddable":true,"href":"https:\/\/www.uv.mx\/prensa\/wp-json\/wp\/v2\/tags?post=42522"}],"curies":[{"name":"wp","href":"https:\/\/api.w.org\/{rel}","templated":true}]}}