{"id":4249,"date":"2015-10-29T15:06:09","date_gmt":"2015-10-29T21:06:09","guid":{"rendered":"https:\/\/www.uv.mx\/prensa\/?p=4249"},"modified":"2015-10-29T15:06:09","modified_gmt":"2015-10-29T21:06:09","slug":"ceeepor-uv-festejo-su-40-aniversario","status":"publish","type":"post","link":"https:\/\/www.uv.mx\/prensa\/general\/ceeepor-uv-festejo-su-40-aniversario\/","title":{"rendered":"Ceeepor UV festej\u00f3 su 40 aniversario"},"content":{"rendered":"<p>&nbsp;<\/p>\n<ul>\n<li><em>Jornadas de Atenci\u00f3n Integral a la Educaci\u00f3n Especial<\/em><\/li>\n<li><em>Especialistas impartieron conferencias y talleres<\/em><\/li>\n<\/ul>\n<p>&nbsp;<\/p>\n<p><strong><em>Alma Celia San Mart\u00edn<\/em><\/strong><\/p>\n<p>&nbsp;<\/p>\n<p><strong><em>Poza Rica, Ver.-<\/em><\/strong> En el marco del 40 aniversario del Centro de Entrenamiento y Educaci\u00f3n Especial de Poza Rica (<em>Ceeepor<\/em>) de la Universidad Veracruzana (UV), se llevaron a cabo las Cuartas Jornadas de Atenci\u00f3n Integral a la Educaci\u00f3n Especial, en las cuales se analizaron y reflexionaron temas alusivos a la atenci\u00f3n que se le da a la educaci\u00f3n especial, adem\u00e1s se establecieron alianzas y redes con las instituciones participantes.<\/p>\n<p>Respecto de este evento, el vicerrector Jos\u00e9 Luis Alan\u00eds M\u00e9ndez dijo que estas jornadas generaron iniciativas y propiciaron el intercambio de conocimientos para desarrollar metodolog\u00edas en beneficio de la sociedad.<\/p>\n<p>En tanto, la directora de la Facultad de Psicolog\u00eda, Mercedes Margarita M\u00e9ndez Flores, destac\u00f3 las actividades que realiza el equipo de profesionales de la psicolog\u00eda y de la pedagog\u00eda en conjunto con padres y familiares de los ni\u00f1os y j\u00f3venes que atiende el <em>Ceeepor, <\/em>quienes poco a poco han avanzado en la cultura de la inclusi\u00f3n.<\/p>\n<div id=\"attachment_4263\" style=\"width: 310px\" class=\"wp-caption aligncenter\"><a href=\"https:\/\/www.uv.mx\/prensa\/files\/2015\/10\/Jornadas-Ceeepor-1.jpg\"><img aria-describedby=\"caption-attachment-4263\" decoding=\"async\" loading=\"lazy\" class=\"size-medium wp-image-4263\" src=\"https:\/\/www.uv.mx\/prensa\/files\/2015\/10\/Jornadas-Ceeepor-1-300x206.jpg\" alt=\"Especialistas del Instituto Down de Occidente participaron con una conferencia.\" width=\"300\" height=\"206\" srcset=\"https:\/\/www.uv.mx\/prensa\/files\/2015\/10\/Jornadas-Ceeepor-1-300x206.jpg 300w, https:\/\/www.uv.mx\/prensa\/files\/2015\/10\/Jornadas-Ceeepor-1.jpg 641w\" sizes=\"(max-width: 300px) 100vw, 300px\" \/><\/a><p id=\"caption-attachment-4263\" class=\"wp-caption-text\">Especialistas del Instituto Down de Occidente participaron con una conferencia.<\/p><\/div>\n<p>Entre las actividades destacaron las conferencias \u201cS\u00edndrome de Down y estrategias de intervenci\u00f3n\u201d, a cargo de especialistas del Instituto Down de Occidente; \u201cRetos y desaf\u00edos del docente ante la pr\u00e1ctica inclusiva dentro del aula\u201d, por Adriana P\u00e9rez de los Santos, voluntaria del <em>Ceeepor<\/em>; \u201cLa inclusi\u00f3n, un reto para la educaci\u00f3n\u201d, a cargo de Guadalupe Vargas Garc\u00eda y Adriana Arriaga Parada.<\/p>\n<p>\u201cLa intervenci\u00f3n en la educaci\u00f3n especial\u201d, por Carolina Olmos Cuervo, del CRIE Papantla; \u201cM\u00e1s all\u00e1 de la discapacidad intelectual\u2026 una mirada multidimensional\u201d, a cargo de Gisela del Carmen Nolasco Villalobos, y \u201cCalidad de vida de las personas con condici\u00f3n de espectro autista\u201d, por Eduardo D\u00edaz Tenopala, director de Enlace Autista, A.C.<\/p>\n<p>Adem\u00e1s se realizaron talleres sobre terapia ocupacional y laboral, as\u00ed como la tradicional expo-venta de bisuter\u00eda y botanas por parte de los estudiantes del Centro.<\/p>\n<div id=\"attachment_4264\" style=\"width: 310px\" class=\"wp-caption aligncenter\"><a href=\"https:\/\/www.uv.mx\/prensa\/files\/2015\/10\/Jornadas-Ceeepor-2.jpg\"><img aria-describedby=\"caption-attachment-4264\" decoding=\"async\" loading=\"lazy\" class=\"size-medium wp-image-4264\" src=\"https:\/\/www.uv.mx\/prensa\/files\/2015\/10\/Jornadas-Ceeepor-2-300x169.jpg\" alt=\"Estudiantes del Ceeepor participaron en la tradicional expo-venta de bisuter\u00eda.\" width=\"300\" height=\"169\" srcset=\"https:\/\/www.uv.mx\/prensa\/files\/2015\/10\/Jornadas-Ceeepor-2-300x169.jpg 300w, https:\/\/www.uv.mx\/prensa\/files\/2015\/10\/Jornadas-Ceeepor-2.jpg 611w\" sizes=\"(max-width: 300px) 100vw, 300px\" \/><\/a><p id=\"caption-attachment-4264\" class=\"wp-caption-text\">Estudiantes del Ceeepor participaron en la tradicional expo-venta de bisuter\u00eda.<\/p><\/div>\n<p>Isnarda Cruz Casanova, coordinadora del <em>Ceeepor<\/em>, se\u00f1al\u00f3 que en los \u00faltimos a\u00f1os se ha tenido un importante avance en la cultura de la inclusi\u00f3n y cada vez es mayor el n\u00famero de personas que se acercan a esta instituci\u00f3n para conocer m\u00e1s acerca del tema.<\/p>\n<p>Estuvieron presentes la directora de la Facultad de Pedagog\u00eda, Juliana Gonz\u00e1lez Pi\u00f1eiro; las coordinadoras de Sustentabilidad y Posgrado, Griselda Garc\u00eda Garc\u00eda y Elba Mar\u00eda M\u00e9ndez Casanova, as\u00ed como acad\u00e9micos de diferentes facultades y estudiantes.<\/p>\n<p>Las jornadas se llevaron a cabo en la sala de videoconferencias de la USBI Poza Rica.<\/p>\n","protected":false},"excerpt":{"rendered":"<p>&nbsp; Jornadas de Atenci\u00f3n Integral a la Educaci\u00f3n Especial Especialistas impartieron conferencias y talleres &nbsp; Alma Celia San Mart\u00edn &nbsp; Poza Rica, Ver.- En el marco del 40 aniversario del Centro de [&hellip;]<\/p>\n","protected":false},"author":1810,"featured_media":4266,"comment_status":"closed","ping_status":"closed","sticky":false,"template":"","format":"standard","meta":[],"categories":[1],"tags":[3],"_links":{"self":[{"href":"https:\/\/www.uv.mx\/prensa\/wp-json\/wp\/v2\/posts\/4249"}],"collection":[{"href":"https:\/\/www.uv.mx\/prensa\/wp-json\/wp\/v2\/posts"}],"about":[{"href":"https:\/\/www.uv.mx\/prensa\/wp-json\/wp\/v2\/types\/post"}],"author":[{"embeddable":true,"href":"https:\/\/www.uv.mx\/prensa\/wp-json\/wp\/v2\/users\/1810"}],"replies":[{"embeddable":true,"href":"https:\/\/www.uv.mx\/prensa\/wp-json\/wp\/v2\/comments?post=4249"}],"version-history":[{"count":0,"href":"https:\/\/www.uv.mx\/prensa\/wp-json\/wp\/v2\/posts\/4249\/revisions"}],"wp:featuredmedia":[{"embeddable":true,"href":"https:\/\/www.uv.mx\/prensa\/wp-json\/wp\/v2\/media\/4266"}],"wp:attachment":[{"href":"https:\/\/www.uv.mx\/prensa\/wp-json\/wp\/v2\/media?parent=4249"}],"wp:term":[{"taxonomy":"category","embeddable":true,"href":"https:\/\/www.uv.mx\/prensa\/wp-json\/wp\/v2\/categories?post=4249"},{"taxonomy":"post_tag","embeddable":true,"href":"https:\/\/www.uv.mx\/prensa\/wp-json\/wp\/v2\/tags?post=4249"}],"curies":[{"name":"wp","href":"https:\/\/api.w.org\/{rel}","templated":true}]}}