{"id":42426,"date":"2018-02-22T17:29:50","date_gmt":"2018-02-22T23:29:50","guid":{"rendered":"https:\/\/www.uv.mx\/prensa\/?p=42426"},"modified":"2018-02-22T17:29:50","modified_gmt":"2018-02-22T23:29:50","slug":"guerra-mexico-eeuu-ejemplo-de-como-ganar-territorios","status":"publish","type":"post","link":"https:\/\/www.uv.mx\/prensa\/general\/guerra-mexico-eeuu-ejemplo-de-como-ganar-territorios\/","title":{"rendered":"Guerra M\u00e9xico-EEUU, ejemplo de c\u00f3mo ganar territorios"},"content":{"rendered":"<ul>\n<li><em>El profesor y escritor afirm\u00f3 que <\/em><em>el presidente James F. Polk provoc\u00f3 una guerra para hacerse de Nuevo M\u00e9xico y California<\/em><\/li>\n<\/ul>\n<p>&nbsp;<\/p>\n<div id=\"attachment_42427\" style=\"width: 732px\" class=\"wp-caption aligncenter\"><a href=\"https:\/\/www.uv.mx\/prensa\/files\/2018\/02\/La-guerra-de-1846-1.jpg\"><img loading=\"lazy\" decoding=\"async\" aria-describedby=\"caption-attachment-42427\" class=\"size-full wp-image-42427\" src=\"https:\/\/www.uv.mx\/prensa\/files\/2018\/02\/La-guerra-de-1846-1.jpg\" alt=\"\" width=\"722\" height=\"481\" srcset=\"https:\/\/www.uv.mx\/prensa\/files\/2018\/02\/La-guerra-de-1846-1.jpg 722w, https:\/\/www.uv.mx\/prensa\/files\/2018\/02\/La-guerra-de-1846-1-300x200.jpg 300w\" sizes=\"auto, (max-width: 722px) 100vw, 722px\" \/><\/a><p id=\"caption-attachment-42427\" class=\"wp-caption-text\">Peter Guardino present\u00f3 su \u00faltimo libro en el IIH-S<\/p><\/div>\n<p>&nbsp;<\/p>\n<p><strong><em>Jos\u00e9 Luis <\/em><\/strong><strong><em>Couttolenc<\/em><\/strong><strong><em> Soto<\/em><\/strong><\/p>\n<p><strong><em>22\/02\/2018, Xalapa, Ver.-<\/em><\/strong> Peter Guardino, profesor e investigador del Departamento de Historia de la Universidad de Indiana, present\u00f3 su m\u00e1s reciente libro: <em>The Dead March. A History of the Mexico-American War<\/em> (<em>La marcha f\u00fanebre. Una historia de la guerra entre M\u00e9xico y los Estados Unidos<\/em>), en el Instituto de Investigaciones Hist\u00f3rico-Sociales (IIH-S) de la Universidad Veracruzana (UV).<\/p>\n<p>Invitado por el Doctorado en Historia y Estudios Regionales, el estadounidense comparti\u00f3 sus experiencias dentro de la investigaci\u00f3n historiogr\u00e1fica.<\/p>\n<p>Sostuvo que el texto presentado aborda la guerra de 1846 a 1848 entre su pa\u00eds y el nuestro: \u201cen aquella \u00e9poca los EEUU buscaban expandirse a costa de M\u00e9xico, el presidente James F. Polk provoc\u00f3 una guerra para hacerse de Nuevo M\u00e9xico y California, pero llevaba adem\u00e1s los estados actuales de Nevada, Colorado, Arizona y Texas, era como un robo de tierra, pens\u00f3 que pod\u00eda intimidar a M\u00e9xico y robar todo eso sin guerra o una guerra muy peque\u00f1a, pero no fue as\u00ed porque por poco m\u00e1s de dos a\u00f1os los mexicanos resistieron mucho\u201d.<\/p>\n<p>Reconoci\u00f3 que este violento episodio dej\u00f3 una experiencia muy triste y muy agria para los mexicanos, y para los estadounidenses una experiencia triunfal a medias porque ocult\u00f3 el costo de esa guerra.<\/p>\n<p>En este libro, explic\u00f3, no aborda espec\u00edficamente los t\u00f3picos de la guerra, sino que se centra en el g\u00e9nero, la religi\u00f3n y la raza, examinando de manera concreta c\u00f3mo los soldados y los civiles entendieron y experimentaron el conflicto en las dos naciones; \u201ces una historia social de la guerra, de las experiencias casi siempre tristes de las personas que re\u00fanen para conformar los ej\u00e9rcitos, de las familias que dejan en la extrema pobreza. Es una historia bastante triste\u201d.<\/p>\n<p>Peter Guardino expuso que desde su juventud tuvo inquietudes en torno a la relaci\u00f3n que guardan los EEUU con el mundo, y en su tarea de historiador se puso a investigar las formas del pensamiento sobre los pa\u00edses, \u201cen donde siempre estamos haciendo comparaciones impl\u00edcitas entre los \u00e9xitos de algunos de \u00e9stos y los fracasos de otros; eso me llev\u00f3 a escribir un libro sobre los EEUU y M\u00e9xico utilizando el episodio de la guerra para hacer una comparaci\u00f3n entre ambos por sus problemas pol\u00edticos y sociales en ese momento\u201d.<\/p>\n<p>Peter Guardino tiene escritos otros dos libros, <em>The Time of Liberty. Popular Political Culture in Oaxaca, 1750-1850<\/em> (<em>El tiempo de la libertad. La cultura pol\u00edtica popular en Oaxaca 1750-1850<\/em>) y <em>Peasants, Politics and the Formation of Mexico\u2019s National State, Guerrero 1800-1857<\/em> (<em>Campesinos, pol\u00edtica y la formaci\u00f3n del Estado Nacional de M\u00e9xico. Guerrero 1800-1857<\/em>).<\/p>\n<p>El historiador considera a la Universidad Veracruzana como \u201cuna de las mejores universidades de M\u00e9xico, que cuenta con carreras y programas acad\u00e9micos de muy buena calidad, y algo importante es el Instituto de Investigaciones Hist\u00f3rico-Sociales en donde se tienen posibilidades de dialogar sobre los problemas del pa\u00eds, y de los retos que enfrentan los mexicanos, adem\u00e1s se hace mucha investigaci\u00f3n y todo eso para m\u00ed es una joya\u201d.<\/p>\n<p>&nbsp;<\/p>\n<div id=\"attachment_42429\" style=\"width: 732px\" class=\"wp-caption aligncenter\"><a href=\"https:\/\/www.uv.mx\/prensa\/files\/2018\/02\/La-guerra-de-1846-2.jpg\"><img loading=\"lazy\" decoding=\"async\" aria-describedby=\"caption-attachment-42429\" class=\"size-full wp-image-42429\" src=\"https:\/\/www.uv.mx\/prensa\/files\/2018\/02\/La-guerra-de-1846-2.jpg\" alt=\"\" width=\"722\" height=\"481\" srcset=\"https:\/\/www.uv.mx\/prensa\/files\/2018\/02\/La-guerra-de-1846-2.jpg 722w, https:\/\/www.uv.mx\/prensa\/files\/2018\/02\/La-guerra-de-1846-2-300x200.jpg 300w\" sizes=\"auto, (max-width: 722px) 100vw, 722px\" \/><\/a><p id=\"caption-attachment-42429\" class=\"wp-caption-text\">The Dead March. A History of the Mexico-American War, reciente libro del investigador de la Universidad de Indiana<\/p><\/div>\n","protected":false},"excerpt":{"rendered":"<p><strong><em>Jos\u00e9 Luis Couttolenc.-<\/em><\/strong> Peter Guardino, profesor e investigador de la Universidad de Indiana, se\u00f1al\u00f3 que dicho episodio hist\u00f3rico fue una experiencia triste para los mexicanos y un \u201ctriunfo a medias\u201d para los estadounidenses<\/p>\n","protected":false},"author":1869,"featured_media":42427,"comment_status":"closed","ping_status":"closed","sticky":false,"template":"","format":"standard","meta":{"footnotes":""},"categories":[1],"tags":[],"class_list":["post-42426","post","type-post","status-publish","format-standard","has-post-thumbnail","hentry","category-general"],"_links":{"self":[{"href":"https:\/\/www.uv.mx\/prensa\/wp-json\/wp\/v2\/posts\/42426","targetHints":{"allow":["GET"]}}],"collection":[{"href":"https:\/\/www.uv.mx\/prensa\/wp-json\/wp\/v2\/posts"}],"about":[{"href":"https:\/\/www.uv.mx\/prensa\/wp-json\/wp\/v2\/types\/post"}],"author":[{"embeddable":true,"href":"https:\/\/www.uv.mx\/prensa\/wp-json\/wp\/v2\/users\/1869"}],"replies":[{"embeddable":true,"href":"https:\/\/www.uv.mx\/prensa\/wp-json\/wp\/v2\/comments?post=42426"}],"version-history":[{"count":0,"href":"https:\/\/www.uv.mx\/prensa\/wp-json\/wp\/v2\/posts\/42426\/revisions"}],"wp:featuredmedia":[{"embeddable":true,"href":"https:\/\/www.uv.mx\/prensa\/wp-json\/wp\/v2\/media\/42427"}],"wp:attachment":[{"href":"https:\/\/www.uv.mx\/prensa\/wp-json\/wp\/v2\/media?parent=42426"}],"wp:term":[{"taxonomy":"category","embeddable":true,"href":"https:\/\/www.uv.mx\/prensa\/wp-json\/wp\/v2\/categories?post=42426"},{"taxonomy":"post_tag","embeddable":true,"href":"https:\/\/www.uv.mx\/prensa\/wp-json\/wp\/v2\/tags?post=42426"}],"curies":[{"name":"wp","href":"https:\/\/api.w.org\/{rel}","templated":true}]}}