{"id":42425,"date":"2018-02-22T17:27:47","date_gmt":"2018-02-22T23:27:47","guid":{"rendered":"https:\/\/www.uv.mx\/prensa\/?p=42425"},"modified":"2021-10-20T10:10:43","modified_gmt":"2021-10-20T15:10:43","slug":"uv-realizo-foro-sobre-seguridad-y-prevencion-del-delito","status":"publish","type":"post","link":"https:\/\/www.uv.mx\/prensa\/regiones\/coatzacoalcos\/uv-realizo-foro-sobre-seguridad-y-prevencion-del-delito\/","title":{"rendered":"UV realiz\u00f3 foro sobre seguridad y prevenci\u00f3n del delito"},"content":{"rendered":"<ul>\n<li><em>En conjunto con la Coordinaci\u00f3n Estatal de la Polic\u00eda Federal de Veracruz<\/em><\/li>\n<\/ul>\n<p>&nbsp;<\/p>\n<div id=\"attachment_42355\" style=\"width: 732px\" class=\"wp-caption aligncenter\"><a href=\"https:\/\/www.uv.mx\/prensa\/files\/2018\/02\/200218-coatza-seguridad-1-100k.jpg\"><img loading=\"lazy\" decoding=\"async\" aria-describedby=\"caption-attachment-42355\" class=\"size-full wp-image-42355\" src=\"https:\/\/www.uv.mx\/prensa\/files\/2018\/02\/200218-coatza-seguridad-1-100k.jpg\" alt=\"\" width=\"722\" height=\"481\" srcset=\"https:\/\/www.uv.mx\/prensa\/files\/2018\/02\/200218-coatza-seguridad-1-100k.jpg 722w, https:\/\/www.uv.mx\/prensa\/files\/2018\/02\/200218-coatza-seguridad-1-100k-300x200.jpg 300w\" sizes=\"auto, (max-width: 722px) 100vw, 722px\" \/><\/a><p id=\"caption-attachment-42355\" class=\"wp-caption-text\">Luis Gustavo S\u00e1nchez entreg\u00f3 un reconocimiento al Vicerrector por la colaboraci\u00f3n y compromiso de la UV<\/p><\/div>\n<p>&nbsp;<\/p>\n<p><strong><em>Cecilia Escribano Reyes<\/em><\/strong><\/p>\n<p><strong><em>22\/02\/2018, Coatzacoalcos, Ver.-<\/em><\/strong> La Universidad Veracruzana (UV) y la Coordinaci\u00f3n Estatal de la Polic\u00eda Federal de Veracruz realizaron el 1er. Foro Estudiantil \u201cSeguridad vial y prevenci\u00f3n del delito\u201d, el martes 20 de febrero en el aula de usos m\u00faltiples de la Facultad de Ingenier\u00eda, evento al que asistieron m\u00e1s de 200 estudiantes de las facultades de la regi\u00f3n Coatzacoalcos-Minatitl\u00e1n.<\/p>\n<p>Alumnos de las facultades de Ingenier\u00eda, Ciencias Qu\u00edmicas, Contadur\u00eda y Administraci\u00f3n y la Escuela de Enfermer\u00eda, conocieron acerca de los temas: Seguridad vial, Violencia de g\u00e9nero y Denuncia ciudadana.<\/p>\n<p>Por parte de la UV, en el pres\u00eddium estuvieron: Carlos Lamothe Zavaleta, vicerrector regional, y Abundio R\u00edos Olvera, coordinador regional del Sistema Universitario de Gesti\u00f3n Integral del Riesgo. Por la Polic\u00eda Federal de Veracruz: Luis Gustavo S\u00e1nchez Bail\u00f3n, titular de la Estaci\u00f3n Coatzacoalcos, y Daniel V\u00e1squez Mondrag\u00f3n, encargado del \u00c1rea de Seguridad Vial.<\/p>\n<p>En su mensaje de bienvenida, el Vicerrector manifest\u00f3 su agradecimiento a la Coordinaci\u00f3n Estatal de la Polic\u00eda Federal de Veracruz por su preocupaci\u00f3n en materia de seguridad: \u201cEste tipo de actividades de car\u00e1cter preventivo son lo mejor, la prevenci\u00f3n es la principal acci\u00f3n, por lo cual les agradezco en nombre de la Universidad su presencia y todo el aprendizaje que obtendremos en este foro\u201d.<\/p>\n<p>La ceremonia de inauguraci\u00f3n estuvo a cargo Luis Gustavo S\u00e1nchez, quien sostuvo que el fin es generar espacios para debatir y estrechar lazos con los estudiantes. \u201cQueremos atender las problem\u00e1ticas en el municipio como violencia de g\u00e9nero, seguridad vial y la denuncia ciudadana, esperamos que este foro sea fruct\u00edfero y provechoso\u201d, expres\u00f3.<\/p>\n<p>Adem\u00e1s, S\u00e1nchez Bail\u00f3n entreg\u00f3 un reconocimiento al Vicerrector por la colaboraci\u00f3n y compromiso de la UV en materia de seguridad universitaria.<\/p>\n<p>Por su parte, la suboficial Ver\u00f3nica Pi\u00f1\u00f3n se\u00f1al\u00f3 que la idea es reforzar v\u00ednculos con la sociedad y prevenir, \u201cqueremos reforzar que estamos trabajando para ustedes, la confianza se gana con hechos y lo estamos logrando\u201d.<\/p>\n<p>Agreg\u00f3 que visitar\u00e1n tambi\u00e9n las regiones universitarias de Xalapa, Veracruz y Poza Rica-Tuxpan, \u201cpretendemos que los j\u00f3venes tengan la confianza y hagan un efecto multiplicador para que lo apliquen en su casa, con las familias, amigos, vecinos, que crezca la cultura de la denuncia\u201d.<\/p>\n<div id=\"attachment_42356\" style=\"width: 491px\" class=\"wp-caption aligncenter\"><a href=\"https:\/\/www.uv.mx\/prensa\/files\/2018\/02\/200218-coatza-seguridad-2-100k.jpg\"><img loading=\"lazy\" decoding=\"async\" aria-describedby=\"caption-attachment-42356\" class=\"size-full wp-image-42356\" src=\"https:\/\/www.uv.mx\/prensa\/files\/2018\/02\/200218-coatza-seguridad-2-100k.jpg\" alt=\"\" width=\"481\" height=\"722\" srcset=\"https:\/\/www.uv.mx\/prensa\/files\/2018\/02\/200218-coatza-seguridad-2-100k.jpg 481w, https:\/\/www.uv.mx\/prensa\/files\/2018\/02\/200218-coatza-seguridad-2-100k-200x300.jpg 200w\" sizes=\"auto, (max-width: 481px) 100vw, 481px\" \/><\/a><p id=\"caption-attachment-42356\" class=\"wp-caption-text\">El titular de la Estaci\u00f3n Coatzacoalcos de la Polic\u00eda Federal de Veracruz<\/p><\/div>\n","protected":false},"excerpt":{"rendered":"<p><strong><em>Cecilia Escribano.-<\/em><\/strong> M\u00e1s de 200 estudiantes de la regi\u00f3n Coatzacoalcos-Minatitl\u00e1n asistieron al evento informativo, organizado por esta casa de estudios y la Coordinaci\u00f3n Estatal de la Polic\u00eda Federal de Veracruz<\/p>\n","protected":false},"author":1775,"featured_media":42355,"comment_status":"closed","ping_status":"closed","sticky":false,"template":"","format":"standard","meta":{"footnotes":""},"categories":[52],"tags":[2304,2306,4167,689,2303,2149,700,2305],"class_list":["post-42425","post","type-post","status-publish","format-standard","has-post-thumbnail","hentry","category-coatzacoalcos","tag-1er-foro-estudiantil","tag-aula-de-usos-multiples","tag-cecilia-escribano-reyes","tag-coatzacoalcos-minatitlan","tag-coordinacion-estatal-de-la-policia-federal-de-veracruz","tag-facultad-de-ingenieria","tag-region","tag-seguridad-vial-y-prevencion-del-delito"],"_links":{"self":[{"href":"https:\/\/www.uv.mx\/prensa\/wp-json\/wp\/v2\/posts\/42425","targetHints":{"allow":["GET"]}}],"collection":[{"href":"https:\/\/www.uv.mx\/prensa\/wp-json\/wp\/v2\/posts"}],"about":[{"href":"https:\/\/www.uv.mx\/prensa\/wp-json\/wp\/v2\/types\/post"}],"author":[{"embeddable":true,"href":"https:\/\/www.uv.mx\/prensa\/wp-json\/wp\/v2\/users\/1775"}],"replies":[{"embeddable":true,"href":"https:\/\/www.uv.mx\/prensa\/wp-json\/wp\/v2\/comments?post=42425"}],"version-history":[{"count":1,"href":"https:\/\/www.uv.mx\/prensa\/wp-json\/wp\/v2\/posts\/42425\/revisions"}],"predecessor-version":[{"id":95483,"href":"https:\/\/www.uv.mx\/prensa\/wp-json\/wp\/v2\/posts\/42425\/revisions\/95483"}],"wp:featuredmedia":[{"embeddable":true,"href":"https:\/\/www.uv.mx\/prensa\/wp-json\/wp\/v2\/media\/42355"}],"wp:attachment":[{"href":"https:\/\/www.uv.mx\/prensa\/wp-json\/wp\/v2\/media?parent=42425"}],"wp:term":[{"taxonomy":"category","embeddable":true,"href":"https:\/\/www.uv.mx\/prensa\/wp-json\/wp\/v2\/categories?post=42425"},{"taxonomy":"post_tag","embeddable":true,"href":"https:\/\/www.uv.mx\/prensa\/wp-json\/wp\/v2\/tags?post=42425"}],"curies":[{"name":"wp","href":"https:\/\/api.w.org\/{rel}","templated":true}]}}