{"id":4242,"date":"2015-10-29T14:32:31","date_gmt":"2015-10-29T20:32:31","guid":{"rendered":"https:\/\/www.uv.mx\/prensa\/?p=4242"},"modified":"2015-10-29T14:32:31","modified_gmt":"2015-10-29T20:32:31","slug":"enfermeria-uv-celebro-dia-internacional-del-abrazo","status":"publish","type":"post","link":"https:\/\/www.uv.mx\/prensa\/general\/enfermeria-uv-celebro-dia-internacional-del-abrazo\/","title":{"rendered":"Enfermer\u00eda UV celebr\u00f3 D\u00eda Internacional del Abrazo"},"content":{"rendered":"<p>&nbsp;<\/p>\n<ul>\n<li><em>Por una vejez saludable<\/em><\/li>\n<li><em>Se prev\u00e9 que para 2025 habr\u00e1 un promedio de mil 200 millones de personas de la tercera edad a nivel mundial<\/em><\/li>\n<\/ul>\n<p>&nbsp;<\/p>\n<p><strong><em>Paola Cort\u00e9s P\u00e9rez<\/em><\/strong><\/p>\n<p>&nbsp;<\/p>\n<p>La Facultad de Enfermer\u00eda de la Universidad Veracruzana (UV) realizo el Primer Foro \u201cD\u00eda Internacional del Abrazo, por una vejez saludable\u201d, con el objetivo de contribuir a un adecuado cuidado de los adultos mayores, en tanto los profesionales de la salud brinden servicios de calidad y calidez.<\/p>\n<p>El evento fue inaugurado por Yolanda M\u00e9ndez Grajales, directora de la Facultad, la tarde del martes 27 de octubre, en el Aula Magna de la Unidad de Ciencias de la Salud.<\/p>\n<div id=\"attachment_4254\" style=\"width: 310px\" class=\"wp-caption aligncenter\"><a href=\"https:\/\/www.uv.mx\/prensa\/files\/2015\/10\/Dia-del-abrazo-1.jpg\"><img loading=\"lazy\" decoding=\"async\" aria-describedby=\"caption-attachment-4254\" class=\"size-medium wp-image-4254\" src=\"https:\/\/www.uv.mx\/prensa\/files\/2015\/10\/Dia-del-abrazo-1-300x152.jpg\" alt=\"La Facultad de Enfermer\u00eda llev\u00f3 a cabo el Primer Foro \u201cD\u00eda Internacional del Abrazo, por una vejez saludable\u201d.\" width=\"300\" height=\"152\" srcset=\"https:\/\/www.uv.mx\/prensa\/files\/2015\/10\/Dia-del-abrazo-1-300x152.jpg 300w, https:\/\/www.uv.mx\/prensa\/files\/2015\/10\/Dia-del-abrazo-1.jpg 752w\" sizes=\"auto, (max-width: 300px) 100vw, 300px\" \/><\/a><p id=\"caption-attachment-4254\" class=\"wp-caption-text\">La Facultad de Enfermer\u00eda llev\u00f3 a cabo el Primer Foro \u201cD\u00eda Internacional del Abrazo, por una vejez saludable\u201d.<\/p><\/div>\n<p>\u201cNo debemos ver a la vejez como sin\u00f3nimo de enfermedad, al contrario, debemos cambiar nuestros pensamientos para que vejez sea sin\u00f3nimo de experiencia y sabidur\u00eda\u201d, dijo M\u00e9ndez Grajales.<\/p>\n<p>El foro fue organizado por el Comit\u00e9 Estatal de Salud y Envejecimiento y los estudiantes de la experiencia educativa Enfermer\u00eda en Gerontogeriatr\u00eda, con motivo de la celebraci\u00f3n del D\u00eda Internacional del Abrazo.<\/p>\n<p>En M\u00e9xico, uno de cada 10 habitantes son mayores de 60 a\u00f1os, y se prev\u00e9 que para 2025 habr\u00e1 un promedio de mil 200 millones de personas de la tercera edad a nivel mundial, por ello la importancia de planear estrategias que les garanticen una vejez de calidad, expres\u00f3 Javier Alegr\u00eda, estudiante de la Licenciatura en Enfermer\u00eda, quien ofreci\u00f3 la charla \u201cD\u00eda Internacional del Abrazo: por una vejez activa y saludable\u201d.<\/p>\n<div id=\"attachment_4256\" style=\"width: 310px\" class=\"wp-caption aligncenter\"><a href=\"https:\/\/www.uv.mx\/prensa\/files\/2015\/10\/Dia-del-abrazo-2.jpg\"><img loading=\"lazy\" decoding=\"async\" aria-describedby=\"caption-attachment-4256\" class=\"size-medium wp-image-4256\" src=\"https:\/\/www.uv.mx\/prensa\/files\/2015\/10\/Dia-del-abrazo-2-300x183.jpg\" alt=\": Javier Alegr\u00eda dict\u00f3 la pl\u00e1tica \u201cD\u00eda Internacional del Abrazo: por una vejez activa y saludable\u201d.\" width=\"300\" height=\"183\" srcset=\"https:\/\/www.uv.mx\/prensa\/files\/2015\/10\/Dia-del-abrazo-2-300x183.jpg 300w, https:\/\/www.uv.mx\/prensa\/files\/2015\/10\/Dia-del-abrazo-2.jpg 591w\" sizes=\"auto, (max-width: 300px) 100vw, 300px\" \/><\/a><p id=\"caption-attachment-4256\" class=\"wp-caption-text\">Javier Alegr\u00eda dict\u00f3 la pl\u00e1tica \u201cD\u00eda Internacional del Abrazo: por una vejez activa y saludable\u201d.<\/p><\/div>\n<p>\u201cEs un gran desaf\u00edo, nosotros como profesionales de la salud debemos planear estrategias que garanticen una disminuci\u00f3n de algunas discapacidades propias de la edad.\u201d<\/p>\n<p>Una de esas estrategias, indic\u00f3, es el D\u00eda Mundial del Abrazo, establecido hace 25 a\u00f1os por la Organizaci\u00f3n de las Naciones Unidas (ONU) con el prop\u00f3sito influir en pol\u00edticas y pr\u00e1cticas hacia un envejecimiento activo y saludable.<\/p>\n<p>\u201cRegularmente se lleva a cabo el primero de octubre, en el marco del D\u00eda Internacional de las Personas Mayores. La Organizaci\u00f3n Mundial de la Salud lo celebr\u00f3 el 2 de octubre de 1999, A\u00f1o Internacional de las Personas Adultas Mayores.\u201d<\/p>\n<p>Apunt\u00f3 que la inactividad f\u00edsica en las personas de la tercera edad puede provocar la aparici\u00f3n de enfermedades cr\u00f3nico-degenerativas, de ah\u00ed que en este d\u00eda se promueve y difunde hacer ejercicio y tener una buena alimentaci\u00f3n<\/p>\n<p>&nbsp;<\/p>\n<p>&nbsp;<\/p>\n","protected":false},"excerpt":{"rendered":"<p>&nbsp; Por una vejez saludable Se prev\u00e9 que para 2025 habr\u00e1 un promedio de mil 200 millones de personas de la tercera edad a nivel mundial &nbsp; Paola Cort\u00e9s P\u00e9rez &nbsp; La [&hellip;]<\/p>\n","protected":false},"author":1810,"featured_media":4257,"comment_status":"closed","ping_status":"closed","sticky":false,"template":"","format":"standard","meta":{"footnotes":""},"categories":[1],"tags":[3],"class_list":["post-4242","post","type-post","status-publish","format-standard","has-post-thumbnail","hentry","category-general","tag-secundarias"],"_links":{"self":[{"href":"https:\/\/www.uv.mx\/prensa\/wp-json\/wp\/v2\/posts\/4242","targetHints":{"allow":["GET"]}}],"collection":[{"href":"https:\/\/www.uv.mx\/prensa\/wp-json\/wp\/v2\/posts"}],"about":[{"href":"https:\/\/www.uv.mx\/prensa\/wp-json\/wp\/v2\/types\/post"}],"author":[{"embeddable":true,"href":"https:\/\/www.uv.mx\/prensa\/wp-json\/wp\/v2\/users\/1810"}],"replies":[{"embeddable":true,"href":"https:\/\/www.uv.mx\/prensa\/wp-json\/wp\/v2\/comments?post=4242"}],"version-history":[{"count":0,"href":"https:\/\/www.uv.mx\/prensa\/wp-json\/wp\/v2\/posts\/4242\/revisions"}],"wp:featuredmedia":[{"embeddable":true,"href":"https:\/\/www.uv.mx\/prensa\/wp-json\/wp\/v2\/media\/4257"}],"wp:attachment":[{"href":"https:\/\/www.uv.mx\/prensa\/wp-json\/wp\/v2\/media?parent=4242"}],"wp:term":[{"taxonomy":"category","embeddable":true,"href":"https:\/\/www.uv.mx\/prensa\/wp-json\/wp\/v2\/categories?post=4242"},{"taxonomy":"post_tag","embeddable":true,"href":"https:\/\/www.uv.mx\/prensa\/wp-json\/wp\/v2\/tags?post=4242"}],"curies":[{"name":"wp","href":"https:\/\/api.w.org\/{rel}","templated":true}]}}