{"id":42412,"date":"2018-02-22T16:04:21","date_gmt":"2018-02-22T22:04:21","guid":{"rendered":"https:\/\/www.uv.mx\/prensa\/?p=42412"},"modified":"2018-02-22T16:04:21","modified_gmt":"2018-02-22T22:04:21","slug":"uv-alojo-conferencia-sobre-el-maev","status":"publish","type":"post","link":"https:\/\/www.uv.mx\/prensa\/regiones\/orizaba\/uv-alojo-conferencia-sobre-el-maev\/","title":{"rendered":"UV aloj\u00f3 conferencia sobre el MAEV"},"content":{"rendered":"<div id=\"attachment_42374\" style=\"width: 732px\" class=\"wp-caption aligncenter\"><a href=\"https:\/\/www.uv.mx\/prensa\/files\/2018\/02\/210218-Orizaba-Museo-100k.jpg\"><img loading=\"lazy\" decoding=\"async\" aria-describedby=\"caption-attachment-42374\" class=\"size-full wp-image-42374\" src=\"https:\/\/www.uv.mx\/prensa\/files\/2018\/02\/210218-Orizaba-Museo-100k.jpg\" alt=\"\" width=\"722\" height=\"453\" srcset=\"https:\/\/www.uv.mx\/prensa\/files\/2018\/02\/210218-Orizaba-Museo-100k.jpg 722w, https:\/\/www.uv.mx\/prensa\/files\/2018\/02\/210218-Orizaba-Museo-100k-300x188.jpg 300w, https:\/\/www.uv.mx\/prensa\/files\/2018\/02\/210218-Orizaba-Museo-100k-200x125.jpg 200w\" sizes=\"auto, (max-width: 722px) 100vw, 722px\" \/><\/a><p id=\"caption-attachment-42374\" class=\"wp-caption-text\">Yolanda C\u00e1rdenas Mart\u00ednez, coordinadora de Difusi\u00f3n Cultural<\/p><\/div>\n<p>&nbsp;<\/p>\n<p><b><i>2<\/i><\/b><b><i>2<\/i><\/b><b><i>\/02\/2018, Orizaba, Ver.-<\/i><\/b> Hilda Milena Koprivitza Acu\u00f1a, historiadora del arte y directora del Museo de Arte del Estado de Veracruz (MAEV), imparti\u00f3 en la Universidad Veracruzana (UV) la conferencia \u201cEl Museo de Arte del Estado de Veracruz\u201d, el jueves 15 de febrero.<span>\u00a0<\/span><\/p>\n<p>El evento fue organizado por la UV, la Coordinaci\u00f3n Regional de Difusi\u00f3n Cultural, la Facultad de Contadur\u00eda y Administraci\u00f3n, y Amigos del MAEV, A.C., y estuvo a cargo de Yolanda C\u00e1rdenas Mart\u00ednez y Mar\u00eda Luisa Y\u00e1\u00f1ez, titulares de la dependencia y entidad acad\u00e9mica universitarias, respectivamente.<span>\u00a0<\/span><\/p>\n<p>Al mismo acudieron estudiantes de las licenciaturas en Administraci\u00f3n y Gesti\u00f3n y Direcci\u00f3n de Negocios, quienes se dieron cita en la sala de videoconferencias de la Unidad de Servicios Bibliotecarios y de Informaci\u00f3n (USBI) de Ixtaczoquitl\u00e1n.<span>\u00a0<\/span><\/p>\n<p>Milena Koprivitza inform\u00f3 que el MAEV es el segundo en importancia a nivel nacional, despu\u00e9s del Museo Nacional de Arte, y que posee obras que datan\u00a0desde el siglo XVIII hasta la mitad del XX. Agreg\u00f3 que alberga 37 obras consideradas Patrimonio de la Naci\u00f3n, de Diego Rivera y Jos\u00e9 Mar\u00eda Velasco, artistas reconocidos universalmente, las cuales son tesoros que se deben conocer.<span>\u00a0<\/span><\/p>\n<p>Se consideran monumentos hist\u00f3ricos de la naci\u00f3n las obras de los pintores Jos\u00e9 Mar\u00eda Velasco, Gerardo Murillo Coronado (Dr. Atl), Jos\u00e9 Clemente Orozco, Diego Rivera, David Alfaro Siqueiros, Frida Kahlo Calder\u00f3n y Saturnino Herr\u00e1n.<span>\u00a0<\/span><\/p>\n<p>Inform\u00f3 que, adem\u00e1s del arte que aloja, el inmueble en s\u00ed mismo es una obra reconocida como una joya de la arquitectura novohispana del barroco. Record\u00f3 que en el sismo de 1973 se derrumbaron las c\u00fapulas y qued\u00f3 restaurado en 1992, cuando se inaugur\u00f3.<span>\u00a0<\/span><\/p>\n<p>Explic\u00f3 que el museo es mucho m\u00e1s que galer\u00eda, es un centro cultural, posee varios programas realizados por los mismos usuarios, entre ellos un amplio fomento a la lectura con actividades como: \u201cLibros a la carta\u201d, donde se llevan libros y se presentan; \u201cCaf\u00e9 con letras\u201d, se ofrece caf\u00e9 y se lee en voz alta; \u201cEl castillo de la memoria\u201d, para platicar recuerdos o historias escuchadas en casa, y \u201cPoes\u00eda compartida\u201d.\u00a0<span>\u00a0<\/span><\/p>\n<p>Un programa m\u00e1s es \u201cViaje al interior de una mirada\u201d, que ense\u00f1a a gozar un cuadro, las personas dicen lo que ven, lo que sienten, cu\u00e1l es la emoci\u00f3n, y uno al otro se complementan para hacer de la vista de una pintura toda una experiencia est\u00e9tica.<span>\u00a0<\/span><\/p>\n<p>Agreg\u00f3 que tambi\u00e9n se realizan conciertos una vez al mes con orquestas de c\u00e1mara y con solistas; con ello se va construyendo el \u201cMuseo vivo de la memoria\u201d de todos los usuarios.<span>\u00a0<\/span><\/p>\n<p>Milena Koprivitza destac\u00f3 que el museo busca cumplir su funci\u00f3n de centro cultural, donde los ni\u00f1os y j\u00f3venes son lo m\u00e1s importante. Durante la conferencia coment\u00f3 algunos de los m\u00e1s destacados cuadros del museo e invit\u00f3 a conocerlos; asimismo, inform\u00f3 que el 6 de marzo habr\u00e1 una conferencia sobre 25 valiosos cuadros, la cual se impartir\u00e1 en el museo.<span>\u00a0<\/span><\/p>\n<p>En el evento tambi\u00e9n participaron: M\u00f3nica Karina, acad\u00e9mica de la Facultad de Contadur\u00eda y Administraci\u00f3n <i>campus<\/i> Ixtaczoquitl\u00e1n; y Alma Delia Espitia Santos, de la Coordinaci\u00f3n de Difusi\u00f3n Cultural.<span>\u00a0<\/span><\/p>\n<p>Adem\u00e1s, Josu\u00e9 Hip\u00f3lito L\u00f3pez, presidente del Seminario de Cultura Mexicana en Orizaba; Jos\u00e9 Antonio M\u00e1rquez, miembro de Amigos del MAEV, A.C., del Seminario de Cultura Mexicana y Decano de la UV, as\u00ed como el se\u00f1or Macario Schettino.<\/p>\n","protected":false},"excerpt":{"rendered":"<p>El Museo de Arte del Estado de Veracruz posee obras de los siglos XVIII hasta el XX y es el segundo en importancia a nivel nacional, despu\u00e9s del Museo Nacional de Arte <\/p>\n","protected":false},"author":1508,"featured_media":42374,"comment_status":"closed","ping_status":"closed","sticky":false,"template":"","format":"standard","meta":{"footnotes":""},"categories":[53],"tags":[],"class_list":["post-42412","post","type-post","status-publish","format-standard","has-post-thumbnail","hentry","category-orizaba"],"_links":{"self":[{"href":"https:\/\/www.uv.mx\/prensa\/wp-json\/wp\/v2\/posts\/42412","targetHints":{"allow":["GET"]}}],"collection":[{"href":"https:\/\/www.uv.mx\/prensa\/wp-json\/wp\/v2\/posts"}],"about":[{"href":"https:\/\/www.uv.mx\/prensa\/wp-json\/wp\/v2\/types\/post"}],"author":[{"embeddable":true,"href":"https:\/\/www.uv.mx\/prensa\/wp-json\/wp\/v2\/users\/1508"}],"replies":[{"embeddable":true,"href":"https:\/\/www.uv.mx\/prensa\/wp-json\/wp\/v2\/comments?post=42412"}],"version-history":[{"count":0,"href":"https:\/\/www.uv.mx\/prensa\/wp-json\/wp\/v2\/posts\/42412\/revisions"}],"wp:featuredmedia":[{"embeddable":true,"href":"https:\/\/www.uv.mx\/prensa\/wp-json\/wp\/v2\/media\/42374"}],"wp:attachment":[{"href":"https:\/\/www.uv.mx\/prensa\/wp-json\/wp\/v2\/media?parent=42412"}],"wp:term":[{"taxonomy":"category","embeddable":true,"href":"https:\/\/www.uv.mx\/prensa\/wp-json\/wp\/v2\/categories?post=42412"},{"taxonomy":"post_tag","embeddable":true,"href":"https:\/\/www.uv.mx\/prensa\/wp-json\/wp\/v2\/tags?post=42412"}],"curies":[{"name":"wp","href":"https:\/\/api.w.org\/{rel}","templated":true}]}}