{"id":42384,"date":"2018-02-21T20:25:04","date_gmt":"2018-02-22T02:25:04","guid":{"rendered":"https:\/\/www.uv.mx\/prensa\/?p=42384"},"modified":"2018-02-21T20:25:04","modified_gmt":"2018-02-22T02:25:04","slug":"uv-anuncia-convocatoria-para-estudios-de-posgrado","status":"publish","type":"post","link":"https:\/\/www.uv.mx\/prensa\/general\/uv-anuncia-convocatoria-para-estudios-de-posgrado\/","title":{"rendered":"UV anuncia convocatoria para estudios de posgrado"},"content":{"rendered":"<ul>\n<li><em>Consta de ocho especializaciones, 32 maestr\u00edas y 15 doctorados<\/em><\/li>\n<li><em>Se puede consultar en <\/em><a href=\"https:\/\/www.uv.mx\/escolar\/posgrado2018\/\"><em>https:\/\/www.uv.mx\/escolar\/posgrado2018\/<\/em><\/a><\/li>\n<\/ul>\n<p>&nbsp;<\/p>\n<div id=\"attachment_42364\" style=\"width: 732px\" class=\"wp-caption aligncenter\"><a href=\"https:\/\/www.uv.mx\/prensa\/files\/2018\/02\/210218-convocatoria-posgrado-100k.jpg\"><img loading=\"lazy\" decoding=\"async\" aria-describedby=\"caption-attachment-42364\" class=\"size-full wp-image-42364\" src=\"https:\/\/www.uv.mx\/prensa\/files\/2018\/02\/210218-convocatoria-posgrado-100k.jpg\" alt=\"\" width=\"722\" height=\"481\" srcset=\"https:\/\/www.uv.mx\/prensa\/files\/2018\/02\/210218-convocatoria-posgrado-100k.jpg 722w, https:\/\/www.uv.mx\/prensa\/files\/2018\/02\/210218-convocatoria-posgrado-100k-300x200.jpg 300w\" sizes=\"auto, (max-width: 722px) 100vw, 722px\" \/><\/a><p id=\"caption-attachment-42364\" class=\"wp-caption-text\">Rabindranarth Romero y Ligia Quintana Torres<\/p><\/div>\n<p>&nbsp;<\/p>\n<p><strong><em>David Sandoval Rodr\u00edguez<\/em><\/strong><\/p>\n<p><strong><em>21\/02\/2018, Xalapa Ver.-<\/em><\/strong> La Universidad Veracruzana (UV) emiti\u00f3 el martes 20 de febrero su convocatoria para ingreso a sus 55 programas educativos de posgrado en el ciclo escolar Agosto 2018-Enero 2019, que cerrar\u00e1 el martes 24 de abril y puede consultarse completamente en Internet.<\/p>\n<p>Rabindranarth Romero L\u00f3pez, coordinador de Especializaciones, Maestr\u00edas y Doctorados de la Direcci\u00f3n General de la Unidad de Estudios de Posgrado, y Ligia Quintana Torres, coordinadora de Indicadores Acad\u00e9micos de Calidad de la misma dependencia universitaria, detallaron que toda la informaci\u00f3n est\u00e1 disponible en: <a href=\"https:\/\/www.uv.mx\/escolar\/posgrado2018\/\">www.uv.mx\/escolar\/posgrado2018\/<\/a><\/p>\n<p>Un cambio sustantivo de la presente convocatoria es haberla dividido entre aspirantes radicados en M\u00e9xico y aspirantes radicados en el extranjero, m\u00e1s all\u00e1 de su nacionalidad, es decir, que sean mexicanos viviendo en otro pa\u00eds o extranjeros que ya radican en la Rep\u00fablica Mexicana.<\/p>\n<p>La m\u00e1xima casa de estudios oferta para el ciclo escolar Agosto 2018-Enero 2019, 55 programas educativos en sus cinco regiones, integrados por ocho especializaciones, 32 maestr\u00edas y 15 doctorados, 70 por ciento de ellos registrados en el Programa Nacional de Posgrados de Calidad (PNPC) del Consejo Nacional de Ciencia y Tecnolog\u00eda (<em>Conacyt<\/em>).<\/p>\n<p>En la convocatoria se puede consultar: el calendario del proceso, la oferta disponible de los programas educativos, las sedes del examen de ingreso al posgrado (EXANI-III) y la gu\u00eda de examen, as\u00ed como un enlace para solicitar mayores informes en cada una de las regiones universitarias.<\/p>\n<p>\u201cEs muy importante que los interesados revisen esta p\u00e1gina de Internet, pero tambi\u00e9n las p\u00e1ginas particulares de cada uno de los posgrados\u201d, subray\u00f3 Quintana Torres.<\/p>\n<p>La evaluaci\u00f3n para determinar el ingreso consta de dos etapas, agreg\u00f3; la primera consiste en la aplicaci\u00f3n del EXANI-III y la segunda se refiere a la evaluaci\u00f3n particular que cada programa aplica al aspirante.<\/p>\n<p>Los estudiantes residentes en el extranjero presentar\u00e1n \u00fanicamente la evaluaci\u00f3n del posgrado que les interese cursar y los aspirantes radicados en M\u00e9xico presentar\u00e1n el EXANI-III.<\/p>\n<p>La convocatoria establece varias etapas que inician con el registro por Internet del 20 de febrero al 24 de abril en www.uv.mx\/escolar\/posgrado2018; a continuaci\u00f3n deber\u00e1n efectuar el pago de derechos del examen \u2500indicados en el formato de pago\u2500, del 20 de febrero al 25 de abril.<\/p>\n<p>Para mexicanos el costo es de mil 67 pesos y para extranjeros es de tres mil 90 pesos; posteriormente deber\u00e1n cumplir con las evaluaciones establecidas por el programa educativo del 2 de mayo al 8 de junio.<\/p>\n<p>Los resultados se dar\u00e1n a conocer en el portal de la convocatoria el 6 de julio para residentes en M\u00e9xico y el 4 de junio para residentes en el extranjero; la diferencia de fechas es para permitir la realizaci\u00f3n de tr\u00e1mites migratorios y escolares, como el pasaporte y la visa.<\/p>\n<p>\u201cEsta convocatoria est\u00e1 abierta para toda la comunidad universitaria dentro y fuera de M\u00e9xico\u201d, recalc\u00f3 Romero L\u00f3pez, quien se\u00f1al\u00f3 que el ingreso al posgrado implica dos procesos: el primero, marcado en la convocatoria y el segundo que se refiere al que cada programa educativo se\u00f1ala debido a sus caracter\u00edsticas espec\u00edficas como ex\u00e1menes proped\u00e9uticos o entrevistas personales de acuerdo al perfil que ofertan.<\/p>\n<p>Por ello recomend\u00f3 a todos los interesados consultar tambi\u00e9n las p\u00e1ginas respectivas del programa educativo que deseen cursar, donde se muestran los requisitos particulares que solicitan.<\/p>\n<p>\u201cLa plataforma es intuitiva y los aspirantes pueden conocer toda la informaci\u00f3n\u201d, agreg\u00f3 el Coordinador, \u201csu prop\u00f3sito es que conozcan todas las etapas y herramientas que implica el proceso\u201d.<\/p>\n<p>Para mayores informes, la UV cuenta con enlaces en cada una de sus regiones universitarias. En Xalapa se puede consultar con Mar\u00eda Cecilia Tadeo Vidal al correo electr\u00f3nico: cetadeo@uv.mx y en el tel\u00e9fono (228) 8421700, extensi\u00f3n 13142.<\/p>\n<p>En Veracruz, con Manuel Alejandro Garc\u00eda Mora en el correo: manugarcia@uv.mx y al tel\u00e9fono (229) 7752000, extensi\u00f3n 22031.<\/p>\n<p>En Poza Rica-Tuxpan, con Angelita Colunga Chua en el correo: ancolunga@uv.mx y al tel\u00e9fono (782) 8241540, extensi\u00f3n 41213.<\/p>\n<p>En Orizaba-C\u00f3rdoba, con Francisco Josu\u00e9 Esp\u00edritu S\u00e1nchez al correo: fespiritu@hotmail.com y al tel\u00e9fono (272) 7259417, extensi\u00f3n 33151.<\/p>\n<p>En Coatzacoalcos-Minatitl\u00e1n, con Cintli Silva Far\u00edas al correo: cisilva@uv.mx y al tel\u00e9fono (921) 211 5700, extensi\u00f3n 59202.<\/p>\n","protected":false},"excerpt":{"rendered":"<p><strong><em>David Sandoval.-<\/em><\/strong> El 70 por ciento de estos programas est\u00e1n registrados en el Programa Nacional de Posgrados de Calidad del Consejo Nacional de Ciencia y Tecnolog\u00eda <\/p>\n","protected":false},"author":1508,"featured_media":42364,"comment_status":"closed","ping_status":"closed","sticky":false,"template":"","format":"standard","meta":{"footnotes":""},"categories":[1],"tags":[174,175,83],"class_list":["post-42384","post","type-post","status-publish","format-standard","has-post-thumbnail","hentry","category-general","tag-conacyt","tag-pnpc","tag-posgrado"],"_links":{"self":[{"href":"https:\/\/www.uv.mx\/prensa\/wp-json\/wp\/v2\/posts\/42384","targetHints":{"allow":["GET"]}}],"collection":[{"href":"https:\/\/www.uv.mx\/prensa\/wp-json\/wp\/v2\/posts"}],"about":[{"href":"https:\/\/www.uv.mx\/prensa\/wp-json\/wp\/v2\/types\/post"}],"author":[{"embeddable":true,"href":"https:\/\/www.uv.mx\/prensa\/wp-json\/wp\/v2\/users\/1508"}],"replies":[{"embeddable":true,"href":"https:\/\/www.uv.mx\/prensa\/wp-json\/wp\/v2\/comments?post=42384"}],"version-history":[{"count":0,"href":"https:\/\/www.uv.mx\/prensa\/wp-json\/wp\/v2\/posts\/42384\/revisions"}],"wp:featuredmedia":[{"embeddable":true,"href":"https:\/\/www.uv.mx\/prensa\/wp-json\/wp\/v2\/media\/42364"}],"wp:attachment":[{"href":"https:\/\/www.uv.mx\/prensa\/wp-json\/wp\/v2\/media?parent=42384"}],"wp:term":[{"taxonomy":"category","embeddable":true,"href":"https:\/\/www.uv.mx\/prensa\/wp-json\/wp\/v2\/categories?post=42384"},{"taxonomy":"post_tag","embeddable":true,"href":"https:\/\/www.uv.mx\/prensa\/wp-json\/wp\/v2\/tags?post=42384"}],"curies":[{"name":"wp","href":"https:\/\/api.w.org\/{rel}","templated":true}]}}