{"id":42337,"date":"2018-02-22T10:00:57","date_gmt":"2018-02-22T16:00:57","guid":{"rendered":"https:\/\/www.uv.mx\/prensa\/?p=42337"},"modified":"2018-02-21T17:31:42","modified_gmt":"2018-02-21T23:31:42","slug":"estudio-sismico-de-la-uv-fuente-informativa-para-prevenir-riesgos","status":"publish","type":"post","link":"https:\/\/www.uv.mx\/prensa\/ciencia\/estudio-sismico-de-la-uv-fuente-informativa-para-prevenir-riesgos\/","title":{"rendered":"Estudio s\u00edsmico de la UV, fuente informativa para prevenir riesgos"},"content":{"rendered":"<style type=\"text\/css\">\nblockquote p { color: #28519b; font-family: helvetica; font-size: 1.6em; }\n<\/style>\n<ul>\n<li><em>Gilbert Torres Morales, investigador del Centro de Ciencias de la Tierra, realiz\u00f3 una investigaci\u00f3n de amenaza s\u00edsmica probabil\u00edstica, basado en las zonas urbanas de Xalapa, Veracruz y Orizaba, que tienen antecedentes hist\u00f3ricos de eventos s\u00edsmicos<\/em><\/li>\n<li><em>Dicha investigaci\u00f3n podr\u00eda orientar a autoridades estatales y municipales en cuanto a prevenci\u00f3n de riesgos<\/em><\/li>\n<\/ul>\n<p>&nbsp;<\/p>\n<p><a href=\"https:\/\/www.uv.mx\/prensa\/files\/2018\/02\/amenaza-sismica-1.jpg\"><img loading=\"lazy\" decoding=\"async\" class=\"aligncenter size-full wp-image-42339\" src=\"https:\/\/www.uv.mx\/prensa\/files\/2018\/02\/amenaza-sismica-1.jpg\" alt=\"\" width=\"722\" height=\"481\" srcset=\"https:\/\/www.uv.mx\/prensa\/files\/2018\/02\/amenaza-sismica-1.jpg 722w, https:\/\/www.uv.mx\/prensa\/files\/2018\/02\/amenaza-sismica-1-300x200.jpg 300w\" sizes=\"auto, (max-width: 722px) 100vw, 722px\" \/><\/a><\/p>\n<p>&nbsp;<\/p>\n<blockquote>\n<p>\u201cEs importante que se tenga conciencia de los sismos pasados y su inminente repetici\u00f3n en el futuro\u201d: Gilbert Francisco Torres Morales<\/p>\n<\/blockquote>\n<p>&nbsp;<\/p>\n<p><strong><em>Claudia Peralta V\u00e1zquez<\/em><\/strong><\/p>\n<p><strong><em>22\/02\/18, Xalapa, Ver.-<\/em><\/strong> Gilbert Francisco Torres Morales, investigador del Centro de Ciencias de la Tierra (CCT) de la Universidad Veracruzana (UV), advirti\u00f3 que en la entidad veracruzana, se vislumbran posibles eventos s\u00edsmicos con aceleraciones m\u00e1ximas y riesgos a nivel estructural, principalmente en zonas urbanas como Veracruz, Xalapa y Orizaba, donde existen antecedentes hist\u00f3ricos de estos fen\u00f3menos.<\/p>\n<p>Estos planteamientos derivan del estudio \u201cAmenaza s\u00edsmica probabil\u00edstica considerando efecto de sitio en zonas conurbadas del estado de Veracruz\u201d, realizado con el objetivo de distinguir zonas con mayor riesgo, en especial \u00e1reas tendientes a experimentar efectos de sitio (donde los suelos amplifican mayormente las ondas s\u00edsmicas).<\/p>\n<p>La investigaci\u00f3n fue realizada por el CCT y financiada por los Fondos Mixtos del Consejo Nacional de Ciencias y Tecnolog\u00eda (<em>Conacyt<\/em>) y el Gobierno del Estado de Veracruz. Tambi\u00e9n cont\u00f3 con el respaldo de investigadores y estudiantes de la UV y la Universidad Nacional Aut\u00f3noma de M\u00e9xico (UNAM).<\/p>\n<p>Torres Morales explic\u00f3 que gracias a estudios previos de microzonificaci\u00f3n s\u00edsmica efectuados en zonas de Xalapa, Veracruz y Orizaba, ya se contaba con un recuento de datos del \u00e1rea urbana, hidrograf\u00eda, geotecnia, as\u00ed como diferentes tipos de suelo.<\/p>\n<p>&nbsp;<\/p>\n<p><a href=\"https:\/\/www.uv.mx\/prensa\/files\/2018\/02\/210218-SISMO-univ.jpg\"><img loading=\"lazy\" decoding=\"async\" class=\"aligncenter size-full wp-image-42338\" src=\"https:\/\/www.uv.mx\/prensa\/files\/2018\/02\/210218-SISMO-univ.jpg\" alt=\"\" width=\"722\" height=\"565\" srcset=\"https:\/\/www.uv.mx\/prensa\/files\/2018\/02\/210218-SISMO-univ.jpg 722w, https:\/\/www.uv.mx\/prensa\/files\/2018\/02\/210218-SISMO-univ-300x235.jpg 300w\" sizes=\"auto, (max-width: 722px) 100vw, 722px\" \/><\/a><\/p>\n<p>&nbsp;<\/p>\n<p>La microzonificaci\u00f3n s\u00edsmica, detall\u00f3, es la metodolog\u00eda que integra la informaci\u00f3n de los suelos en un \u00e1rea urbana y la determinaci\u00f3n, mediante an\u00e1lisis de vibraci\u00f3n ambiental, de sus caracter\u00edsticas din\u00e1micas. Esto, para identificar zonas donde los suelos amplifican las ondas s\u00edsmicas y contribuir a la reducci\u00f3n del riesgo s\u00edsmico en ciudades.<\/p>\n<p>Los resultados preliminares de la investigaci\u00f3n, presentados a trav\u00e9s de mapas de peligro s\u00edsmico, muestran que en el estado de Veracruz se obtendr\u00edan aceleraciones m\u00e1ximas del terreno para periodos de retorno (tiempo en que volver\u00eda a repetirse un evento s\u00edsmico similar) establecidos y estructurales ante un evento s\u00edsmico.<\/p>\n<p>Es decir, el conocimiento de las condiciones regionales de ocurrencia de eventos peligrosos, as\u00ed como las caracter\u00edsticas reportadas sobre eventos hist\u00f3ricos, proveen una idea preliminar del potencial de los fen\u00f3menos que amenazan la regi\u00f3n. Tambi\u00e9n permiten conocer, de manera aproximada, los periodos de retorno de los eventos m\u00e1s importantes.<\/p>\n<p>&nbsp;<\/p>\n<div id=\"attachment_42340\" style=\"width: 732px\" class=\"wp-caption aligncenter\"><a href=\"https:\/\/www.uv.mx\/prensa\/files\/2018\/02\/amenaza-sismica-2.jpg\"><img loading=\"lazy\" decoding=\"async\" aria-describedby=\"caption-attachment-42340\" class=\"size-full wp-image-42340\" src=\"https:\/\/www.uv.mx\/prensa\/files\/2018\/02\/amenaza-sismica-2.jpg\" alt=\"\" width=\"722\" height=\"481\" srcset=\"https:\/\/www.uv.mx\/prensa\/files\/2018\/02\/amenaza-sismica-2.jpg 722w, https:\/\/www.uv.mx\/prensa\/files\/2018\/02\/amenaza-sismica-2-300x200.jpg 300w\" sizes=\"auto, (max-width: 722px) 100vw, 722px\" \/><\/a><p id=\"caption-attachment-42340\" class=\"wp-caption-text\">El estudio de amenaza s\u00edsmica probabil\u00edstica cont\u00f3 con el respaldo de estudiantes de la UV y la UNAM<\/p><\/div>\n<p>&nbsp;<\/p>\n<p>Resalt\u00f3 que despu\u00e9s del sismo ocurrido en la Ciudad de M\u00e9xico en 1985, que cobr\u00f3 seis mil v\u00edctimas, el registrado en Xalapa en 1920 ocupa el segundo lugar, con 650 personas fallecidas, mientras que el de Orizaba de 1973 es el tercero, con 539.<\/p>\n<p>El experto en ingenier\u00eda s\u00edsmica precis\u00f3 que para Xalapa el periodo de retorno es de 100 a 150 a\u00f1os y para Orizaba entre 75 y 100 a\u00f1os, aproximadamente. En este \u00faltimo municipio, el sismo de 1973 fue de profundidad intermedia de subducci\u00f3n intraplaca, que para la regi\u00f3n central del estado de Veracruz son los m\u00e1s da\u00f1inos.<\/p>\n<p>Sin embargo, en esa \u00e9poca la mayor\u00eda de las viviendas eran de un piso y en la actualidad hay edificaciones de hasta tres o cinco niveles, lo cual representa un riesgo estructural de altas proporciones, dijo.<\/p>\n<p>\u201cSe ha identificado que el periodo fundamental del suelo en muchas partes de estas \u00e1reas urbanas coincide con el periodo de las estructuras, por tanto las aceleraciones ser\u00edan m\u00e1s intensas.\u201d<\/p>\n<p>&nbsp;<\/p>\n<div id=\"attachment_42341\" style=\"width: 732px\" class=\"wp-caption aligncenter\"><a href=\"https:\/\/www.uv.mx\/prensa\/files\/2018\/02\/amenaza-sismica-3.jpg\"><img loading=\"lazy\" decoding=\"async\" aria-describedby=\"caption-attachment-42341\" class=\"size-full wp-image-42341\" src=\"https:\/\/www.uv.mx\/prensa\/files\/2018\/02\/amenaza-sismica-3.jpg\" alt=\"\" width=\"722\" height=\"541\" srcset=\"https:\/\/www.uv.mx\/prensa\/files\/2018\/02\/amenaza-sismica-3.jpg 722w, https:\/\/www.uv.mx\/prensa\/files\/2018\/02\/amenaza-sismica-3-300x225.jpg 300w\" sizes=\"auto, (max-width: 722px) 100vw, 722px\" \/><\/a><p id=\"caption-attachment-42341\" class=\"wp-caption-text\">Equipo de acad\u00e9micos y alumnos durante las pruebas de campo<\/p><\/div>\n<p>&nbsp;<\/p>\n<p>Entrevistado sobre la investigaci\u00f3n que en breve ser\u00e1 dada a conocer a autoridades estatales, Torres Morales precis\u00f3 que la identificaci\u00f3n de las amenazas constituye uno de los primeros pasos en el an\u00e1lisis de riesgo.<\/p>\n<p>En ese sentido, gracias a este trabajo se contar\u00e1 con un compendio de informaci\u00f3n que incluir\u00e1, adem\u00e1s de la amenaza s\u00edsmica probabilista, aspectos de inundaciones y deslizamiento de laderas. Tambi\u00e9n contribuir\u00e1 a enriquecer los atlas municipales y estatales de riesgo, estudios con los que cuentan pocos estados y municipios en el pa\u00eds.<\/p>\n<p>Al respecto, dijo que los sismos y los fen\u00f3menos hidrometeorol\u00f3gicos extremos desencadenan deslizamiento de laderas, lo que repercute en el n\u00famero de v\u00edctimas, tal y como ocurri\u00f3 en sismo de 1920.<\/p>\n<p>En este sentido, la recomendaci\u00f3n a las autoridades es impulsar estudios detallados de microzonificaci\u00f3n s\u00edsmica y trabajar en \u00e1reas urbanas con estudios de vulnerabilidad s\u00edsmica estructural, con el fin de saber qu\u00e9 edificaciones se encuentran pueden sufrir da\u00f1os o colapsar durante un evento s\u00edsmico. Asimismo, ser\u00eda importante invertir en equipo sofisticado de monitoreo para zonas urbanas.<\/p>\n<p>Reiter\u00f3 que el riesgo es alto, pero lamentablemente faltan estudios que permitan identificar los posibles efectos de los fen\u00f3menos naturales.<\/p>\n<p>\u201cEs importante que se tenga conciencia de los sismos pasados y su inminente repetici\u00f3n en el futuro.\u201d<\/p>\n<p>&nbsp;<\/p>\n<div id='gallery-1' class='gallery galleryid-42337 gallery-columns-2 gallery-size-full'><dl class='gallery-item'>\n\t\t\t<dt class='gallery-icon landscape'>\n\t\t\t\t<a href='https:\/\/www.uv.mx\/prensa\/files\/2018\/02\/amenaza-sismica-4.jpg'><img loading=\"lazy\" decoding=\"async\" width=\"722\" height=\"481\" src=\"https:\/\/www.uv.mx\/prensa\/files\/2018\/02\/amenaza-sismica-4.jpg\" class=\"attachment-full size-full\" alt=\"\" aria-describedby=\"gallery-1-42342\" srcset=\"https:\/\/www.uv.mx\/prensa\/files\/2018\/02\/amenaza-sismica-4.jpg 722w, https:\/\/www.uv.mx\/prensa\/files\/2018\/02\/amenaza-sismica-4-300x200.jpg 300w\" sizes=\"auto, (max-width: 722px) 100vw, 722px\" \/><\/a>\n\t\t\t<\/dt>\n\t\t\t\t<dd class='wp-caption-text gallery-caption' id='gallery-1-42342'>\n\t\t\t\tComo parte de la investigaci\u00f3n, se realiz\u00f3 el registro de t\u00e9cnicas de vibraci\u00f3n ambiental, experimentos geof\u00edsicos y an\u00e1lisis de suelo\n\t\t\t\t<\/dd><\/dl><dl class='gallery-item'>\n\t\t\t<dt class='gallery-icon landscape'>\n\t\t\t\t<a href='https:\/\/www.uv.mx\/prensa\/files\/2018\/02\/amenaza-sismica-5.jpg'><img loading=\"lazy\" decoding=\"async\" width=\"722\" height=\"481\" src=\"https:\/\/www.uv.mx\/prensa\/files\/2018\/02\/amenaza-sismica-5.jpg\" class=\"attachment-full size-full\" alt=\"\" aria-describedby=\"gallery-1-42343\" srcset=\"https:\/\/www.uv.mx\/prensa\/files\/2018\/02\/amenaza-sismica-5.jpg 722w, https:\/\/www.uv.mx\/prensa\/files\/2018\/02\/amenaza-sismica-5-300x200.jpg 300w\" sizes=\"auto, (max-width: 722px) 100vw, 722px\" \/><\/a>\n\t\t\t<\/dt>\n\t\t\t\t<dd class='wp-caption-text gallery-caption' id='gallery-1-42343'>\n\t\t\t\tIm\u00e1genes de experimentos geof\u00edsicos para determinar caracter\u00edsticas de los suelos en \u00e1reas urbanas\n\t\t\t\t<\/dd><\/dl><br style=\"clear: both\" \/>\n\t\t<\/div>\n\n<p>&nbsp;<\/p>\n<p>Ante este panorama, se requiere hacer un an\u00e1lisis de las edificaciones antiguas y altas que son las m\u00e1s peligrosas, de ah\u00ed la necesidad de reglamentar para contribuir a que se construyan estructuras m\u00e1s seguras, propuso. Cit\u00f3 los casos de ciudades como Xalapa, Orizaba y Veracruz, que adem\u00e1s tienen edificaciones hist\u00f3ricas y requieren de estudios de vulnerabilidad.<\/p>\n<p>Torres Morales reconoci\u00f3 el apoyo fundamental de estudiantes de las carreras de Ingenier\u00eda Civil, Instrumentaci\u00f3n Electr\u00f3nica, e Ingenier\u00eda Ambiental de la UV; as\u00ed como de especialistas del Instituto de Ingenier\u00eda de la UNAM, y alumnos de la Licenciatura de Geof\u00edsica de la misma instituci\u00f3n, en el desarrollo de t\u00e9cnicas de registro de vibraci\u00f3n ambiental, experimentos geof\u00edsicos y an\u00e1lisis de suelo.<\/p>\n<p>Puntualiz\u00f3 que la investigaci\u00f3n sobre amenaza s\u00edsmica probabil\u00edstica representa un instrumento para generar informaci\u00f3n a partir de los estudios cl\u00e1sicos de microzonificaci\u00f3n s\u00edsmica, y su c\u00e1lculo proporciona valores y par\u00e1metros \u00fatiles para el dise\u00f1o de obras de ingenier\u00eda.<\/p>\n<p>\u201cCon toda la informaci\u00f3n generada se podr\u00e1n proponer par\u00e1metros para reglamentos de dise\u00f1o s\u00edsmico.\u201d<\/p>\n","protected":false},"excerpt":{"rendered":"<p><strong><em>Claudia Peralta.-<\/em><\/strong> Investigaci\u00f3n realizada por el Centro de Ciencias de la Tierra busca distinguir zonas con mayor amenaza s\u00edsmica en el estado de Veracruz, en especial \u00e1reas tendientes a experimentar efectos de sitio<\/p>\n","protected":false},"author":1869,"featured_media":42344,"comment_status":"closed","ping_status":"closed","sticky":false,"template":"","format":"standard","meta":{"footnotes":""},"categories":[45,61],"tags":[173],"class_list":["post-42337","post","type-post","status-publish","format-standard","has-post-thumbnail","hentry","category-ciencia","category-banner","tag-cct"],"_links":{"self":[{"href":"https:\/\/www.uv.mx\/prensa\/wp-json\/wp\/v2\/posts\/42337","targetHints":{"allow":["GET"]}}],"collection":[{"href":"https:\/\/www.uv.mx\/prensa\/wp-json\/wp\/v2\/posts"}],"about":[{"href":"https:\/\/www.uv.mx\/prensa\/wp-json\/wp\/v2\/types\/post"}],"author":[{"embeddable":true,"href":"https:\/\/www.uv.mx\/prensa\/wp-json\/wp\/v2\/users\/1869"}],"replies":[{"embeddable":true,"href":"https:\/\/www.uv.mx\/prensa\/wp-json\/wp\/v2\/comments?post=42337"}],"version-history":[{"count":0,"href":"https:\/\/www.uv.mx\/prensa\/wp-json\/wp\/v2\/posts\/42337\/revisions"}],"wp:featuredmedia":[{"embeddable":true,"href":"https:\/\/www.uv.mx\/prensa\/wp-json\/wp\/v2\/media\/42344"}],"wp:attachment":[{"href":"https:\/\/www.uv.mx\/prensa\/wp-json\/wp\/v2\/media?parent=42337"}],"wp:term":[{"taxonomy":"category","embeddable":true,"href":"https:\/\/www.uv.mx\/prensa\/wp-json\/wp\/v2\/categories?post=42337"},{"taxonomy":"post_tag","embeddable":true,"href":"https:\/\/www.uv.mx\/prensa\/wp-json\/wp\/v2\/tags?post=42337"}],"curies":[{"name":"wp","href":"https:\/\/api.w.org\/{rel}","templated":true}]}}