{"id":42295,"date":"2018-02-21T09:55:03","date_gmt":"2018-02-21T15:55:03","guid":{"rendered":"https:\/\/www.uv.mx\/prensa\/?p=42295"},"modified":"2021-10-20T10:07:31","modified_gmt":"2021-10-20T15:07:31","slug":"libro-calleja-guerra-botin-y-fortuna-cubre-laguna-historiografica","status":"publish","type":"post","link":"https:\/\/www.uv.mx\/prensa\/general\/libro-calleja-guerra-botin-y-fortuna-cubre-laguna-historiografica\/","title":{"rendered":"Libro Calleja. Guerra, bot\u00edn y fortuna cubre laguna historiogr\u00e1fica"},"content":{"rendered":"<ul>\n<li><em>El aporte del texto es abordar la tem\u00e1tica de las ganancias econ\u00f3micas producto de la Guerra de Independencia, se\u00f1al\u00f3 Martha Ter\u00e1n, investigadora del INAH<\/em><\/li>\n<li><em>El autor revela c\u00f3mo el general Calleja practic\u00f3 el poder en una situaci\u00f3n revolucionaria para acumularlo en sus manos, destac\u00f3 Michael Ducey<\/em><\/li>\n<\/ul>\n<p>&nbsp;<\/p>\n<div id=\"attachment_42296\" style=\"width: 732px\" class=\"wp-caption aligncenter\"><a href=\"https:\/\/www.uv.mx\/prensa\/files\/2018\/02\/210218-libro-calleja-100k.jpg\"><img loading=\"lazy\" decoding=\"async\" aria-describedby=\"caption-attachment-42296\" class=\"size-full wp-image-42296\" src=\"https:\/\/www.uv.mx\/prensa\/files\/2018\/02\/210218-libro-calleja-100k.jpg\" alt=\"\" width=\"722\" height=\"482\" srcset=\"https:\/\/www.uv.mx\/prensa\/files\/2018\/02\/210218-libro-calleja-100k.jpg 722w, https:\/\/www.uv.mx\/prensa\/files\/2018\/02\/210218-libro-calleja-100k-300x200.jpg 300w\" sizes=\"auto, (max-width: 722px) 100vw, 722px\" \/><\/a><p id=\"caption-attachment-42296\" class=\"wp-caption-text\">La presentaci\u00f3n se efectu\u00f3 en el auditorio del IIH-S<\/p><\/div>\n<p>&nbsp;<\/p>\n<p><strong><em>Paola Cort\u00e9s P\u00e9rez<\/em><\/strong><\/p>\n<p><strong><em>21\/02\/2018, Xalapa, Ver.-<\/em><\/strong> El libro <em>Calleja. Guerra, bot\u00edn y fortuna<\/em>, de Juan Ortiz Escamilla y publicado por la Editorial de la Universidad Veracruzana (UV) y El Colegio de Michoac\u00e1n, cubre una laguna importante en la historiograf\u00eda al proveer la narrativa de quien fuera el n\u00e9mesis de los insurgentes y personaje importante dentro de la Guerra de Independencia.<\/p>\n<p>As\u00ed lo expresaron Martha Ter\u00e1n Espinosa, investigadora del Instituto Nacional de Antropolog\u00eda e Historia (INAH), y Michael Ducey, investigador del Instituto de Investigaciones Hist\u00f3rico-Sociales (IIH-S), quienes presentaron el libro la tarde del viernes 9 de febrero, en el Auditorio \u201cGonzalo Aguirre Beltr\u00e1n\u201d de esta entidad acad\u00e9mica, moderados por Edgar Garc\u00eda Valencia, titular de la Editorial UV.<\/p>\n<p>Martha Ter\u00e1n coment\u00f3 que debido a los datos \u201capetitosos\u201d mostrados sobre F\u00e9lix Mar\u00eda Calleja, este libro ya gan\u00f3 su lugar en el estante de biograf\u00edas fundamentales de los hombres de la Independencia, \u201ces esencial y fundamental\u201d.<\/p>\n<p>Expres\u00f3 que Juan Ortiz cultiva como nadie la historia militar, esto se muestra en dicho t\u00edtulo, donde relaciona los puntuales descubrimientos sobre F\u00e9lix Calleja \u2013principal hacedor de la contrainsurgencia\u2013 con sus s\u00f3lidos conocimientos sobre la Guerra de Independencia.<\/p>\n<p>Subray\u00f3 que el libro es un tremendo hallazgo de investigaciones, que cobra mayor importancia al tratarse de ganancias econ\u00f3micas producto de la devastaci\u00f3n y horror de la Guerra de Independencia, \u201cabre una gran veta de investigaci\u00f3n\u201d, agreg\u00f3.<\/p>\n<p>\u201cSe explica el origen de la fortuna Calleja-De la G\u00e1ndara, a trav\u00e9s de la informaci\u00f3n matrimonial sabemos que la dote de su riqu\u00edsima esposa (do\u00f1a Mar\u00eda Francisca de la G\u00e1ndara de Calleja) integra el 10 por ciento del total de la fortuna y la dote original de Calleja representa el 90 por ciento restante.<\/p>\n<p>\u201dLa fortuna parece haberse generado de las visitas que realiz\u00f3 Calleja a las provincias en la guerra de oriente, de la formaci\u00f3n de ej\u00e9rcitos y de su residencia en San Luis Potos\u00ed, as\u00ed como por negocios y transacciones que le permitieron superar con creces la dote de su esposa y su propia fortuna declarada.\u201d<\/p>\n<p>Reiter\u00f3 que F\u00e9lix Calleja entr\u00f3 a la guerra rico y tom\u00f3 las oportunidades que tuvo para hacerse de m\u00e1s botines en especie, dinero, fetiches en pedrer\u00eda y metales, botines del enemigo y beneficios por permitir el comercio; todo esto deriv\u00f3 en una gran fortuna que con gran sigilo sac\u00f3 de la Nueva Espa\u00f1a y la deposit\u00f3 en Valencia, Espa\u00f1a.<\/p>\n<p>Con relaci\u00f3n al conjunto de cap\u00edtulos, coment\u00f3 que los dos primeros est\u00e1n bien planteados y en ellos se aborda la trayectoria militar de F\u00e9lix Calleja; en el tercero, habla sobre la pol\u00edtica y gesti\u00f3n como Virrey de la Nueva Espa\u00f1a; y el \u00faltimo cap\u00edtulo es un tesoro, porque desarrolla a detalle la fortuna de Calleja.<\/p>\n<p><strong>F\u00e9lix Calleja, el n\u00e9mesis de los insurgentes<br \/>\n<\/strong>Para Michael Ducey el libro <em>Calleja. Guerra, bot\u00edn y fortuna<\/em>, resuelve una laguna importante en la historiograf\u00eda al hablar del hombre que fue el n\u00e9mesis de los insurgentes mexicanos.<\/p>\n<p>\u201cJuan Ortiz escogi\u00f3 bien al dirigir sus habilidades al desarrollo de la historia del hombre que representa el malo de la pel\u00edcula: la historia patri\u00f3tica lo ha pintado de villano, lo que ha imposibilitado entender el movimiento realista, nos hace incapaces de entender c\u00f3mo pudieron lograr tener un ej\u00e9rcito contrainsurgente de 60 mil soldados.\u201d<\/p>\n<p>El autor, destac\u00f3, no cay\u00f3 en la trampa de la historia patri\u00f3tica, trata de rehabilitar la figura de F\u00e9lix Calleja, \u201centiende primero que las historias de Darth Vader son m\u00e1s interesantes que de las de Luke Skywalker. Los malos tambi\u00e9n hacen historia\u201d.<\/p>\n<p>El autor revela c\u00f3mo el general Calleja practic\u00f3 el poder en una situaci\u00f3n revolucionaria, resultando ser un h\u00e1bil pol\u00edtico al ser capaz de desplazar al Virrey y asegurarse el virreinato para s\u00ed mismo, y con ello acumular todo el poder posible en sus manos.<\/p>\n<p>Describe c\u00f3mo el aparato militar se fortaleci\u00f3 durante estos a\u00f1os, periodo que Juan Ortiz describe como la dictadura militar, ya que su proyecto fue imponer milicias en cada pueblo y permitir que los oficiales tuvieran mayor autoridad.<\/p>\n<p>Con relaci\u00f3n a la estructura del libro, se\u00f1al\u00f3 que el \u00faltimo cap\u00edtulo es relevante porque presenta una relaci\u00f3n pormenorizada de sus dineros, bienes e incluso de su ropa, que implic\u00f3 la revisi\u00f3n meticulosa de testamentos, actos protocolarios, notar\u00edas y archivos de ambos lados del Atl\u00e1ntico.<\/p>\n<p>\u201cM\u00e1s all\u00e1 de los bienes, nos demuestra c\u00f3mo transform\u00f3 el bot\u00edn de guerra en una fortuna que sobrevivi\u00f3 muchos a\u00f1os, permiti\u00e9ndole establecer un linaje noble en Valencia que perdura hasta hoy en d\u00eda.\u201d<\/p>\n<p>Para anotar lo anterior, el historiador Juan Ortiz tuvo que demostrar c\u00f3mo el bot\u00edn de guerra \u2013ganado con violencia y extorsi\u00f3n\u2013 fue transferido al viejo mundo sin levantar sospechas de las autoridades, para luego convertirlo en inversiones en Valencia, \u201csu historia es algo similar a lo que podemos ver actualmente en el pa\u00eds\u201d.<\/p>\n<p>Ahora, resalt\u00f3, se puede saber que utiliz\u00f3 la fortuna de su esposa para encubrir la extensi\u00f3n real de los bienes adquiridos, incluso a trav\u00e9s de esta narraci\u00f3n se sabe qu\u00e9 pas\u00f3 con el dinero que hurg\u00f3 de M\u00e9xico a principios del siglo XIX.<\/p>\n<p>\u201cSiempre se ha comentado el precio de la descapitalizaci\u00f3n que sufri\u00f3 el pa\u00eds a ra\u00edz de la guerra. La p\u00e9rdida de M\u00e9xico fue la ganancia para Valencia.\u201d<\/p>\n<p>Por \u00faltimo, Juan Ortiz comparti\u00f3 que fue complicado escribir este libro por la dispersi\u00f3n de la informaci\u00f3n, pero est\u00e1 satisfecho con el resultado obtenido.<\/p>\n<p>\u201cLo plasmado en este libro son cosas que nos permiten reflexionar sobre lo sucedido en una guerra, sobre todo en tiempos como los vividos actualmente en el pa\u00eds.\u201d<\/p>\n","protected":false},"excerpt":{"rendered":"<p><strong><em>Paola Cort\u00e9s.-<\/em><\/strong> La obra de Juan Ortiz Escamilla, publicada por la Editorial UV y El Colegio de Michoac\u00e1n, fue presentada en el Instituto de Investigaciones Hist\u00f3rico-Sociales<\/p>\n","protected":false},"author":1775,"featured_media":42296,"comment_status":"closed","ping_status":"closed","sticky":false,"template":"","format":"standard","meta":{"footnotes":""},"categories":[1],"tags":[2287,1198,2289,2290,2288,586,4164],"class_list":["post-42295","post","type-post","status-publish","format-standard","has-post-thumbnail","hentry","category-general","tag-calleja-guerra-botin-y-fortuna","tag-editorial","tag-el-colegio-de-michoacan","tag-guerra-de-independencia","tag-juan-ortiz-escamilla","tag-libro","tag-paola-cortes-perez"],"_links":{"self":[{"href":"https:\/\/www.uv.mx\/prensa\/wp-json\/wp\/v2\/posts\/42295","targetHints":{"allow":["GET"]}}],"collection":[{"href":"https:\/\/www.uv.mx\/prensa\/wp-json\/wp\/v2\/posts"}],"about":[{"href":"https:\/\/www.uv.mx\/prensa\/wp-json\/wp\/v2\/types\/post"}],"author":[{"embeddable":true,"href":"https:\/\/www.uv.mx\/prensa\/wp-json\/wp\/v2\/users\/1775"}],"replies":[{"embeddable":true,"href":"https:\/\/www.uv.mx\/prensa\/wp-json\/wp\/v2\/comments?post=42295"}],"version-history":[{"count":1,"href":"https:\/\/www.uv.mx\/prensa\/wp-json\/wp\/v2\/posts\/42295\/revisions"}],"predecessor-version":[{"id":95474,"href":"https:\/\/www.uv.mx\/prensa\/wp-json\/wp\/v2\/posts\/42295\/revisions\/95474"}],"wp:featuredmedia":[{"embeddable":true,"href":"https:\/\/www.uv.mx\/prensa\/wp-json\/wp\/v2\/media\/42296"}],"wp:attachment":[{"href":"https:\/\/www.uv.mx\/prensa\/wp-json\/wp\/v2\/media?parent=42295"}],"wp:term":[{"taxonomy":"category","embeddable":true,"href":"https:\/\/www.uv.mx\/prensa\/wp-json\/wp\/v2\/categories?post=42295"},{"taxonomy":"post_tag","embeddable":true,"href":"https:\/\/www.uv.mx\/prensa\/wp-json\/wp\/v2\/tags?post=42295"}],"curies":[{"name":"wp","href":"https:\/\/api.w.org\/{rel}","templated":true}]}}