{"id":42129,"date":"2018-02-16T19:19:21","date_gmt":"2018-02-17T01:19:21","guid":{"rendered":"https:\/\/www.uv.mx\/prensa\/?p=42129"},"modified":"2018-02-16T19:19:21","modified_gmt":"2018-02-17T01:19:21","slug":"miguel-alvarez-gandara-hablara-de-la-paz-en-la-uv","status":"publish","type":"post","link":"https:\/\/www.uv.mx\/prensa\/eventos\/miguel-alvarez-gandara-hablara-de-la-paz-en-la-uv\/","title":{"rendered":"Miguel \u00c1lvarez G\u00e1ndara hablar\u00e1 de la paz en la UV"},"content":{"rendered":"<ul>\n<li><em>El Premio Nacional de Derechos Humanos 2017 dar\u00e1 una conferencia el 22 de febrero en el Auditorio del MAX<\/em><\/li>\n<\/ul>\n<p>&nbsp;<\/p>\n<div id=\"attachment_42128\" style=\"width: 732px\" class=\"wp-caption alignnone\"><a href=\"https:\/\/www.uv.mx\/prensa\/files\/2018\/02\/160218-puentes-para-la-paz.jpg\"><img loading=\"lazy\" decoding=\"async\" aria-describedby=\"caption-attachment-42128\" class=\"wp-image-42128 size-full\" src=\"https:\/\/www.uv.mx\/prensa\/files\/2018\/02\/160218-puentes-para-la-paz.jpg\" alt=\"\" width=\"722\" height=\"577\" srcset=\"https:\/\/www.uv.mx\/prensa\/files\/2018\/02\/160218-puentes-para-la-paz.jpg 722w, https:\/\/www.uv.mx\/prensa\/files\/2018\/02\/160218-puentes-para-la-paz-300x240.jpg 300w, https:\/\/www.uv.mx\/prensa\/files\/2018\/02\/160218-puentes-para-la-paz-100x80.jpg 100w\" sizes=\"auto, (max-width: 722px) 100vw, 722px\" \/><\/a><p id=\"caption-attachment-42128\" class=\"wp-caption-text\">Esta actividad es organizada por el Programa Tendiendo Puentes para la Paz<\/p><\/div>\n<p>&nbsp;<\/p>\n<p><strong><em>Karina de la Paz Reyes D\u00edaz<\/em><\/strong><\/p>\n<p><strong><em>16\/02\/2018, Xalapa, Ver.- <\/em><\/strong>El Programa Tendiendo Puentes para la Paz de la Universidad Veracruzana (UV) invita a la conferencia \u201cCaminos civiles hacia la paz\u201d, que impartir\u00e1 Miguel \u00c1lvarez G\u00e1ndara, Premio Nacional de Derechos Humanos 2017 y presidente de Servicios y Asesor\u00eda para la Paz (<em>Serapaz<\/em>), el jueves 22 de febrero a las 17:00 horas en el Auditorio \u201cAlfonso Medell\u00edn Zenil\u201d del Museo de Antropolog\u00eda de Xalapa (MAX).<\/p>\n<p>Miguel \u00c1lvarez se distingue por una reconocida trayectoria de m\u00e1s de 50 a\u00f1os de trabajo en defensa de las garant\u00edas fundamentales y di\u00e1logo permanente en favor de la construcci\u00f3n de la paz, tanto en M\u00e9xico como en Am\u00e9rica Latina.<\/p>\n<p>Medios oficiales y universitarios coinciden en dar cuenta de su participaci\u00f3n -en su momento- en los di\u00e1logos entre el Gobierno Federal y el Ej\u00e9rcito Zapatista de Liberaci\u00f3n Nacional, pero tambi\u00e9n por su papel de mediador en el caso de la desaparici\u00f3n de los estudiantes normalistas de Ayotzinapa, entre otros casos.<\/p>\n<p>Cabe aclarar que sus colaboraciones han sido en movimientos y con organismos sociales, as\u00ed como civiles, acad\u00e9micos y eclesiales de este pa\u00eds y los que comprenden la regi\u00f3n latinoamericana.<\/p>\n<p>Tan s\u00f3lo <em>Serapaz<\/em> la fund\u00f3 en 1996 junto con quien fuera, obispo em\u00e9rito de San Crist\u00f3bal de las Casas, Chiapas, el ya fallecido Samuel Ruiz. Esta organizaci\u00f3n no lucrativa trabaja por la paz y el cambio social a trav\u00e9s del fortalecimiento de movimientos sociales durante sus conflictos; asimismo, impulsa la articulaci\u00f3n e iniciativas basadas en la sociedad civil.<\/p>\n<p>Rese\u00f1as sobre Miguel \u00c1lvarez destacan a personajes que influyeron en su vida, uno de ellos es el obispo Sergio M\u00e9ndez Arceo, historiador e ide\u00f3logo de la Teolog\u00eda de la Liberaci\u00f3n; el propio Samuel Ruiz, de quien fue secretario; incluso el ex rector de la Universidad Nacional Aut\u00f3noma de M\u00e9xico, Pablo Gonz\u00e1lez Casanova.<\/p>\n<p>El Premio Nacional de Derechos Humanos \u2013reconocimiento que la sociedad mexicana concede a trav\u00e9s de la Comisi\u00f3n Nacional de los Derechos Humanos a quienes han destacado en la promoci\u00f3n y defensa de los derechos humanos\u2013 lo recibi\u00f3 el pr\u00f3ximo pasado diciembre.<\/p>\n<p>Ah\u00ed, de acuerdo con el comunicado oficial de <em>Serapaz<\/em> (<a href=\"http:\/\/bit.ly\/2o4yBQb\">http:\/\/bit.ly\/2o4yBQb<\/a>), ante el presidente de la Rep\u00fablica, Enrique Pe\u00f1a Nieto, hizo un llamado a que no se aprobara la Ley de Seguridad Interior; fortalecer el respeto a la libertad de expresi\u00f3n, manifestaciones y a consolidar los procesos de di\u00e1logo e interlocuci\u00f3n en las agendas de la conflictividad que vive el pa\u00eds.<\/p>\n<p>Pero tambi\u00e9n \u201curgi\u00f3 avanzar en la ruta de verdad y justicia para los normalistas desaparecidos y asesinados de Ayotzinapa, los desaparecidos del Ej\u00e9rcito Popular Revolucionario (EPR) y las v\u00edctimas de Nochixtl\u00e1n\u201d.<\/p>\n<p>Adem\u00e1s, \u201cpidi\u00f3 el pleno reconocimiento de los Derechos de los Pueblos Ind\u00edgenas en M\u00e9xico y los Acuerdos de San Andr\u00e9s como una urgencia frente a un contexto en el que se les contin\u00faa violentando constantemente; el respeto al derecho colectivo de los pueblos y comunidades ind\u00edgenas a la libre autodeterminaci\u00f3n y a su territorio, pidiendo adem\u00e1s que se atienda el conflicto entre los municipios de Chalchihuit\u00e1n y Chenalh\u00f3, Chiapas, y la grave situaci\u00f3n de sus miles de desplazados\u201d.<\/p>\n<p>&nbsp;<\/p>\n<p>&nbsp;<\/p>\n","protected":false},"excerpt":{"rendered":"<p><strong><em>Karina Reyes.-<\/em><\/strong> El Premio Nacional de Derechos Humanos 2017 lleva 50 a\u00f1os de trabajo en defensa de la construcci\u00f3n de la paz, tanto en M\u00e9xico como en Am\u00e9rica Latina<\/p>\n","protected":false},"author":1508,"featured_media":0,"comment_status":"closed","ping_status":"closed","sticky":false,"template":"","format":"standard","meta":{"footnotes":""},"categories":[47],"tags":[],"class_list":["post-42129","post","type-post","status-publish","format-standard","hentry","category-eventos"],"_links":{"self":[{"href":"https:\/\/www.uv.mx\/prensa\/wp-json\/wp\/v2\/posts\/42129","targetHints":{"allow":["GET"]}}],"collection":[{"href":"https:\/\/www.uv.mx\/prensa\/wp-json\/wp\/v2\/posts"}],"about":[{"href":"https:\/\/www.uv.mx\/prensa\/wp-json\/wp\/v2\/types\/post"}],"author":[{"embeddable":true,"href":"https:\/\/www.uv.mx\/prensa\/wp-json\/wp\/v2\/users\/1508"}],"replies":[{"embeddable":true,"href":"https:\/\/www.uv.mx\/prensa\/wp-json\/wp\/v2\/comments?post=42129"}],"version-history":[{"count":0,"href":"https:\/\/www.uv.mx\/prensa\/wp-json\/wp\/v2\/posts\/42129\/revisions"}],"wp:attachment":[{"href":"https:\/\/www.uv.mx\/prensa\/wp-json\/wp\/v2\/media?parent=42129"}],"wp:term":[{"taxonomy":"category","embeddable":true,"href":"https:\/\/www.uv.mx\/prensa\/wp-json\/wp\/v2\/categories?post=42129"},{"taxonomy":"post_tag","embeddable":true,"href":"https:\/\/www.uv.mx\/prensa\/wp-json\/wp\/v2\/tags?post=42129"}],"curies":[{"name":"wp","href":"https:\/\/api.w.org\/{rel}","templated":true}]}}