{"id":41978,"date":"2018-02-09T20:41:02","date_gmt":"2018-02-10T02:41:02","guid":{"rendered":"https:\/\/www.uv.mx\/prensa\/?p=41978"},"modified":"2018-02-14T15:02:10","modified_gmt":"2018-02-14T21:02:10","slug":"tlen-huicani-ofrecera-concierto-romantico","status":"publish","type":"post","link":"https:\/\/www.uv.mx\/prensa\/cultura\/tlen-huicani-ofrecera-concierto-romantico\/","title":{"rendered":"Tlen Huicani ofrecer\u00e1 concierto"},"content":{"rendered":"<ul>\n<li><em>El s\u00e1bado 17 de febrero a las 19:00 horas, en Tlaqn\u00e1<\/em><\/li>\n<\/ul>\n<p>&nbsp;<\/p>\n<div id=\"attachment_41980\" style=\"width: 732px\" class=\"wp-caption aligncenter\"><a href=\"https:\/\/www.uv.mx\/prensa\/files\/2018\/02\/080218-PACHECO-Tlen-Huicani-Concierto-romantico-1100k.jpg\"><img aria-describedby=\"caption-attachment-41980\" decoding=\"async\" loading=\"lazy\" class=\"size-full wp-image-41980\" src=\"https:\/\/www.uv.mx\/prensa\/files\/2018\/02\/080218-PACHECO-Tlen-Huicani-Concierto-romantico-1100k.jpg\" alt=\"\" width=\"722\" height=\"600\" srcset=\"https:\/\/www.uv.mx\/prensa\/files\/2018\/02\/080218-PACHECO-Tlen-Huicani-Concierto-romantico-1100k.jpg 722w, https:\/\/www.uv.mx\/prensa\/files\/2018\/02\/080218-PACHECO-Tlen-Huicani-Concierto-romantico-1100k-300x249.jpg 300w\" sizes=\"(max-width: 722px) 100vw, 722px\" \/><\/a><p id=\"caption-attachment-41980\" class=\"wp-caption-text\">Alberto de la Rosa indic\u00f3 que la idea de estas audiciones surgi\u00f3 hace 32 a\u00f1os<\/p><\/div>\n<p>&nbsp;<\/p>\n<p><strong><em>Jorge V\u00e1zquez Pacheco<\/em><\/strong><\/p>\n<p><strong><em>09\/02\/18, Xalapa, Ver.-<\/em><\/strong> El ensamble folcl\u00f3rico Tlen Huicani ofrecer\u00e1 el s\u00e1bado 17 de febrero a las 19:00 horas el<em> Concierto Rom\u00e1ntico<\/em> en la sala de conciertos de Tlaqn\u00e1, Centro Cultural, inform\u00f3 Alberto de la Rosa, el \u00fanico de los instrumentistas originales de esta agrupaci\u00f3n que en septiembre de este a\u00f1o cumplir\u00e1 45 a\u00f1os de su adscripci\u00f3n a la Universidad Veracruzana (UV).<\/p>\n<p>\u201cHemos seleccionado una serie de piezas procedentes de la tradici\u00f3n de Am\u00e9rica Latina\u201d, mencion\u00f3. \u201cEn M\u00e9xico hay cantos regionales que con el tiempo se han perdido, un ejemplo de ello es la canci\u00f3n <em>Pocito de Nacaquinia<\/em>, t\u00edpica de Misantla y autor\u00eda de Jes\u00fas Mart\u00ednez Gil. Tambi\u00e9n los huapangos de Rub\u00e9n Fuentes que ya poco se escuchan, independientemente de tonadas procedentes de Argentina, Ecuador, Per\u00fa, Venezuela y Colombia\u201d.<\/p>\n<p>Viene a la charla la creatividad de Lorenzo Barcelata, originario de Tlalixcoyan y creador del c\u00e9lebre vals <em>Mar\u00eda Elena <\/em>que, por cierto, permanece en el olvido. El desconocimiento hacia la obra de Barcelata ha motivado que se le atribuyan, en opini\u00f3n de De la Rosa, tonadas que no fueron de su autor\u00eda, como <em>El Cascabel<\/em> y una versi\u00f3n de <em>La<\/em> <em>Bamba <\/em>que hoy casi nadie conoce.<\/p>\n<p>\u201cLos productores, en los inicios de los registros discogr\u00e1ficos, sol\u00edan exigir que a las tonadas tradicionales se les asignara un autor. De ese modo muchos temas antiguos han sido atribuidos a Elpidio Ram\u00edrez. El mismo Lino Ch\u00e1vez, formidable requintista jarocho, me comentaba que por instrucciones del productor se atribuyeron a \u00e9l canciones que no compuso.\u201d<\/p>\n<p>Acerca de la vigencia de los conciertos rom\u00e1nticos, el arpista y jaranero indic\u00f3 que la idea surgi\u00f3 hace 32 a\u00f1os, cuando en M\u00e9xico se impon\u00eda la moda de las canciones de procedencia sudamericana. \u201cSe me ocurri\u00f3 montar audiciones en que se destacara la m\u00fasica con arpa veracruzana, mucha de ella compuesta en el contexto de la tradici\u00f3n rom\u00e1ntica. Inicialmente las denominamos <em>Am\u00e9rica rom\u00e1ntica<\/em> y la primera la ofrecimos justamente por estas fechas de febrero. A la gente le gust\u00f3 y nos pidieron que hici\u00e9ramos m\u00e1s conciertos as\u00ed\u201d.<\/p>\n<p>De la Rosa indic\u00f3 que en los \u00faltimos a\u00f1os enfrentaron problemas para la realizaci\u00f3n de estas jornadas, a falta de un recinto adecuado. \u201cLo hicimos en los auditorios del SNTE y del Museo de Antropolog\u00eda, as\u00ed como en el foro abierto de la Casa del Lago; todos ante una audiencia que soport\u00f3 estoicamente las incomodidades. Hoy la Direcci\u00f3n General de Difusi\u00f3n Cultural nos ha conseguirnos un recinto simb\u00f3lico y emblem\u00e1tico de la UV, como es la sala Tlaqn\u00e1\u201d.<\/p>\n<p>Acerca de la actual conformaci\u00f3n de Tlen Huicani, el entrevistado coment\u00f3 que hay ensamble para rato. \u201cEl tiempo es inexorable y todos los elementos que iniciaron esto se han retirado, excepto yo\u00bb.<\/p>\n<p>Habl\u00f3 de la renovaci\u00f3n de elementos: \u00abContamos con j\u00f3venes de enorme empuje como Horacio Mart\u00ednez, talentoso nieto del legendario timbalista de la Orquesta Sinf\u00f3nica de Xalapa, Ernesto Mart\u00ednez; Ra\u00fal Monge, compositor, arpista y promotor de la m\u00fasica veracruzana en Coatepec; Iv\u00e1n Velasco, quien a la par de su labor en la Universidad de Texas ha logrado que los grupos de mariachis adopten el arpa veracruzana en su formaci\u00f3n instrumental. Y qu\u00e9 decir de los hermanos Melgarejo, experimentados m\u00fasicos con muchos a\u00f1os de experiencia\u201d.<\/p>\n<p>Finalmente, Alberto de la Rosa extiende la invitaci\u00f3n a todo p\u00fablico para acompa\u00f1arlos en el recinto ubicado en el Campus para la Cultura, las Artes y el Deporte. \u201cHay mucha gente que a\u00fan no conoce esta extraordinaria sala de conciertos y \u00e9sta habr\u00e1 de ser una excelente oportunidad\u201d.<\/p>\n<p>&nbsp;<\/p>\n<div id=\"attachment_41981\" style=\"width: 732px\" class=\"wp-caption aligncenter\"><a href=\"https:\/\/www.uv.mx\/prensa\/files\/2018\/02\/080218-PACHECO-Tlen-Huicani-Concierto-romantico-2100k.jpg\"><img aria-describedby=\"caption-attachment-41981\" decoding=\"async\" loading=\"lazy\" class=\"size-full wp-image-41981\" src=\"https:\/\/www.uv.mx\/prensa\/files\/2018\/02\/080218-PACHECO-Tlen-Huicani-Concierto-romantico-2100k.jpg\" alt=\"\" width=\"722\" height=\"481\" srcset=\"https:\/\/www.uv.mx\/prensa\/files\/2018\/02\/080218-PACHECO-Tlen-Huicani-Concierto-romantico-2100k.jpg 722w, https:\/\/www.uv.mx\/prensa\/files\/2018\/02\/080218-PACHECO-Tlen-Huicani-Concierto-romantico-2100k-300x200.jpg 300w\" sizes=\"(max-width: 722px) 100vw, 722px\" \/><\/a><p id=\"caption-attachment-41981\" class=\"wp-caption-text\">El ensamble folcl\u00f3rico cumplir\u00e1 45 a\u00f1os de pertenecer a la UV bb<\/p><\/div>\n","protected":false},"excerpt":{"rendered":"<p><strong><em>Jorge V\u00e1zquez.-<\/em><\/strong> Alberto de la Rosa, miembro original de la agrupaci\u00f3n, indic\u00f3 que la idea de estas audiciones surgi\u00f3 hace 32 a\u00f1os<\/p>\n","protected":false},"author":1869,"featured_media":41980,"comment_status":"closed","ping_status":"closed","sticky":false,"template":"","format":"standard","meta":[],"categories":[11],"tags":[145],"_links":{"self":[{"href":"https:\/\/www.uv.mx\/prensa\/wp-json\/wp\/v2\/posts\/41978"}],"collection":[{"href":"https:\/\/www.uv.mx\/prensa\/wp-json\/wp\/v2\/posts"}],"about":[{"href":"https:\/\/www.uv.mx\/prensa\/wp-json\/wp\/v2\/types\/post"}],"author":[{"embeddable":true,"href":"https:\/\/www.uv.mx\/prensa\/wp-json\/wp\/v2\/users\/1869"}],"replies":[{"embeddable":true,"href":"https:\/\/www.uv.mx\/prensa\/wp-json\/wp\/v2\/comments?post=41978"}],"version-history":[{"count":0,"href":"https:\/\/www.uv.mx\/prensa\/wp-json\/wp\/v2\/posts\/41978\/revisions"}],"wp:featuredmedia":[{"embeddable":true,"href":"https:\/\/www.uv.mx\/prensa\/wp-json\/wp\/v2\/media\/41980"}],"wp:attachment":[{"href":"https:\/\/www.uv.mx\/prensa\/wp-json\/wp\/v2\/media?parent=41978"}],"wp:term":[{"taxonomy":"category","embeddable":true,"href":"https:\/\/www.uv.mx\/prensa\/wp-json\/wp\/v2\/categories?post=41978"},{"taxonomy":"post_tag","embeddable":true,"href":"https:\/\/www.uv.mx\/prensa\/wp-json\/wp\/v2\/tags?post=41978"}],"curies":[{"name":"wp","href":"https:\/\/api.w.org\/{rel}","templated":true}]}}