{"id":41952,"date":"2018-02-09T19:06:40","date_gmt":"2018-02-10T01:06:40","guid":{"rendered":"https:\/\/www.uv.mx\/prensa\/?p=41952"},"modified":"2018-02-09T19:06:40","modified_gmt":"2018-02-10T01:06:40","slug":"uv-ayuda-a-posicionar-a-la-danza-elia-mrak","status":"publish","type":"post","link":"https:\/\/www.uv.mx\/prensa\/cultura\/uv-ayuda-a-posicionar-a-la-danza-elia-mrak\/","title":{"rendered":"UV ayuda a posicionar a la danza: Elia Mrak"},"content":{"rendered":"<ul>\n<li><em>El maestro estadounidense considera que la danza es una herramienta que permite interactuar con grupos y comunidades, adem\u00e1s de celebrar la vida<\/em><\/li>\n<\/ul>\n<p><em>\u00a0<\/em><\/p>\n<div id=\"attachment_41934\" style=\"width: 732px\" class=\"wp-caption aligncenter\"><a href=\"https:\/\/www.uv.mx\/prensa\/files\/2018\/02\/Elia-Mrak-Curso.jpg\"><img loading=\"lazy\" decoding=\"async\" aria-describedby=\"caption-attachment-41934\" class=\"size-full wp-image-41934\" src=\"https:\/\/www.uv.mx\/prensa\/files\/2018\/02\/Elia-Mrak-Curso.jpg\" alt=\"\" width=\"722\" height=\"483\" srcset=\"https:\/\/www.uv.mx\/prensa\/files\/2018\/02\/Elia-Mrak-Curso.jpg 722w, https:\/\/www.uv.mx\/prensa\/files\/2018\/02\/Elia-Mrak-Curso-300x201.jpg 300w\" sizes=\"auto, (max-width: 722px) 100vw, 722px\" \/><\/a><p id=\"caption-attachment-41934\" class=\"wp-caption-text\">El bailar\u00edn y core\u00f3grafo imparti\u00f3 el Taller Danzante en la Facultad de Danza<\/p><\/div>\n<p>&nbsp;<\/p>\n<p>&nbsp;<\/p>\n<p><strong><em>Carlos Hugo Hermida Rosales<\/em><\/strong><\/p>\n<p><strong><em>09\/02\/18, Xalapa, Ver.- <\/em><\/strong>Elia Mrak, investigador y maestro de danza contempor\u00e1nea, concibe el cuerpo humano como un medio de transformaci\u00f3n y como una herramienta para mejorar la salud, para interactuar con grupos y comunidades, pero sobre todo como un canal para celebrar la vida.<\/p>\n<p>El tambi\u00e9n bailar\u00edn y core\u00f3grafo imparti\u00f3 el Taller Danzante, del 5 al 9 de febrero, en la Facultad de Danza de la Universidad Veracruzana (UV), a estudiantes y egresados de esta entidad acad\u00e9mica.<\/p>\n<p>En el taller se trabaja con la terapia oriental de Qi Gong, que consiste en ejercicios respiratorios, f\u00edsicos y mentales para fortalecer el organismo, adem\u00e1s prepara el cuerpo para potenciar el estado f\u00edsico y usarlo para expresar, comunicar y transitar emociones.<\/p>\n<p>\u201cDentro de esta capacitaci\u00f3n los participantes calientan cada d\u00eda por medio de juegos, tanto con la palabra y el cuerpo, con el objetivo de buscar al ni\u00f1o interior que habita en cada uno\u201d, comparti\u00f3.<\/p>\n<p>El docente asegur\u00f3 que los participantes se mostraron muy dispuestos en todo momento, con una mentalidad abierta y muchas ganas de aprender, aprovechar, tomar riesgos y crecer.<\/p>\n<p>A\u00f1adi\u00f3 que impartir este taller fue una muy grata experiencia dentro de su trayectoria profesional, ya que ha aprendido mucho de sus alumnos al mostrarles entrenamientos y perspectivas de la danza distintas de las habituales. Adem\u00e1s, el trato de la comunidad y de las autoridades de la UV fue estupendo.<\/p>\n<p>Elia Mrak enunci\u00f3 que dentro de la danza existen muchos caminos y senderos para aprenderla, todos son v\u00e1lidos siempre y cuando salgan del coraz\u00f3n, por lo cual se deben valorar todas las rutas de aprendizaje.<\/p>\n<p>\u201cCada danzante tiene un crecimiento y camino distinto dentro de su formaci\u00f3n, ya que cada quien avanza a su propia manera; espero que los participantes de este taller se lleven conocimiento muy concreto que toque sus relaciones personales\u201d, enfatiz\u00f3.<\/p>\n<p>El acad\u00e9mico asever\u00f3 que Xalapa y la Universidad Veracruzana son referentes del arte en M\u00e9xico, y que la UV ayuda con gran fuerza a posicionar el arte de la danza dentro y fuera del pa\u00eds.<\/p>\n","protected":false},"excerpt":{"rendered":"<p><strong><em>Carlos Hermida.-<\/em><\/strong> El maestro, bailar\u00edn y core\u00f3grafo estadounidense imparti\u00f3 el Taller Danzante con la terapia Qi Gong, que consiste en ejercicios respiratorios, f\u00edsicos y mentales para fortalecer el organismo<\/p>\n","protected":false},"author":1869,"featured_media":41934,"comment_status":"closed","ping_status":"closed","sticky":false,"template":"","format":"standard","meta":{"footnotes":""},"categories":[11],"tags":[138],"class_list":["post-41952","post","type-post","status-publish","format-standard","has-post-thumbnail","hentry","category-cultura","tag-facultad-de-danza"],"_links":{"self":[{"href":"https:\/\/www.uv.mx\/prensa\/wp-json\/wp\/v2\/posts\/41952","targetHints":{"allow":["GET"]}}],"collection":[{"href":"https:\/\/www.uv.mx\/prensa\/wp-json\/wp\/v2\/posts"}],"about":[{"href":"https:\/\/www.uv.mx\/prensa\/wp-json\/wp\/v2\/types\/post"}],"author":[{"embeddable":true,"href":"https:\/\/www.uv.mx\/prensa\/wp-json\/wp\/v2\/users\/1869"}],"replies":[{"embeddable":true,"href":"https:\/\/www.uv.mx\/prensa\/wp-json\/wp\/v2\/comments?post=41952"}],"version-history":[{"count":0,"href":"https:\/\/www.uv.mx\/prensa\/wp-json\/wp\/v2\/posts\/41952\/revisions"}],"wp:featuredmedia":[{"embeddable":true,"href":"https:\/\/www.uv.mx\/prensa\/wp-json\/wp\/v2\/media\/41934"}],"wp:attachment":[{"href":"https:\/\/www.uv.mx\/prensa\/wp-json\/wp\/v2\/media?parent=41952"}],"wp:term":[{"taxonomy":"category","embeddable":true,"href":"https:\/\/www.uv.mx\/prensa\/wp-json\/wp\/v2\/categories?post=41952"},{"taxonomy":"post_tag","embeddable":true,"href":"https:\/\/www.uv.mx\/prensa\/wp-json\/wp\/v2\/tags?post=41952"}],"curies":[{"name":"wp","href":"https:\/\/api.w.org\/{rel}","templated":true}]}}