{"id":41837,"date":"2018-02-08T10:08:16","date_gmt":"2018-02-08T16:08:16","guid":{"rendered":"https:\/\/www.uv.mx\/prensa\/?p=41837"},"modified":"2021-10-20T09:42:03","modified_gmt":"2021-10-20T14:42:03","slug":"revista-rua-es-indexada-a-catalogo-de-latindex","status":"publish","type":"post","link":"https:\/\/www.uv.mx\/prensa\/general\/revista-rua-es-indexada-a-catalogo-de-latindex\/","title":{"rendered":"Revista RUA es indexada a cat\u00e1logo de Latindex"},"content":{"rendered":"<ul>\n<li><em>La publicaci\u00f3n de la Facultad de Arquitectura podr\u00e1 ser consultada por investigadores, docentes y alumnos de todo el mundo<\/em><\/li>\n<li><em>A partir del n\u00famero 20, correspondiente al periodo julio-diciembre 2018, mudar\u00e1 del formato impreso al digital<\/em><\/li>\n<\/ul>\n<p>&nbsp;<\/p>\n<div id='gallery-1' class='gallery galleryid-41837 gallery-columns-2 gallery-size-full'><dl class='gallery-item'>\n\t\t\t<dt class='gallery-icon landscape'>\n\t\t\t\t<a href='https:\/\/www.uv.mx\/prensa\/files\/2018\/02\/080218-Revista-RUA-1-100k.jpg'><img loading=\"lazy\" decoding=\"async\" width=\"722\" height=\"481\" src=\"https:\/\/www.uv.mx\/prensa\/files\/2018\/02\/080218-Revista-RUA-1-100k.jpg\" class=\"attachment-full size-full\" alt=\"\" aria-describedby=\"gallery-1-41834\" srcset=\"https:\/\/www.uv.mx\/prensa\/files\/2018\/02\/080218-Revista-RUA-1-100k.jpg 722w, https:\/\/www.uv.mx\/prensa\/files\/2018\/02\/080218-Revista-RUA-1-100k-300x200.jpg 300w\" sizes=\"auto, (max-width: 722px) 100vw, 722px\" \/><\/a>\n\t\t\t<\/dt>\n\t\t\t\t<dd class='wp-caption-text gallery-caption' id='gallery-1-41834'>\n\t\t\t\tLa revista RUA, nueve a\u00f1os de publicaci\u00f3n ininterrumpida\n\t\t\t\t<\/dd><\/dl><dl class='gallery-item'>\n\t\t\t<dt class='gallery-icon landscape'>\n\t\t\t\t<a href='https:\/\/www.uv.mx\/prensa\/files\/2018\/02\/080218-Revista-RUA-2-100k.jpg'><img loading=\"lazy\" decoding=\"async\" width=\"722\" height=\"481\" src=\"https:\/\/www.uv.mx\/prensa\/files\/2018\/02\/080218-Revista-RUA-2-100k.jpg\" class=\"attachment-full size-full\" alt=\"\" aria-describedby=\"gallery-1-41836\" srcset=\"https:\/\/www.uv.mx\/prensa\/files\/2018\/02\/080218-Revista-RUA-2-100k.jpg 722w, https:\/\/www.uv.mx\/prensa\/files\/2018\/02\/080218-Revista-RUA-2-100k-300x200.jpg 300w\" sizes=\"auto, (max-width: 722px) 100vw, 722px\" \/><\/a>\n\t\t\t<\/dt>\n\t\t\t\t<dd class='wp-caption-text gallery-caption' id='gallery-1-41836'>\n\t\t\t\tDaniel Rolando Mart\u00ed Capitanachi\n\t\t\t\t<\/dd><\/dl><br style=\"clear: both\" \/>\n\t\t<\/div>\n\n<p>&nbsp;<\/p>\n<p><strong><em>Carlos Hugo Hermida Rosales<\/em><\/strong><\/p>\n<p><strong><em>08\/02\/2018, Xalapa, Ver.-<\/em><\/strong> La revista <em>Red Universitaria de Urbanismo y Arquitectura (RUA)<\/em>, \u00f3rgano oficial de divulgaci\u00f3n de las investigaciones de la Facultad de Arquitectura de la Universidad Veracruzana (UV), fue indexada en el cat\u00e1logo del Sistema Regional de Informaci\u00f3n en L\u00ednea para Revistas Cient\u00edficas de Am\u00e9rica Latina, el Caribe, Espa\u00f1a y Portugal (<em>Latindex<\/em>), el cual depende de la Universidad Nacional Aut\u00f3noma de M\u00e9xico (UNAM).<\/p>\n<p>Daniel Rolando Mart\u00ed Capitanachi, acad\u00e9mico de tiempo completo de la Facultad de Arquitectura y miembro del comit\u00e9 editorial de RUA, explic\u00f3 que esta indexaci\u00f3n se logr\u00f3 gracias a gestiones que duraron a\u00f1o y medio, en las que se demostr\u00f3 la calidad de esta revista y se cumplieron determinados requisitos, entre ellos que tuviera al menos tres a\u00f1os de existencia.<\/p>\n<p>Relat\u00f3 que <em>RUA<\/em> es una revista semestral que tiene nueve a\u00f1os de publicaci\u00f3n ininterrumpida, tiempo durante el cual ha recibido el apoyo de tres administraciones distintas de la Facultad de Arquitectura, as\u00ed como la colaboraci\u00f3n de una gran cantidad de investigadores, docentes y estudiantes.<\/p>\n<p>\u201cEntres los colaboradores que han participado se encuentran arquitectos de gran renombre como <em>Roberto Goycoolea Prado, profesionista muy reconocido en el \u00e1mbito de investigaci\u00f3n arquitect\u00f3nica y urbana, y Eloy M\u00e9ndez Sainz, investigador nacional que destaca por su compromiso para el territorio y el turismo\u201d, comparti\u00f3.<\/em><\/p>\n<p><em>A\u00f1adi\u00f3 que asimismo RUA ha permitido difundir muchos trabajos de investigaci\u00f3n de alumnos de la Facultad de Arquitectura, tanto de licenciatura como de maestr\u00eda.<\/em><\/p>\n<p>Daniel Mart\u00ed declar\u00f3 que el que <em>RUA<\/em> haya sido indexada por <em>Latindex<\/em> habla de que los art\u00edculos publicados en ella tienen gran seriedad y calidad, est\u00e1n vigentes y son ampliamente consultados.<\/p>\n<p><em>Manifest\u00f3 que al formar parte de la base de datos de <\/em><em>Latindex<\/em>, las investigaciones publicadas en <em>RUA<\/em> ya no se ci\u00f1en a la distribuci\u00f3n propia de la revista, ya que ahora <em>investigadores, docentes y alumnos de cualquier latitud podr\u00e1n consultarla.<\/em><\/p>\n<p><em>El docente mencion\u00f3 que a partir del n\u00famero 20, correspondiente al periodo julio-diciembre 2018, RUA mudar\u00e1 del formato en papel al digital, debido a los cambios de la pol\u00edtica editorial de la Universidad, adem\u00e1s de las exigencias del entorno globalizado.<\/em><\/p>\n<p><em>\u201cCuando esta publicaci\u00f3n se distribuya en formato electr\u00f3nico, se podr\u00e1 trabajar sobre su distribuci\u00f3n y vinculaci\u00f3n para hacerla llegar a la mayor cantidad de lugares posibles\u201d, enunci\u00f3.<\/em><\/p>\n<p>Daniel Mart\u00ed declar\u00f3 que el siguiente paso ser\u00e1 lograr que ingrese en el \u00edndice de Revistas Mexicanas de Investigaci\u00f3n Cient\u00edfica y Tecnol\u00f3gica del Consejo Nacional de Ciencia y Tecnolog\u00eda (<em>Conacyt<\/em>), y de esta forma todas las personas interesadas en impactar en los indicadores de la UV en forma positiva, tendr\u00e1n la oportunidad de hacerlo.<\/p>\n<p>La revista <em>RUA<\/em> se puede adquirir en la Facultad de Arquitectura, ubicada en el Circuito Universitario Gonzalo Aguirre Beltr\u00e1n; la distribuci\u00f3n es gratis para estudiantes y tiene una cuota m\u00ednima de recuperaci\u00f3n para el p\u00fablico en general. En la parte final de cada n\u00famero se encuentran los requisitos de publicaci\u00f3n.<\/p>\n","protected":false},"excerpt":{"rendered":"<p><strong><em>Carlos Hermida.-<\/em><\/strong> La publicaci\u00f3n de la Facultad de Arquitectura podr\u00e1 ser consultada por investigadores, docentes y alumnos de todo el mundo<\/p>\n","protected":false},"author":1775,"featured_media":41834,"comment_status":"closed","ping_status":"closed","sticky":false,"template":"","format":"standard","meta":{"footnotes":""},"categories":[1],"tags":[2015,2016,4161,2099,2097,543,419,2098,2018,2101,2095,1251,2096,2100,101,404],"class_list":["post-41837","post","type-post","status-publish","format-standard","has-post-thumbnail","hentry","category-general","tag-america-latina","tag-caribe","tag-carlos-hugo-hermida-rosales","tag-catalogo","tag-divulgacion","tag-espana","tag-facultad-de-arquitectura","tag-indexada","tag-latindex","tag-portugal","tag-red-universitaria-de-urbanismo-y-arquitectura","tag-revista","tag-rua","tag-sistema-regional-de-informacion-en-linea-para-revistas-cientificas","tag-unam","tag-universidad-nacional-autonoma-de-mexico"],"_links":{"self":[{"href":"https:\/\/www.uv.mx\/prensa\/wp-json\/wp\/v2\/posts\/41837","targetHints":{"allow":["GET"]}}],"collection":[{"href":"https:\/\/www.uv.mx\/prensa\/wp-json\/wp\/v2\/posts"}],"about":[{"href":"https:\/\/www.uv.mx\/prensa\/wp-json\/wp\/v2\/types\/post"}],"author":[{"embeddable":true,"href":"https:\/\/www.uv.mx\/prensa\/wp-json\/wp\/v2\/users\/1775"}],"replies":[{"embeddable":true,"href":"https:\/\/www.uv.mx\/prensa\/wp-json\/wp\/v2\/comments?post=41837"}],"version-history":[{"count":1,"href":"https:\/\/www.uv.mx\/prensa\/wp-json\/wp\/v2\/posts\/41837\/revisions"}],"predecessor-version":[{"id":95358,"href":"https:\/\/www.uv.mx\/prensa\/wp-json\/wp\/v2\/posts\/41837\/revisions\/95358"}],"wp:featuredmedia":[{"embeddable":true,"href":"https:\/\/www.uv.mx\/prensa\/wp-json\/wp\/v2\/media\/41834"}],"wp:attachment":[{"href":"https:\/\/www.uv.mx\/prensa\/wp-json\/wp\/v2\/media?parent=41837"}],"wp:term":[{"taxonomy":"category","embeddable":true,"href":"https:\/\/www.uv.mx\/prensa\/wp-json\/wp\/v2\/categories?post=41837"},{"taxonomy":"post_tag","embeddable":true,"href":"https:\/\/www.uv.mx\/prensa\/wp-json\/wp\/v2\/tags?post=41837"}],"curies":[{"name":"wp","href":"https:\/\/api.w.org\/{rel}","templated":true}]}}