{"id":41823,"date":"2018-02-06T17:00:22","date_gmt":"2018-02-06T23:00:22","guid":{"rendered":"https:\/\/www.uv.mx\/prensa\/?p=41823"},"modified":"2021-10-20T09:27:55","modified_gmt":"2021-10-20T14:27:55","slug":"estudiantes-pueden-participar-en-reto-bancario","status":"publish","type":"post","link":"https:\/\/www.uv.mx\/prensa\/general\/estudiantes-pueden-participar-en-reto-bancario\/","title":{"rendered":"Estudiantes pueden  participar en reto bancario"},"content":{"rendered":"<ul>\n<li><em>La informaci\u00f3n detallada se puede consultar en <\/em><a href=\"http:\/\/bit.ly\/2CErQOy\"><em>http:\/\/bit.ly\/2CErQOy<\/em><\/a><\/li>\n<\/ul>\n<p>&nbsp;<\/p>\n<div id=\"attachment_41824\" style=\"width: 732px\" class=\"wp-caption aligncenter\"><a href=\"https:\/\/www.uv.mx\/prensa\/files\/2018\/02\/060218-Banxico-100k.jpg\"><img loading=\"lazy\" decoding=\"async\" aria-describedby=\"caption-attachment-41824\" class=\"size-full wp-image-41824\" src=\"https:\/\/www.uv.mx\/prensa\/files\/2018\/02\/060218-Banxico-100k.jpg\" alt=\"\" width=\"722\" height=\"481\" srcset=\"https:\/\/www.uv.mx\/prensa\/files\/2018\/02\/060218-Banxico-100k.jpg 722w, https:\/\/www.uv.mx\/prensa\/files\/2018\/02\/060218-Banxico-100k-300x200.jpg 300w\" sizes=\"auto, (max-width: 722px) 100vw, 722px\" \/><\/a><p id=\"caption-attachment-41824\" class=\"wp-caption-text\">Julio C\u00e9sar Contreras, estudiante de Contadur\u00eda del SEA, invit\u00f3 a participar en el \u201cReto Banxico 2018\u201d<\/p><\/div>\n<p>&nbsp;<\/p>\n<p><strong><em>David Sandoval Rodr\u00edguez<\/em><\/strong><\/p>\n<p><strong><em>06\/02\/2018, Xalapa, Ver.-<\/em><\/strong> Estudiantes de la Universidad Veracruzana (UV) pueden participar en el concurso promovido por el Banco de M\u00e9xico (<em>Banxico<\/em>) denominado \u201cReto Banxico 2018\u201d, que busca conocer las opiniones respecto a las pol\u00edticas monetarias del pa\u00eds, explic\u00f3 Julio C\u00e9sar Contreras Guti\u00e9rrez, estudiante del sexto semestre de la Licenciatura en Contadur\u00eda del Sistema de Ense\u00f1anza Abierta (SEA).<\/p>\n<p>El joven es uno de los nueve alumnos de la UV que fungen como \u201cenlace universitario Banxico\u201d y entre sus tareas est\u00e1 la promoci\u00f3n y difusi\u00f3n de las actividades de la entidad gubernamental entre la comunidad estudiantil.<\/p>\n<p>El \u201cReto Banxico\u201d es un certamen acad\u00e9mico especializado dirigido a los estudiantes de nivel licenciatura en M\u00e9xico que busca fomentar una mejor comprensi\u00f3n del objetivo, las finalidades y las funciones del Banco de M\u00e9xico promoviendo una relaci\u00f3n m\u00e1s estrecha, din\u00e1mica y de cooperaci\u00f3n con alumnos, profesores e instituciones educativas.<\/p>\n<p>En el caso de la citada convocatoria, los tres mejores trabajos defender\u00e1n su postura ante un jurado integrado por funcionarios del Banco de M\u00e9xico.<\/p>\n<p>Contreras Guti\u00e9rrez explic\u00f3 que solicit\u00f3 ingresar como enlace universitario ante la instituci\u00f3n y posterior al proceso de selecci\u00f3n se estableci\u00f3 un plan de trabajo consensuado para este a\u00f1o, entre dichas actividades est\u00e1 la difusi\u00f3n del \u201cReto Banxico\u201d.<\/p>\n<p>\u201cNuestro inter\u00e9s est\u00e1 en acercar esta convocatoria a la comunidad estudiantil para que lo puedan conocer y participar activamente\u201d, dijo.<\/p>\n<p>El reto se basa en la pregunta \u201c\u00bfQu\u00e9 piensas sobre la pol\u00edtica monetaria?\u201d y para responderla, los estudiantes deber\u00e1n trabajar por equipos en la elaboraci\u00f3n de un documento.<\/p>\n<p>La informaci\u00f3n detallada se puede consultar en el sitio de Internet: <a href=\"http:\/\/educa.banxico.org.mx\/retobanxico2018.html\">http:\/\/educa.banxico.org.mx\/retobanxico2018.html<\/a><\/p>\n<p>El periodo de inscripci\u00f3n inici\u00f3 el 1 de febrero y finalizar\u00e1 el 5 de abril a las 14:00 horas, posteriormente deber\u00e1n registrar su respectivo equipo y el documento con su propuesta.<\/p>\n<p>El trabajo escrito deber\u00e1 estructurarse en tres secciones: internacional, nacional y decisi\u00f3n de pol\u00edtica monetaria. La primera es un an\u00e1lisis del sector real, financiero y de pol\u00edtica monetaria e inflaci\u00f3n de los pa\u00edses avanzados y emergentes; la segunda, cubre los mismos temas para la econom\u00eda mexicana; y la \u00faltima, es un balance de riesgos de inflaci\u00f3n y crecimiento, as\u00ed como la postura de pol\u00edtica monetaria y sus motivos.<\/p>\n<p>Julio C\u00e9sar Contreras destac\u00f3 la oportunidad que brinda la convocatoria para la vinculaci\u00f3n con actividades y cuestiones reales que ata\u00f1en al sistema financiero mexicano y est\u00e1 abierta para cualquier estudiante que curse una licenciatura de la UV, sin l\u00edmite de edad y de cualquier \u00e1rea acad\u00e9mica.<\/p>\n<p>\u201cLa importancia del reto es poder trabajar de manera multidisciplinaria no s\u00f3lo en un programa como \u00e9ste del Banco de M\u00e9xico, sino tambi\u00e9n de conocer nuevas \u00e1reas de desarrollo, tanto personal como profesional\u201d, afirm\u00f3.<\/p>\n","protected":false},"excerpt":{"rendered":"<p><strong><em>David Sandoval.-<\/em><\/strong> El concurso promovido por el Banco de M\u00e9xico (Banxico), denominado \u201cReto Banxico 2018\u201d, busca conocer las opiniones respecto a las pol\u00edticas monetarias del pa\u00eds<\/p>\n","protected":false},"author":1775,"featured_media":41824,"comment_status":"closed","ping_status":"closed","sticky":false,"template":"","format":"standard","meta":{"footnotes":""},"categories":[1],"tags":[1908,2002,2005,4159,559,2004,777,2003,111],"class_list":["post-41823","post","type-post","status-publish","format-standard","has-post-thumbnail","hentry","category-general","tag-banco-de-mexico","tag-banxico","tag-contaduria-del-sistema-de-ensenanza-abierta","tag-david-sandoval-rodriguez","tag-estudiantes","tag-julio-cesar-contreras-gutierrez","tag-licenciatura","tag-reto-banxico","tag-sea"],"_links":{"self":[{"href":"https:\/\/www.uv.mx\/prensa\/wp-json\/wp\/v2\/posts\/41823","targetHints":{"allow":["GET"]}}],"collection":[{"href":"https:\/\/www.uv.mx\/prensa\/wp-json\/wp\/v2\/posts"}],"about":[{"href":"https:\/\/www.uv.mx\/prensa\/wp-json\/wp\/v2\/types\/post"}],"author":[{"embeddable":true,"href":"https:\/\/www.uv.mx\/prensa\/wp-json\/wp\/v2\/users\/1775"}],"replies":[{"embeddable":true,"href":"https:\/\/www.uv.mx\/prensa\/wp-json\/wp\/v2\/comments?post=41823"}],"version-history":[{"count":1,"href":"https:\/\/www.uv.mx\/prensa\/wp-json\/wp\/v2\/posts\/41823\/revisions"}],"predecessor-version":[{"id":95246,"href":"https:\/\/www.uv.mx\/prensa\/wp-json\/wp\/v2\/posts\/41823\/revisions\/95246"}],"wp:featuredmedia":[{"embeddable":true,"href":"https:\/\/www.uv.mx\/prensa\/wp-json\/wp\/v2\/media\/41824"}],"wp:attachment":[{"href":"https:\/\/www.uv.mx\/prensa\/wp-json\/wp\/v2\/media?parent=41823"}],"wp:term":[{"taxonomy":"category","embeddable":true,"href":"https:\/\/www.uv.mx\/prensa\/wp-json\/wp\/v2\/categories?post=41823"},{"taxonomy":"post_tag","embeddable":true,"href":"https:\/\/www.uv.mx\/prensa\/wp-json\/wp\/v2\/tags?post=41823"}],"curies":[{"name":"wp","href":"https:\/\/api.w.org\/{rel}","templated":true}]}}