{"id":41640,"date":"2018-02-02T05:59:54","date_gmt":"2018-02-02T11:59:54","guid":{"rendered":"https:\/\/www.uv.mx\/prensa\/?p=41640"},"modified":"2018-02-07T20:05:48","modified_gmt":"2018-02-08T02:05:48","slug":"esfuerzos-conjuntos-de-uv-y-setsuv-conjuran-la-huelga","status":"publish","type":"post","link":"https:\/\/www.uv.mx\/prensa\/general\/esfuerzos-conjuntos-de-uv-y-setsuv-conjuran-la-huelga\/","title":{"rendered":"Esfuerzos conjuntos de UV y  SETSUV conjuran la huelga"},"content":{"rendered":"<ul>\n<li><em>Se pactaron incrementos del 3.4 por ciento directo al salario y en 13 prestaciones<\/em><\/li>\n<\/ul>\n<p>&nbsp;<\/p>\n<div id=\"attachment_41639\" style=\"width: 732px\" class=\"wp-caption aligncenter\"><a href=\"https:\/\/www.uv.mx\/prensa\/files\/2018\/02\/UV-SETSUV-1.jpg\"><img loading=\"lazy\" decoding=\"async\" aria-describedby=\"caption-attachment-41639\" class=\"size-full wp-image-41639\" src=\"https:\/\/www.uv.mx\/prensa\/files\/2018\/02\/UV-SETSUV-1.jpg\" alt=\"\" width=\"722\" height=\"409\" srcset=\"https:\/\/www.uv.mx\/prensa\/files\/2018\/02\/UV-SETSUV-1.jpg 722w, https:\/\/www.uv.mx\/prensa\/files\/2018\/02\/UV-SETSUV-1-300x170.jpg 300w\" sizes=\"auto, (max-width: 722px) 100vw, 722px\" \/><\/a><p id=\"caption-attachment-41639\" class=\"wp-caption-text\">Autoridades universitarias y de la Secretaria de Trabajo, Previsi\u00f3n Social y Productividad de Veracruz al finalizar la negociaci\u00f3n<\/p><\/div>\n<p>&nbsp;<\/p>\n<p><strong><em>David Sandoval Rodr\u00edguez<\/em><\/strong><\/p>\n<p><strong><em>02\/02\/18 Xalapa, Ver.-<\/em><\/strong> La Universidad Veracruzana (UV) y el Sindicato Estatal de Trabajadores al Servicio de la casa de estudios (SETSUV), firmaron esta madrugada el convenio mediante el cual se conjur\u00f3 la huelga cuyo emplazamiento vencer\u00eda a las 7:00 horas de este viernes 02 de febrero.<\/p>\n<p>El convenio que finaliza el emplazamiento a huelga establece un incremento del 3.4 por ciento directo al salario as\u00ed como un incremento en 13 prestaciones, anunci\u00f3 Salvador Tapia Spinoso, secretario de Administraci\u00f3n y Finanzas de la instituci\u00f3n.<\/p>\n<p>La rectora Sara Ladr\u00f3n de Guevara extendi\u00f3 un reconocimiento a todos los involucrados por los esfuerzos que se hicieron durante este proceso y sobre todo el trabajo que realizan los agremiados d\u00eda a d\u00eda en la m\u00e1xima casa de estudios.<\/p>\n<p>\u201cEl trabajo que ustedes desempe\u00f1an es el que permite que hagamos nuestras labores sustantivas y forman una parte muy importante de nuestra comunidad\u201d, asegur\u00f3 la Rectora.<\/p>\n<p>En respuesta a las autoridades universitarias presentes, Juan Mendoza Guti\u00e9rrez, secretario general del Comit\u00e9 Ejecutivo Estatal del SETSUV, reconoci\u00f3 su disposici\u00f3n para llegar a un punto de acuerdo.<\/p>\n<p>Adem\u00e1s extendi\u00f3 un reconocimiento a Silvia Edith Mota Herrera, responsable de la Secretar\u00eda de Trabajo, Previsi\u00f3n Social y Productividad de Veracruz (STPSP), presente en el encuentro.<\/p>\n<p>\u201cFirmamos este convenio conscientes de que nuestro fin no es golpear a la Universidad Veracruzana porque entendemos la situaci\u00f3n que vive el pa\u00eds y el estado y hemos salido a luchar juntos por los intereses de la UV, nuestro centro de trabajo\u201d, reconoci\u00f3 el secretario general.<\/p>\n<p>Por su parte, Mota Herrera reconoci\u00f3 la disposici\u00f3n de ambas partes para alcanzar el arreglo conciliatorio \u201cgracias a la disposici\u00f3n que presentaron la UV y el SETSUV, con su actitud responsable para evitar un emplazamiento a huelga\u201d.<\/p>\n<p>En la Rector\u00eda tambi\u00e9n estuvieron presentes Salvador Tapia Spinoso, secretario de Administraci\u00f3n y Finanzas; Octavio Ochoa Contreras, secretario de Desarrollo Institucional; Alberto Islas Reyes, abogado general; Jos\u00e9 Ra\u00fal Trujillo, director general de Recursos Humanos; Evangelina Murcia Villag\u00f3mez, directora general de Recursos Financieros; Raciel Mart\u00ednez G\u00f3mez, director general de Comunicaci\u00f3n Universitaria, y funcionarios de las \u00e1reas de recursos humanos y financiera.<\/p>\n<p>Por parte del SETSUV participaron los integrantes del Consejo General de Huelga y del Consejo General del sindicato, los delegados sindicales de las cinco regiones universitarias, as\u00ed como Juan Manuel G\u00f3mez Guti\u00e9rrez, apoderado legal del sindicato.<\/p>\n<p>Asistieron tambi\u00e9n Mar\u00eda de la Paz Sol\u00eds Cabrera y Yazm\u00edn Vargas Hern\u00e1ndez,\u00a0presidenta y secretaria t\u00e9cnica de la Junta Local de Conciliaci\u00f3n y Arbitraje, respectivamente; y V\u00edctor Hugo Ram\u00edrez Rojas, secretario auxiliar de Conflictos Colectivos.<\/p>\n<p>Enlazados por videoconferencia presenciaron los vicerrectores Alfonso P\u00e9rez Morales, de la regi\u00f3n Veracruz; Eduardo Mart\u00ednez Canales, de Orizaba-C\u00f3rdoba; Jos\u00e9 Luis Alan\u00eds M\u00e9ndez, de Poza Rica-Tuxpan, y Carlos Lamothe Zavaleta, de Coatzacoalcos-Minatitl\u00e1n, as\u00ed como sus respectivos cuadros directivos.<\/p>\n<div id='gallery-1' class='gallery galleryid-41640 gallery-columns-2 gallery-size-full'><dl class='gallery-item'>\n\t\t\t<dt class='gallery-icon landscape'>\n\t\t\t\t<a href='https:\/\/www.uv.mx\/prensa\/files\/2018\/02\/DSC_7441-100k.jpg'><img loading=\"lazy\" decoding=\"async\" width=\"722\" height=\"482\" src=\"https:\/\/www.uv.mx\/prensa\/files\/2018\/02\/DSC_7441-100k.jpg\" class=\"attachment-full size-full\" alt=\"\" aria-describedby=\"gallery-1-41638\" srcset=\"https:\/\/www.uv.mx\/prensa\/files\/2018\/02\/DSC_7441-100k.jpg 722w, https:\/\/www.uv.mx\/prensa\/files\/2018\/02\/DSC_7441-100k-300x200.jpg 300w\" sizes=\"auto, (max-width: 722px) 100vw, 722px\" \/><\/a>\n\t\t\t<\/dt>\n\t\t\t\t<dd class='wp-caption-text gallery-caption' id='gallery-1-41638'>\n\t\t\t\tLa rectora Sara Ladr\u00f3n de Guevara y Juan Mendoza, secretario general del SETSUV, firmaron el convenio\n\t\t\t\t<\/dd><\/dl><dl class='gallery-item'>\n\t\t\t<dt class='gallery-icon landscape'>\n\t\t\t\t<a href='https:\/\/www.uv.mx\/prensa\/files\/2018\/02\/TEM0121-100k.jpg'><img loading=\"lazy\" decoding=\"async\" width=\"722\" height=\"481\" src=\"https:\/\/www.uv.mx\/prensa\/files\/2018\/02\/TEM0121-100k.jpg\" class=\"attachment-full size-full\" alt=\"\" aria-describedby=\"gallery-1-41637\" srcset=\"https:\/\/www.uv.mx\/prensa\/files\/2018\/02\/TEM0121-100k.jpg 722w, https:\/\/www.uv.mx\/prensa\/files\/2018\/02\/TEM0121-100k-300x200.jpg 300w\" sizes=\"auto, (max-width: 722px) 100vw, 722px\" \/><\/a>\n\t\t\t<\/dt>\n\t\t\t\t<dd class='wp-caption-text gallery-caption' id='gallery-1-41637'>\n\t\t\t\tLos integrantes del SETSUV atestiguaron la firma del convenio que evit\u00f3 la huelga\n\t\t\t\t<\/dd><\/dl><br style=\"clear: both\" \/>\n\t\t<\/div>\n\n","protected":false},"excerpt":{"rendered":"<p><strong><em>David Sandoval.-<\/em><\/strong> Se pactaron incrementos del 3.4 por ciento directo al salario y del dos por ciento en trece prestaciones<\/p>\n","protected":false},"author":1508,"featured_media":41641,"comment_status":"closed","ping_status":"closed","sticky":false,"template":"","format":"standard","meta":{"footnotes":""},"categories":[1],"tags":[],"class_list":["post-41640","post","type-post","status-publish","format-standard","has-post-thumbnail","hentry","category-general"],"_links":{"self":[{"href":"https:\/\/www.uv.mx\/prensa\/wp-json\/wp\/v2\/posts\/41640","targetHints":{"allow":["GET"]}}],"collection":[{"href":"https:\/\/www.uv.mx\/prensa\/wp-json\/wp\/v2\/posts"}],"about":[{"href":"https:\/\/www.uv.mx\/prensa\/wp-json\/wp\/v2\/types\/post"}],"author":[{"embeddable":true,"href":"https:\/\/www.uv.mx\/prensa\/wp-json\/wp\/v2\/users\/1508"}],"replies":[{"embeddable":true,"href":"https:\/\/www.uv.mx\/prensa\/wp-json\/wp\/v2\/comments?post=41640"}],"version-history":[{"count":0,"href":"https:\/\/www.uv.mx\/prensa\/wp-json\/wp\/v2\/posts\/41640\/revisions"}],"wp:featuredmedia":[{"embeddable":true,"href":"https:\/\/www.uv.mx\/prensa\/wp-json\/wp\/v2\/media\/41641"}],"wp:attachment":[{"href":"https:\/\/www.uv.mx\/prensa\/wp-json\/wp\/v2\/media?parent=41640"}],"wp:term":[{"taxonomy":"category","embeddable":true,"href":"https:\/\/www.uv.mx\/prensa\/wp-json\/wp\/v2\/categories?post=41640"},{"taxonomy":"post_tag","embeddable":true,"href":"https:\/\/www.uv.mx\/prensa\/wp-json\/wp\/v2\/tags?post=41640"}],"curies":[{"name":"wp","href":"https:\/\/api.w.org\/{rel}","templated":true}]}}